{"id":6139,"date":"2011-07-01T10:00:35","date_gmt":"2011-07-01T08:00:35","guid":{"rendered":"http:\/\/blog.zeit.de\/zeit-der-leser\/?p=6139"},"modified":"2011-06-30T13:10:48","modified_gmt":"2011-06-30T11:10:48","slug":"nomen-est-omen","status":"publish","type":"post","link":"https:\/\/blog.zeit.de\/zeit-der-leser\/2011\/07\/01\/nomen-est-omen\/","title":{"rendered":"Nomen est Omen"},"content":{"rendered":"<p>Ich sammle Namen \u2013 seit 35 Jahren. Angefangen hat das mit einem Kinderarzt namens Dr. Bub, dem sich die Haut\u00e4rzte Dr. Richard Pickelmann und Dr. Pilz, der HNO-Spezialist Dr. Vollnhals und der Strahlentherapeut Dr. Krebs hinzugesellten, die fu\u0308r ihre Patienten hoffentlich nie den Bestattungsdienst Philipp Leicher werden in Anspruch nehmen mu\u0308ssen.<\/p>\n<p>Was h\u00e4tten Josef Beeren, Katja Garofani (deutsch: Frau Nelken), Josephine Knospe, Herr Eichenlaub, der Niederl\u00e4nder F. Clematis und die Franz\u00f6sin Annie Salat gemacht, wenn sie nicht G\u00e4rtner geworden w\u00e4ren? M\u00f6glicherweise treffen sie sich ab und zu mit dem Gartengestalter Enzio Giardino und dem Landschafts\u00f6kologen Hans Goldammer. Auch Pierre Poivre, der Nelkenbaumsetzlinge nach Europa schmuggelte, wu\u0308rde sich in ihrer Runde vermutlich wohl fu\u0308hlen. Fu\u0308r unser Wohl sorgen Bianca Hopf als Chefin einer Wei\u00dfbierbrauerei, in einem Mu\u0308nchner Hotel der Ku\u0308chenchef Ansgar Schlemmer und auf dem Mu\u0308nchner Olympiaturm Otto Koch unter Aufsicht des Lebensmittelu\u0308berwachers Wurmseher und des Ern\u00e4hrungswissenschaftlers Hans Kalbfleisch.<\/p>\n<p>\u00dcberhaupt die Wissenschaft! Dass Alexander Unterwasser Wasserforscher werden musste \u2013 klar. Sein Schweizer Kollege Schneebeli ist Schneeforscher, Frau Prof. Ewigleben schu\u0308rft als Arch\u00e4ologin in der Vergangenheit. Und welcher Wissenschaftler tru\u0308ge nicht gern den Namen des Botanikers Johnny Lovewisdom? Martin Green als Photovoltaikfachmann hat vielleicht gemeinsame Interessen mit Martin Gru\u0308ner vom Bundesministerium fu\u0308r Umwelt. Radiomoderator John Records Landecker legt Platten auf. A. Nothnagel, Gabriele Pace und Uwe Seelmann ku\u0308mmern sich um unser Seelenheil. Sollte finanziell was schieflaufen, k\u00e4mpft Herr Ralf Steuer mit dem Finanzamt um unsere Groschen, und Peter Filzmaier besch\u00e4ftigt sich als Politikwissenschaftler mit Geben und Nehmen. Und falls Chris Moneymaker und Jamie Gold, die beide im Poker Millionensummen gewonnen haben, u\u0308berfallen werden, rufen sie einfach den Chef der US-Bundespolizei an \u2013 der hei\u00dft: John Pistole!<\/p>\n<p><em>B\u00e4rbel Rott, Freising<\/em><\/p>\n","protected":false},"excerpt":{"rendered":"<p>Ich sammle Namen \u2013 seit 35 Jahren. Angefangen hat das mit einem Kinderarzt namens Dr. Bub, dem sich die Haut\u00e4rzte Dr. Richard Pickelmann und Dr. Pilz, der HNO-Spezialist Dr. Vollnhals und der Strahlentherapeut Dr. Krebs hinzugesellten, die fu\u0308r ihre Patienten hoffentlich nie den Bestattungsdienst Philipp Leicher werden in Anspruch nehmen mu\u0308ssen. Was h\u00e4tten Josef Beeren, [&hellip;]<\/p>\n","protected":false},"author":265,"featured_media":0,"comment_status":"open","ping_status":"open","sticky":false,"template":"","format":"standard","meta":{"_jetpack_memberships_contains_paid_content":false,"footnotes":""},"categories":[1],"tags":[],"class_list":["post-6139","post","type-post","status-publish","format-standard","hentry","category-allgemein"],"yoast_head":"<!-- This site is optimized with the Yoast SEO plugin v21.0 - https:\/\/yoast.com\/wordpress\/plugins\/seo\/ -->\n<title>Nomen est Omen - ZEIT der Leser<\/title>\n<meta name=\"robots\" content=\"index, follow, max-snippet:-1, max-image-preview:large, max-video-preview:-1\" \/>\n<link rel=\"canonical\" href=\"https:\/\/blog.zeit.de\/zeit-der-leser\/2011\/07\/01\/nomen-est-omen\/\" \/>\n<meta property=\"og:locale\" content=\"de_DE\" \/>\n<meta property=\"og:type\" content=\"article\" \/>\n<meta property=\"og:title\" content=\"Nomen est Omen - ZEIT der Leser\" \/>\n<meta property=\"og:description\" content=\"Ich sammle Namen \u2013 seit 35 Jahren. Angefangen hat das mit einem Kinderarzt namens Dr. Bub, dem sich die Haut\u00e4rzte Dr. Richard Pickelmann und Dr. Pilz, der HNO-Spezialist Dr. Vollnhals und der Strahlentherapeut Dr. Krebs hinzugesellten, die fu\u0308r ihre Patienten hoffentlich nie den Bestattungsdienst Philipp Leicher werden in Anspruch nehmen mu\u0308ssen. Was h\u00e4tten Josef Beeren, [&hellip;]\" \/>\n<meta property=\"og:url\" content=\"https:\/\/blog.zeit.de\/zeit-der-leser\/2011\/07\/01\/nomen-est-omen\/\" \/>\n<meta property=\"og:site_name\" content=\"ZEIT der Leser\" \/>\n<meta property=\"article:published_time\" content=\"2011-07-01T08:00:35+00:00\" \/>\n<meta property=\"article:modified_time\" content=\"2011-06-30T11:10:48+00:00\" \/>\n<meta name=\"author\" content=\"&quot;Zeit der Leser&quot;-Redaktion\" \/>\n<meta name=\"twitter:card\" content=\"summary_large_image\" \/>\n<meta name=\"twitter:label1\" content=\"Geschrieben von\" \/>\n\t<meta name=\"twitter:data1\" content=\"\"Zeit der Leser\"-Redaktion\" \/>\n\t<meta name=\"twitter:label2\" content=\"Gesch\u00e4tzte Lesezeit\" \/>\n\t<meta name=\"twitter:data2\" content=\"2\u00a0Minuten\" \/>\n<script type=\"application\/ld+json\" class=\"yoast-schema-graph\">{\"@context\":\"https:\/\/schema.org\",\"@graph\":[{\"@type\":\"WebPage\",\"@id\":\"https:\/\/blog.zeit.de\/zeit-der-leser\/2011\/07\/01\/nomen-est-omen\/\",\"url\":\"https:\/\/blog.zeit.de\/zeit-der-leser\/2011\/07\/01\/nomen-est-omen\/\",\"name\":\"Nomen est Omen - ZEIT der Leser\",\"isPartOf\":{\"@id\":\"https:\/\/blog.zeit.de\/zeit-der-leser\/#website\"},\"datePublished\":\"2011-07-01T08:00:35+00:00\",\"dateModified\":\"2011-06-30T11:10:48+00:00\",\"author\":{\"@id\":\"https:\/\/blog.zeit.de\/zeit-der-leser\/#\/schema\/person\/583b14e5ad6368c23af846ecbde9f20f\"},\"breadcrumb\":{\"@id\":\"https:\/\/blog.zeit.de\/zeit-der-leser\/2011\/07\/01\/nomen-est-omen\/#breadcrumb\"},\"inLanguage\":\"de\",\"potentialAction\":[{\"@type\":\"ReadAction\",\"target\":[\"https:\/\/blog.zeit.de\/zeit-der-leser\/2011\/07\/01\/nomen-est-omen\/\"]}]},{\"@type\":\"BreadcrumbList\",\"@id\":\"https:\/\/blog.zeit.de\/zeit-der-leser\/2011\/07\/01\/nomen-est-omen\/#breadcrumb\",\"itemListElement\":[{\"@type\":\"ListItem\",\"position\":1,\"name\":\"Startseite\",\"item\":\"https:\/\/blog.zeit.de\/zeit-der-leser\/\"},{\"@type\":\"ListItem\",\"position\":2,\"name\":\"Nomen est Omen\"}]},{\"@type\":\"WebSite\",\"@id\":\"https:\/\/blog.zeit.de\/zeit-der-leser\/#website\",\"url\":\"https:\/\/blog.zeit.de\/zeit-der-leser\/\",\"name\":\"ZEIT der Leser\",\"description\":\"Ein Blog mit Ihren Notizen, Gedichten und Bildern f\u00fcr die gedruckte ZEIT\",\"potentialAction\":[{\"@type\":\"SearchAction\",\"target\":{\"@type\":\"EntryPoint\",\"urlTemplate\":\"https:\/\/blog.zeit.de\/zeit-der-leser\/?s={search_term_string}\"},\"query-input\":\"required name=search_term_string\"}],\"inLanguage\":\"de\"},{\"@type\":\"Person\",\"@id\":\"https:\/\/blog.zeit.de\/zeit-der-leser\/#\/schema\/person\/583b14e5ad6368c23af846ecbde9f20f\",\"name\":\"\\\"Zeit der Leser\\\"-Redaktion\",\"image\":{\"@type\":\"ImageObject\",\"inLanguage\":\"de\",\"@id\":\"https:\/\/blog.zeit.de\/zeit-der-leser\/#\/schema\/person\/image\/\",\"url\":\"https:\/\/secure.gravatar.com\/avatar\/e801a681bd3bbf2345131a815930b48d9f8e0a94de1346b624840dc850f67ad0?s=96&d=mm&r=g\",\"contentUrl\":\"https:\/\/secure.gravatar.com\/avatar\/e801a681bd3bbf2345131a815930b48d9f8e0a94de1346b624840dc850f67ad0?s=96&d=mm&r=g\",\"caption\":\"\\\"Zeit der Leser\\\"-Redaktion\"},\"url\":\"https:\/\/blog.zeit.de\/zeit-der-leser\/author\/zeit-der-leser-redaktion\/\"}]}<\/script>\n<!-- \/ Yoast SEO plugin. -->","yoast_head_json":{"title":"Nomen est Omen - ZEIT der Leser","robots":{"index":"index","follow":"follow","max-snippet":"max-snippet:-1","max-image-preview":"max-image-preview:large","max-video-preview":"max-video-preview:-1"},"canonical":"https:\/\/blog.zeit.de\/zeit-der-leser\/2011\/07\/01\/nomen-est-omen\/","og_locale":"de_DE","og_type":"article","og_title":"Nomen est Omen - ZEIT der Leser","og_description":"Ich sammle Namen \u2013 seit 35 Jahren. Angefangen hat das mit einem Kinderarzt namens Dr. Bub, dem sich die Haut\u00e4rzte Dr. Richard Pickelmann und Dr. Pilz, der HNO-Spezialist Dr. Vollnhals und der Strahlentherapeut Dr. Krebs hinzugesellten, die fu\u0308r ihre Patienten hoffentlich nie den Bestattungsdienst Philipp Leicher werden in Anspruch nehmen mu\u0308ssen. Was h\u00e4tten Josef Beeren, [&hellip;]","og_url":"https:\/\/blog.zeit.de\/zeit-der-leser\/2011\/07\/01\/nomen-est-omen\/","og_site_name":"ZEIT der Leser","article_published_time":"2011-07-01T08:00:35+00:00","article_modified_time":"2011-06-30T11:10:48+00:00","author":"\"Zeit der Leser\"-Redaktion","twitter_card":"summary_large_image","twitter_misc":{"Geschrieben von":"\"Zeit der Leser\"-Redaktion","Gesch\u00e4tzte Lesezeit":"2\u00a0Minuten"},"schema":{"@context":"https:\/\/schema.org","@graph":[{"@type":"WebPage","@id":"https:\/\/blog.zeit.de\/zeit-der-leser\/2011\/07\/01\/nomen-est-omen\/","url":"https:\/\/blog.zeit.de\/zeit-der-leser\/2011\/07\/01\/nomen-est-omen\/","name":"Nomen est Omen - ZEIT der Leser","isPartOf":{"@id":"https:\/\/blog.zeit.de\/zeit-der-leser\/#website"},"datePublished":"2011-07-01T08:00:35+00:00","dateModified":"2011-06-30T11:10:48+00:00","author":{"@id":"https:\/\/blog.zeit.de\/zeit-der-leser\/#\/schema\/person\/583b14e5ad6368c23af846ecbde9f20f"},"breadcrumb":{"@id":"https:\/\/blog.zeit.de\/zeit-der-leser\/2011\/07\/01\/nomen-est-omen\/#breadcrumb"},"inLanguage":"de","potentialAction":[{"@type":"ReadAction","target":["https:\/\/blog.zeit.de\/zeit-der-leser\/2011\/07\/01\/nomen-est-omen\/"]}]},{"@type":"BreadcrumbList","@id":"https:\/\/blog.zeit.de\/zeit-der-leser\/2011\/07\/01\/nomen-est-omen\/#breadcrumb","itemListElement":[{"@type":"ListItem","position":1,"name":"Startseite","item":"https:\/\/blog.zeit.de\/zeit-der-leser\/"},{"@type":"ListItem","position":2,"name":"Nomen est Omen"}]},{"@type":"WebSite","@id":"https:\/\/blog.zeit.de\/zeit-der-leser\/#website","url":"https:\/\/blog.zeit.de\/zeit-der-leser\/","name":"ZEIT der Leser","description":"Ein Blog mit Ihren Notizen, Gedichten und Bildern f\u00fcr die gedruckte ZEIT","potentialAction":[{"@type":"SearchAction","target":{"@type":"EntryPoint","urlTemplate":"https:\/\/blog.zeit.de\/zeit-der-leser\/?s={search_term_string}"},"query-input":"required name=search_term_string"}],"inLanguage":"de"},{"@type":"Person","@id":"https:\/\/blog.zeit.de\/zeit-der-leser\/#\/schema\/person\/583b14e5ad6368c23af846ecbde9f20f","name":"\"Zeit der Leser\"-Redaktion","image":{"@type":"ImageObject","inLanguage":"de","@id":"https:\/\/blog.zeit.de\/zeit-der-leser\/#\/schema\/person\/image\/","url":"https:\/\/secure.gravatar.com\/avatar\/e801a681bd3bbf2345131a815930b48d9f8e0a94de1346b624840dc850f67ad0?s=96&d=mm&r=g","contentUrl":"https:\/\/secure.gravatar.com\/avatar\/e801a681bd3bbf2345131a815930b48d9f8e0a94de1346b624840dc850f67ad0?s=96&d=mm&r=g","caption":"\"Zeit der Leser\"-Redaktion"},"url":"https:\/\/blog.zeit.de\/zeit-der-leser\/author\/zeit-der-leser-redaktion\/"}]}},"jetpack_featured_media_url":"","jetpack_sharing_enabled":true,"_links":{"self":[{"href":"https:\/\/blog.zeit.de\/zeit-der-leser\/wp-json\/wp\/v2\/posts\/6139","targetHints":{"allow":["GET"]}}],"collection":[{"href":"https:\/\/blog.zeit.de\/zeit-der-leser\/wp-json\/wp\/v2\/posts"}],"about":[{"href":"https:\/\/blog.zeit.de\/zeit-der-leser\/wp-json\/wp\/v2\/types\/post"}],"author":[{"embeddable":true,"href":"https:\/\/blog.zeit.de\/zeit-der-leser\/wp-json\/wp\/v2\/users\/265"}],"replies":[{"embeddable":true,"href":"https:\/\/blog.zeit.de\/zeit-der-leser\/wp-json\/wp\/v2\/comments?post=6139"}],"version-history":[{"count":2,"href":"https:\/\/blog.zeit.de\/zeit-der-leser\/wp-json\/wp\/v2\/posts\/6139\/revisions"}],"predecessor-version":[{"id":6141,"href":"https:\/\/blog.zeit.de\/zeit-der-leser\/wp-json\/wp\/v2\/posts\/6139\/revisions\/6141"}],"wp:attachment":[{"href":"https:\/\/blog.zeit.de\/zeit-der-leser\/wp-json\/wp\/v2\/media?parent=6139"}],"wp:term":[{"taxonomy":"category","embeddable":true,"href":"https:\/\/blog.zeit.de\/zeit-der-leser\/wp-json\/wp\/v2\/categories?post=6139"},{"taxonomy":"post_tag","embeddable":true,"href":"https:\/\/blog.zeit.de\/zeit-der-leser\/wp-json\/wp\/v2\/tags?post=6139"}],"curies":[{"name":"wp","href":"https:\/\/api.w.org\/{rel}","templated":true}]}}