{"id":6196,"date":"2011-07-09T10:00:39","date_gmt":"2011-07-09T08:00:39","guid":{"rendered":"http:\/\/blog.zeit.de\/zeit-der-leser\/?p=6196"},"modified":"2015-02-24T18:15:46","modified_gmt":"2015-02-24T17:15:46","slug":"mein-wort-schatz-papperlapapp","status":"publish","type":"post","link":"https:\/\/blog.zeit.de\/zeit-der-leser\/2011\/07\/09\/mein-wort-schatz-papperlapapp\/","title":{"rendered":"Papperlapapp: Mein Wort-Schatz"},"content":{"rendered":"<p>Mein Wort-Schatz ist einer fu\u0308r die Optimisten dieser Welt. Einer fu\u0308r diejenigen, die nicht alles angepasst hinnehmen oder nur machen, weil man \u00bbdas eben so tut\u00ab. Es ist das wundersch\u00f6ne W\u00f6rtchen <strong>Papperlapapp<\/strong>. Leider wei\u00df ich nicht mehr, wann das Wort in meinen Wortschatz geriet; aber ich wei\u00df genau, wann es mich jedes Mal aufs Neue begeistert: zur Weihnachtszeit in dem Kultfilm Der kleine Lord. Es ist die wunderbar herzliche Art, mit der Lady Lorradaile, die Schwester des einst so vergr\u00e4mten Earls, mit diesem Wort um sich wirft. Und damit so unbeku\u0308mmert und begeisterungsf\u00e4hig ist, wie man sich das in vielen Situationen des Lebens fu\u0308r sich selber wu\u0308nscht. Das hat etwas von mit dem Kopf durch die Wand wollen \u2013 im positiven Sinn: \u00bbAch was, wir machen das jetzt, keine Widerrede und ganz egal, ob alle uns davon abraten.\u00ab Manchmal \u2013 das gilt fu\u0308r die Politik und auch im privaten Leben \u2013 muss man einfach seinen Mut zusammennehmen, muss die ewigen Zweifler hinter sich lassen, die Sorgen u\u0308ber Bord werfen. Manchmal muss man einfach \u00bbPapperlapapp\u00ab sagen.<\/p>\n<p><strong>Gesine Heger<\/strong>, Heidelberg<\/p>\n","protected":false},"excerpt":{"rendered":"<p>Mein Wort-Schatz ist einer fu\u0308r die Optimisten dieser Welt. Einer fu\u0308r diejenigen, die nicht alles angepasst hinnehmen oder nur machen, weil man \u00bbdas eben so tut\u00ab. Es ist das wundersch\u00f6ne W\u00f6rtchen Papperlapapp. Leider wei\u00df ich nicht mehr, wann das Wort in meinen Wortschatz geriet; aber ich wei\u00df genau, wann es mich jedes Mal aufs Neue [&hellip;]<\/p>\n","protected":false},"author":265,"featured_media":0,"comment_status":"open","ping_status":"open","sticky":false,"template":"","format":"standard","meta":{"_jetpack_memberships_contains_paid_content":false,"footnotes":""},"categories":[5687],"tags":[],"class_list":["post-6196","post","type-post","status-publish","format-standard","hentry","category-mein-wort-schatz"],"yoast_head":"<!-- This site is optimized with the Yoast SEO plugin v21.0 - https:\/\/yoast.com\/wordpress\/plugins\/seo\/ -->\n<title>Papperlapapp: Mein Wort-Schatz - ZEIT der Leser<\/title>\n<meta name=\"robots\" content=\"index, follow, max-snippet:-1, max-image-preview:large, max-video-preview:-1\" \/>\n<link rel=\"canonical\" href=\"https:\/\/blog.zeit.de\/zeit-der-leser\/2011\/07\/09\/mein-wort-schatz-papperlapapp\/\" \/>\n<meta property=\"og:locale\" content=\"de_DE\" \/>\n<meta property=\"og:type\" content=\"article\" \/>\n<meta property=\"og:title\" content=\"Papperlapapp: Mein Wort-Schatz - ZEIT der Leser\" \/>\n<meta property=\"og:description\" content=\"Mein Wort-Schatz ist einer fu\u0308r die Optimisten dieser Welt. Einer fu\u0308r diejenigen, die nicht alles angepasst hinnehmen oder nur machen, weil man \u00bbdas eben so tut\u00ab. Es ist das wundersch\u00f6ne W\u00f6rtchen Papperlapapp. Leider wei\u00df ich nicht mehr, wann das Wort in meinen Wortschatz geriet; aber ich wei\u00df genau, wann es mich jedes Mal aufs Neue [&hellip;]\" \/>\n<meta property=\"og:url\" content=\"https:\/\/blog.zeit.de\/zeit-der-leser\/2011\/07\/09\/mein-wort-schatz-papperlapapp\/\" \/>\n<meta property=\"og:site_name\" content=\"ZEIT der Leser\" \/>\n<meta property=\"article:published_time\" content=\"2011-07-09T08:00:39+00:00\" \/>\n<meta property=\"article:modified_time\" content=\"2015-02-24T17:15:46+00:00\" \/>\n<meta name=\"author\" content=\"&quot;Zeit der Leser&quot;-Redaktion\" \/>\n<meta name=\"twitter:card\" content=\"summary_large_image\" \/>\n<meta name=\"twitter:label1\" content=\"Geschrieben von\" \/>\n\t<meta name=\"twitter:data1\" content=\"\"Zeit der Leser\"-Redaktion\" \/>\n\t<meta name=\"twitter:label2\" content=\"Gesch\u00e4tzte Lesezeit\" \/>\n\t<meta name=\"twitter:data2\" content=\"1\u00a0Minute\" \/>\n<script type=\"application\/ld+json\" class=\"yoast-schema-graph\">{\"@context\":\"https:\/\/schema.org\",\"@graph\":[{\"@type\":\"WebPage\",\"@id\":\"https:\/\/blog.zeit.de\/zeit-der-leser\/2011\/07\/09\/mein-wort-schatz-papperlapapp\/\",\"url\":\"https:\/\/blog.zeit.de\/zeit-der-leser\/2011\/07\/09\/mein-wort-schatz-papperlapapp\/\",\"name\":\"Papperlapapp: Mein Wort-Schatz - ZEIT der Leser\",\"isPartOf\":{\"@id\":\"https:\/\/blog.zeit.de\/zeit-der-leser\/#website\"},\"datePublished\":\"2011-07-09T08:00:39+00:00\",\"dateModified\":\"2015-02-24T17:15:46+00:00\",\"author\":{\"@id\":\"https:\/\/blog.zeit.de\/zeit-der-leser\/#\/schema\/person\/583b14e5ad6368c23af846ecbde9f20f\"},\"breadcrumb\":{\"@id\":\"https:\/\/blog.zeit.de\/zeit-der-leser\/2011\/07\/09\/mein-wort-schatz-papperlapapp\/#breadcrumb\"},\"inLanguage\":\"de\",\"potentialAction\":[{\"@type\":\"ReadAction\",\"target\":[\"https:\/\/blog.zeit.de\/zeit-der-leser\/2011\/07\/09\/mein-wort-schatz-papperlapapp\/\"]}]},{\"@type\":\"BreadcrumbList\",\"@id\":\"https:\/\/blog.zeit.de\/zeit-der-leser\/2011\/07\/09\/mein-wort-schatz-papperlapapp\/#breadcrumb\",\"itemListElement\":[{\"@type\":\"ListItem\",\"position\":1,\"name\":\"Startseite\",\"item\":\"https:\/\/blog.zeit.de\/zeit-der-leser\/\"},{\"@type\":\"ListItem\",\"position\":2,\"name\":\"Papperlapapp: Mein Wort-Schatz\"}]},{\"@type\":\"WebSite\",\"@id\":\"https:\/\/blog.zeit.de\/zeit-der-leser\/#website\",\"url\":\"https:\/\/blog.zeit.de\/zeit-der-leser\/\",\"name\":\"ZEIT der Leser\",\"description\":\"Ein Blog mit Ihren Notizen, Gedichten und Bildern f\u00fcr die gedruckte ZEIT\",\"potentialAction\":[{\"@type\":\"SearchAction\",\"target\":{\"@type\":\"EntryPoint\",\"urlTemplate\":\"https:\/\/blog.zeit.de\/zeit-der-leser\/?s={search_term_string}\"},\"query-input\":\"required name=search_term_string\"}],\"inLanguage\":\"de\"},{\"@type\":\"Person\",\"@id\":\"https:\/\/blog.zeit.de\/zeit-der-leser\/#\/schema\/person\/583b14e5ad6368c23af846ecbde9f20f\",\"name\":\"\\\"Zeit der Leser\\\"-Redaktion\",\"image\":{\"@type\":\"ImageObject\",\"inLanguage\":\"de\",\"@id\":\"https:\/\/blog.zeit.de\/zeit-der-leser\/#\/schema\/person\/image\/\",\"url\":\"https:\/\/secure.gravatar.com\/avatar\/e801a681bd3bbf2345131a815930b48d9f8e0a94de1346b624840dc850f67ad0?s=96&d=mm&r=g\",\"contentUrl\":\"https:\/\/secure.gravatar.com\/avatar\/e801a681bd3bbf2345131a815930b48d9f8e0a94de1346b624840dc850f67ad0?s=96&d=mm&r=g\",\"caption\":\"\\\"Zeit der Leser\\\"-Redaktion\"},\"url\":\"https:\/\/blog.zeit.de\/zeit-der-leser\/author\/zeit-der-leser-redaktion\/\"}]}<\/script>\n<!-- \/ Yoast SEO plugin. -->","yoast_head_json":{"title":"Papperlapapp: Mein Wort-Schatz - ZEIT der Leser","robots":{"index":"index","follow":"follow","max-snippet":"max-snippet:-1","max-image-preview":"max-image-preview:large","max-video-preview":"max-video-preview:-1"},"canonical":"https:\/\/blog.zeit.de\/zeit-der-leser\/2011\/07\/09\/mein-wort-schatz-papperlapapp\/","og_locale":"de_DE","og_type":"article","og_title":"Papperlapapp: Mein Wort-Schatz - ZEIT der Leser","og_description":"Mein Wort-Schatz ist einer fu\u0308r die Optimisten dieser Welt. Einer fu\u0308r diejenigen, die nicht alles angepasst hinnehmen oder nur machen, weil man \u00bbdas eben so tut\u00ab. Es ist das wundersch\u00f6ne W\u00f6rtchen Papperlapapp. Leider wei\u00df ich nicht mehr, wann das Wort in meinen Wortschatz geriet; aber ich wei\u00df genau, wann es mich jedes Mal aufs Neue [&hellip;]","og_url":"https:\/\/blog.zeit.de\/zeit-der-leser\/2011\/07\/09\/mein-wort-schatz-papperlapapp\/","og_site_name":"ZEIT der Leser","article_published_time":"2011-07-09T08:00:39+00:00","article_modified_time":"2015-02-24T17:15:46+00:00","author":"\"Zeit der Leser\"-Redaktion","twitter_card":"summary_large_image","twitter_misc":{"Geschrieben von":"\"Zeit der Leser\"-Redaktion","Gesch\u00e4tzte Lesezeit":"1\u00a0Minute"},"schema":{"@context":"https:\/\/schema.org","@graph":[{"@type":"WebPage","@id":"https:\/\/blog.zeit.de\/zeit-der-leser\/2011\/07\/09\/mein-wort-schatz-papperlapapp\/","url":"https:\/\/blog.zeit.de\/zeit-der-leser\/2011\/07\/09\/mein-wort-schatz-papperlapapp\/","name":"Papperlapapp: Mein Wort-Schatz - ZEIT der Leser","isPartOf":{"@id":"https:\/\/blog.zeit.de\/zeit-der-leser\/#website"},"datePublished":"2011-07-09T08:00:39+00:00","dateModified":"2015-02-24T17:15:46+00:00","author":{"@id":"https:\/\/blog.zeit.de\/zeit-der-leser\/#\/schema\/person\/583b14e5ad6368c23af846ecbde9f20f"},"breadcrumb":{"@id":"https:\/\/blog.zeit.de\/zeit-der-leser\/2011\/07\/09\/mein-wort-schatz-papperlapapp\/#breadcrumb"},"inLanguage":"de","potentialAction":[{"@type":"ReadAction","target":["https:\/\/blog.zeit.de\/zeit-der-leser\/2011\/07\/09\/mein-wort-schatz-papperlapapp\/"]}]},{"@type":"BreadcrumbList","@id":"https:\/\/blog.zeit.de\/zeit-der-leser\/2011\/07\/09\/mein-wort-schatz-papperlapapp\/#breadcrumb","itemListElement":[{"@type":"ListItem","position":1,"name":"Startseite","item":"https:\/\/blog.zeit.de\/zeit-der-leser\/"},{"@type":"ListItem","position":2,"name":"Papperlapapp: Mein Wort-Schatz"}]},{"@type":"WebSite","@id":"https:\/\/blog.zeit.de\/zeit-der-leser\/#website","url":"https:\/\/blog.zeit.de\/zeit-der-leser\/","name":"ZEIT der Leser","description":"Ein Blog mit Ihren Notizen, Gedichten und Bildern f\u00fcr die gedruckte ZEIT","potentialAction":[{"@type":"SearchAction","target":{"@type":"EntryPoint","urlTemplate":"https:\/\/blog.zeit.de\/zeit-der-leser\/?s={search_term_string}"},"query-input":"required name=search_term_string"}],"inLanguage":"de"},{"@type":"Person","@id":"https:\/\/blog.zeit.de\/zeit-der-leser\/#\/schema\/person\/583b14e5ad6368c23af846ecbde9f20f","name":"\"Zeit der Leser\"-Redaktion","image":{"@type":"ImageObject","inLanguage":"de","@id":"https:\/\/blog.zeit.de\/zeit-der-leser\/#\/schema\/person\/image\/","url":"https:\/\/secure.gravatar.com\/avatar\/e801a681bd3bbf2345131a815930b48d9f8e0a94de1346b624840dc850f67ad0?s=96&d=mm&r=g","contentUrl":"https:\/\/secure.gravatar.com\/avatar\/e801a681bd3bbf2345131a815930b48d9f8e0a94de1346b624840dc850f67ad0?s=96&d=mm&r=g","caption":"\"Zeit der Leser\"-Redaktion"},"url":"https:\/\/blog.zeit.de\/zeit-der-leser\/author\/zeit-der-leser-redaktion\/"}]}},"jetpack_featured_media_url":"","jetpack_sharing_enabled":true,"_links":{"self":[{"href":"https:\/\/blog.zeit.de\/zeit-der-leser\/wp-json\/wp\/v2\/posts\/6196","targetHints":{"allow":["GET"]}}],"collection":[{"href":"https:\/\/blog.zeit.de\/zeit-der-leser\/wp-json\/wp\/v2\/posts"}],"about":[{"href":"https:\/\/blog.zeit.de\/zeit-der-leser\/wp-json\/wp\/v2\/types\/post"}],"author":[{"embeddable":true,"href":"https:\/\/blog.zeit.de\/zeit-der-leser\/wp-json\/wp\/v2\/users\/265"}],"replies":[{"embeddable":true,"href":"https:\/\/blog.zeit.de\/zeit-der-leser\/wp-json\/wp\/v2\/comments?post=6196"}],"version-history":[{"count":4,"href":"https:\/\/blog.zeit.de\/zeit-der-leser\/wp-json\/wp\/v2\/posts\/6196\/revisions"}],"predecessor-version":[{"id":19867,"href":"https:\/\/blog.zeit.de\/zeit-der-leser\/wp-json\/wp\/v2\/posts\/6196\/revisions\/19867"}],"wp:attachment":[{"href":"https:\/\/blog.zeit.de\/zeit-der-leser\/wp-json\/wp\/v2\/media?parent=6196"}],"wp:term":[{"taxonomy":"category","embeddable":true,"href":"https:\/\/blog.zeit.de\/zeit-der-leser\/wp-json\/wp\/v2\/categories?post=6196"},{"taxonomy":"post_tag","embeddable":true,"href":"https:\/\/blog.zeit.de\/zeit-der-leser\/wp-json\/wp\/v2\/tags?post=6196"}],"curies":[{"name":"wp","href":"https:\/\/api.w.org\/{rel}","templated":true}]}}