{"id":6240,"date":"2011-07-12T10:00:54","date_gmt":"2011-07-12T08:00:54","guid":{"rendered":"http:\/\/blog.zeit.de\/zeit-der-leser\/?p=6240"},"modified":"2011-07-06T15:08:29","modified_gmt":"2011-07-06T13:08:29","slug":"lieber-thomas-gottschalk","status":"publish","type":"post","link":"https:\/\/blog.zeit.de\/zeit-der-leser\/2011\/07\/12\/lieber-thomas-gottschalk\/","title":{"rendered":"Lieber Thomas Gottschalk,"},"content":{"rendered":"<p><figure id=\"attachment_6242\" aria-describedby=\"caption-attachment-6242\" style=\"width: 540px\" class=\"wp-caption aligncenter\"><a href=\"https:\/\/blog.zeit.de\/zeit-der-leser\/files\/2011\/07\/s82-schoene-gruesse.jpg\"><img loading=\"lazy\" decoding=\"async\" class=\"size-full wp-image-6242\" title=\"s82-schoene-gruesse\" src=\"https:\/\/blog.zeit.de\/zeit-der-leser\/files\/2011\/07\/s82-schoene-gruesse.jpg\" alt=\"\" width=\"540\" height=\"304\" srcset=\"https:\/\/blog.zeit.de\/zeit-der-leser\/files\/2011\/07\/s82-schoene-gruesse.jpg 540w, https:\/\/blog.zeit.de\/zeit-der-leser\/files\/2011\/07\/s82-schoene-gruesse-300x168.jpg 300w\" sizes=\"auto, (max-width: 540px) 100vw, 540px\" \/><\/a><figcaption id=\"caption-attachment-6242\" class=\"wp-caption-text\">Foto: privat<\/figcaption><\/figure><\/p>\n<p>vor einem knappen Jahr begegneten wir uns zuf\u00e4llig in Salzburg. Nach einem anregenden Gespr\u00e4ch schenkten Sie mir eine Jedermann-Eintrittskarte. Kurz darauf sa\u00dfen wir in der ersten Reihe am Salzburger Domplatz und konnten eine wunderbare Jedermann-Auffu\u0308hrung erleben. Fu\u0308r diese Einladung bin ich Ihnen heute noch dankbar und m\u00f6chte Ihnen auf diesem Weg herzliche Gru\u0308\u00dfe aus Su\u0308dtirol senden! Und meine Einladung vom letzten Jahr steht natu\u0308rlich noch \u2013 herzlich willkommen in Tisens, Herr Gottschalk!<\/p>\n<p><em>Alexander Raich, Tisens in Su\u0308dtirol<\/em><\/p>\n","protected":false},"excerpt":{"rendered":"<p>vor einem knappen Jahr begegneten wir uns zuf\u00e4llig in Salzburg. Nach einem anregenden Gespr\u00e4ch schenkten Sie mir eine Jedermann-Eintrittskarte. Kurz darauf sa\u00dfen wir in der ersten Reihe am Salzburger Domplatz und konnten eine wunderbare Jedermann-Auffu\u0308hrung erleben. Fu\u0308r diese Einladung bin ich Ihnen heute noch dankbar und m\u00f6chte Ihnen auf diesem Weg herzliche Gru\u0308\u00dfe aus Su\u0308dtirol [&hellip;]<\/p>\n","protected":false},"author":265,"featured_media":0,"comment_status":"open","ping_status":"open","sticky":false,"template":"","format":"standard","meta":{"_jetpack_memberships_contains_paid_content":false,"footnotes":""},"categories":[1875],"tags":[],"class_list":["post-6240","post","type-post","status-publish","format-standard","hentry","category-schone-gruse"],"yoast_head":"<!-- This site is optimized with the Yoast SEO plugin v21.0 - https:\/\/yoast.com\/wordpress\/plugins\/seo\/ -->\n<title>Lieber Thomas Gottschalk, - ZEIT der Leser<\/title>\n<meta name=\"robots\" content=\"index, follow, max-snippet:-1, max-image-preview:large, max-video-preview:-1\" \/>\n<link rel=\"canonical\" href=\"https:\/\/blog.zeit.de\/zeit-der-leser\/2011\/07\/12\/lieber-thomas-gottschalk\/\" \/>\n<meta property=\"og:locale\" content=\"de_DE\" \/>\n<meta property=\"og:type\" content=\"article\" \/>\n<meta property=\"og:title\" content=\"Lieber Thomas Gottschalk, - ZEIT der Leser\" \/>\n<meta property=\"og:description\" content=\"vor einem knappen Jahr begegneten wir uns zuf\u00e4llig in Salzburg. Nach einem anregenden Gespr\u00e4ch schenkten Sie mir eine Jedermann-Eintrittskarte. Kurz darauf sa\u00dfen wir in der ersten Reihe am Salzburger Domplatz und konnten eine wunderbare Jedermann-Auffu\u0308hrung erleben. Fu\u0308r diese Einladung bin ich Ihnen heute noch dankbar und m\u00f6chte Ihnen auf diesem Weg herzliche Gru\u0308\u00dfe aus Su\u0308dtirol [&hellip;]\" \/>\n<meta property=\"og:url\" content=\"https:\/\/blog.zeit.de\/zeit-der-leser\/2011\/07\/12\/lieber-thomas-gottschalk\/\" \/>\n<meta property=\"og:site_name\" content=\"ZEIT der Leser\" \/>\n<meta property=\"article:published_time\" content=\"2011-07-12T08:00:54+00:00\" \/>\n<meta property=\"article:modified_time\" content=\"2011-07-06T13:08:29+00:00\" \/>\n<meta property=\"og:image\" content=\"https:\/\/blog.zeit.de\/zeit-der-leser\/files\/2011\/07\/s82-schoene-gruesse.jpg\" \/>\n<meta name=\"author\" content=\"&quot;Zeit der Leser&quot;-Redaktion\" \/>\n<meta name=\"twitter:card\" content=\"summary_large_image\" \/>\n<meta name=\"twitter:label1\" content=\"Geschrieben von\" \/>\n\t<meta name=\"twitter:data1\" content=\"\"Zeit der Leser\"-Redaktion\" \/>\n<script type=\"application\/ld+json\" class=\"yoast-schema-graph\">{\"@context\":\"https:\/\/schema.org\",\"@graph\":[{\"@type\":\"WebPage\",\"@id\":\"https:\/\/blog.zeit.de\/zeit-der-leser\/2011\/07\/12\/lieber-thomas-gottschalk\/\",\"url\":\"https:\/\/blog.zeit.de\/zeit-der-leser\/2011\/07\/12\/lieber-thomas-gottschalk\/\",\"name\":\"Lieber Thomas Gottschalk, - ZEIT der Leser\",\"isPartOf\":{\"@id\":\"https:\/\/blog.zeit.de\/zeit-der-leser\/#website\"},\"datePublished\":\"2011-07-12T08:00:54+00:00\",\"dateModified\":\"2011-07-06T13:08:29+00:00\",\"author\":{\"@id\":\"https:\/\/blog.zeit.de\/zeit-der-leser\/#\/schema\/person\/583b14e5ad6368c23af846ecbde9f20f\"},\"breadcrumb\":{\"@id\":\"https:\/\/blog.zeit.de\/zeit-der-leser\/2011\/07\/12\/lieber-thomas-gottschalk\/#breadcrumb\"},\"inLanguage\":\"de\",\"potentialAction\":[{\"@type\":\"ReadAction\",\"target\":[\"https:\/\/blog.zeit.de\/zeit-der-leser\/2011\/07\/12\/lieber-thomas-gottschalk\/\"]}]},{\"@type\":\"BreadcrumbList\",\"@id\":\"https:\/\/blog.zeit.de\/zeit-der-leser\/2011\/07\/12\/lieber-thomas-gottschalk\/#breadcrumb\",\"itemListElement\":[{\"@type\":\"ListItem\",\"position\":1,\"name\":\"Startseite\",\"item\":\"https:\/\/blog.zeit.de\/zeit-der-leser\/\"},{\"@type\":\"ListItem\",\"position\":2,\"name\":\"Lieber Thomas Gottschalk,\"}]},{\"@type\":\"WebSite\",\"@id\":\"https:\/\/blog.zeit.de\/zeit-der-leser\/#website\",\"url\":\"https:\/\/blog.zeit.de\/zeit-der-leser\/\",\"name\":\"ZEIT der Leser\",\"description\":\"Ein Blog mit Ihren Notizen, Gedichten und Bildern f\u00fcr die gedruckte ZEIT\",\"potentialAction\":[{\"@type\":\"SearchAction\",\"target\":{\"@type\":\"EntryPoint\",\"urlTemplate\":\"https:\/\/blog.zeit.de\/zeit-der-leser\/?s={search_term_string}\"},\"query-input\":\"required name=search_term_string\"}],\"inLanguage\":\"de\"},{\"@type\":\"Person\",\"@id\":\"https:\/\/blog.zeit.de\/zeit-der-leser\/#\/schema\/person\/583b14e5ad6368c23af846ecbde9f20f\",\"name\":\"\\\"Zeit der Leser\\\"-Redaktion\",\"image\":{\"@type\":\"ImageObject\",\"inLanguage\":\"de\",\"@id\":\"https:\/\/blog.zeit.de\/zeit-der-leser\/#\/schema\/person\/image\/\",\"url\":\"https:\/\/secure.gravatar.com\/avatar\/e801a681bd3bbf2345131a815930b48d9f8e0a94de1346b624840dc850f67ad0?s=96&d=mm&r=g\",\"contentUrl\":\"https:\/\/secure.gravatar.com\/avatar\/e801a681bd3bbf2345131a815930b48d9f8e0a94de1346b624840dc850f67ad0?s=96&d=mm&r=g\",\"caption\":\"\\\"Zeit der Leser\\\"-Redaktion\"},\"url\":\"https:\/\/blog.zeit.de\/zeit-der-leser\/author\/zeit-der-leser-redaktion\/\"}]}<\/script>\n<!-- \/ Yoast SEO plugin. -->","yoast_head_json":{"title":"Lieber Thomas Gottschalk, - ZEIT der Leser","robots":{"index":"index","follow":"follow","max-snippet":"max-snippet:-1","max-image-preview":"max-image-preview:large","max-video-preview":"max-video-preview:-1"},"canonical":"https:\/\/blog.zeit.de\/zeit-der-leser\/2011\/07\/12\/lieber-thomas-gottschalk\/","og_locale":"de_DE","og_type":"article","og_title":"Lieber Thomas Gottschalk, - ZEIT der Leser","og_description":"vor einem knappen Jahr begegneten wir uns zuf\u00e4llig in Salzburg. Nach einem anregenden Gespr\u00e4ch schenkten Sie mir eine Jedermann-Eintrittskarte. Kurz darauf sa\u00dfen wir in der ersten Reihe am Salzburger Domplatz und konnten eine wunderbare Jedermann-Auffu\u0308hrung erleben. Fu\u0308r diese Einladung bin ich Ihnen heute noch dankbar und m\u00f6chte Ihnen auf diesem Weg herzliche Gru\u0308\u00dfe aus Su\u0308dtirol [&hellip;]","og_url":"https:\/\/blog.zeit.de\/zeit-der-leser\/2011\/07\/12\/lieber-thomas-gottschalk\/","og_site_name":"ZEIT der Leser","article_published_time":"2011-07-12T08:00:54+00:00","article_modified_time":"2011-07-06T13:08:29+00:00","og_image":[{"url":"https:\/\/blog.zeit.de\/zeit-der-leser\/files\/2011\/07\/s82-schoene-gruesse.jpg"}],"author":"\"Zeit der Leser\"-Redaktion","twitter_card":"summary_large_image","twitter_misc":{"Geschrieben von":"\"Zeit der Leser\"-Redaktion"},"schema":{"@context":"https:\/\/schema.org","@graph":[{"@type":"WebPage","@id":"https:\/\/blog.zeit.de\/zeit-der-leser\/2011\/07\/12\/lieber-thomas-gottschalk\/","url":"https:\/\/blog.zeit.de\/zeit-der-leser\/2011\/07\/12\/lieber-thomas-gottschalk\/","name":"Lieber Thomas Gottschalk, - ZEIT der Leser","isPartOf":{"@id":"https:\/\/blog.zeit.de\/zeit-der-leser\/#website"},"datePublished":"2011-07-12T08:00:54+00:00","dateModified":"2011-07-06T13:08:29+00:00","author":{"@id":"https:\/\/blog.zeit.de\/zeit-der-leser\/#\/schema\/person\/583b14e5ad6368c23af846ecbde9f20f"},"breadcrumb":{"@id":"https:\/\/blog.zeit.de\/zeit-der-leser\/2011\/07\/12\/lieber-thomas-gottschalk\/#breadcrumb"},"inLanguage":"de","potentialAction":[{"@type":"ReadAction","target":["https:\/\/blog.zeit.de\/zeit-der-leser\/2011\/07\/12\/lieber-thomas-gottschalk\/"]}]},{"@type":"BreadcrumbList","@id":"https:\/\/blog.zeit.de\/zeit-der-leser\/2011\/07\/12\/lieber-thomas-gottschalk\/#breadcrumb","itemListElement":[{"@type":"ListItem","position":1,"name":"Startseite","item":"https:\/\/blog.zeit.de\/zeit-der-leser\/"},{"@type":"ListItem","position":2,"name":"Lieber Thomas Gottschalk,"}]},{"@type":"WebSite","@id":"https:\/\/blog.zeit.de\/zeit-der-leser\/#website","url":"https:\/\/blog.zeit.de\/zeit-der-leser\/","name":"ZEIT der Leser","description":"Ein Blog mit Ihren Notizen, Gedichten und Bildern f\u00fcr die gedruckte ZEIT","potentialAction":[{"@type":"SearchAction","target":{"@type":"EntryPoint","urlTemplate":"https:\/\/blog.zeit.de\/zeit-der-leser\/?s={search_term_string}"},"query-input":"required name=search_term_string"}],"inLanguage":"de"},{"@type":"Person","@id":"https:\/\/blog.zeit.de\/zeit-der-leser\/#\/schema\/person\/583b14e5ad6368c23af846ecbde9f20f","name":"\"Zeit der Leser\"-Redaktion","image":{"@type":"ImageObject","inLanguage":"de","@id":"https:\/\/blog.zeit.de\/zeit-der-leser\/#\/schema\/person\/image\/","url":"https:\/\/secure.gravatar.com\/avatar\/e801a681bd3bbf2345131a815930b48d9f8e0a94de1346b624840dc850f67ad0?s=96&d=mm&r=g","contentUrl":"https:\/\/secure.gravatar.com\/avatar\/e801a681bd3bbf2345131a815930b48d9f8e0a94de1346b624840dc850f67ad0?s=96&d=mm&r=g","caption":"\"Zeit der Leser\"-Redaktion"},"url":"https:\/\/blog.zeit.de\/zeit-der-leser\/author\/zeit-der-leser-redaktion\/"}]}},"jetpack_featured_media_url":"","jetpack_sharing_enabled":true,"_links":{"self":[{"href":"https:\/\/blog.zeit.de\/zeit-der-leser\/wp-json\/wp\/v2\/posts\/6240","targetHints":{"allow":["GET"]}}],"collection":[{"href":"https:\/\/blog.zeit.de\/zeit-der-leser\/wp-json\/wp\/v2\/posts"}],"about":[{"href":"https:\/\/blog.zeit.de\/zeit-der-leser\/wp-json\/wp\/v2\/types\/post"}],"author":[{"embeddable":true,"href":"https:\/\/blog.zeit.de\/zeit-der-leser\/wp-json\/wp\/v2\/users\/265"}],"replies":[{"embeddable":true,"href":"https:\/\/blog.zeit.de\/zeit-der-leser\/wp-json\/wp\/v2\/comments?post=6240"}],"version-history":[{"count":2,"href":"https:\/\/blog.zeit.de\/zeit-der-leser\/wp-json\/wp\/v2\/posts\/6240\/revisions"}],"predecessor-version":[{"id":6243,"href":"https:\/\/blog.zeit.de\/zeit-der-leser\/wp-json\/wp\/v2\/posts\/6240\/revisions\/6243"}],"wp:attachment":[{"href":"https:\/\/blog.zeit.de\/zeit-der-leser\/wp-json\/wp\/v2\/media?parent=6240"}],"wp:term":[{"taxonomy":"category","embeddable":true,"href":"https:\/\/blog.zeit.de\/zeit-der-leser\/wp-json\/wp\/v2\/categories?post=6240"},{"taxonomy":"post_tag","embeddable":true,"href":"https:\/\/blog.zeit.de\/zeit-der-leser\/wp-json\/wp\/v2\/tags?post=6240"}],"curies":[{"name":"wp","href":"https:\/\/api.w.org\/{rel}","templated":true}]}}