{"id":6259,"date":"2011-07-07T13:00:27","date_gmt":"2011-07-07T11:00:27","guid":{"rendered":"http:\/\/blog.zeit.de\/zeit-der-leser\/?p=6259"},"modified":"2011-07-07T12:37:19","modified_gmt":"2011-07-07T10:37:19","slug":"65-jahre-die-zeit-28","status":"publish","type":"post","link":"https:\/\/blog.zeit.de\/zeit-der-leser\/2011\/07\/07\/65-jahre-die-zeit-28\/","title":{"rendered":"65 Jahre DIE ZEIT"},"content":{"rendered":"<p>Ein besonders sch\u00f6ner Wunsch erreichte DIE ZEIT aus der <a href=\"http:\/\/volksschule-oberau.de\/\" target=\"_blank\">Volksschule Oberau<\/a> im Landkreis Garmisch-Partenkirchen. Die 4. Klassen hatten sich einen Besuch von Susanne Gaschke gew\u00fcnscht, um aus erster Hand zu erfahren, wie eine KinderZEIT-Redakteurin arbeitet \u2013 daf\u00fcr hatte jeder einen eigenen Brief geschrieben.<\/p>\n<p><figure id=\"attachment_6261\" aria-describedby=\"caption-attachment-6261\" style=\"width: 540px\" class=\"wp-caption aligncenter\"><a href=\"https:\/\/blog.zeit.de\/zeit-der-leser\/files\/2011\/07\/2-Zeitredakteurin-Susanne-Gaschke-.jpg\"><img loading=\"lazy\" decoding=\"async\" class=\"size-full wp-image-6261\" title=\"2 Zeitredakteurin Susanne Gaschke\" src=\"https:\/\/blog.zeit.de\/zeit-der-leser\/files\/2011\/07\/2-Zeitredakteurin-Susanne-Gaschke-.jpg\" alt=\"\" width=\"540\" height=\"304\" srcset=\"https:\/\/blog.zeit.de\/zeit-der-leser\/files\/2011\/07\/2-Zeitredakteurin-Susanne-Gaschke-.jpg 540w, https:\/\/blog.zeit.de\/zeit-der-leser\/files\/2011\/07\/2-Zeitredakteurin-Susanne-Gaschke--300x168.jpg 300w\" sizes=\"auto, (max-width: 540px) 100vw, 540px\" \/><\/a><figcaption id=\"caption-attachment-6261\" class=\"wp-caption-text\">Susanne Gaschke zu Gast an der Volksschule Oberau<\/figcaption><\/figure><\/p>\n<p>Susanne Gaschke berichtete \u00fcber die Geschichte der Wochenzeitung, ihren Lebenslauf, ihren Alltag bei der ZEIT und zeigte Fotos vom Pressehaus und den Redaktionsb\u00fcros. Patrick: \u201eEs hat mich sehr gefreut, dass Sie sich Zeit f\u00fcr uns genommen haben. Sie haben das so toll erkl\u00e4rt, dass ich es nie vergessen werde. Zum Beispiel die Entstehung der ZEIT.\u201c Simon fand besonders die Themen der KinderZEIT sehr interessant und h\u00e4tte nicht vermutet, dass es so lange dauert, bis ein Artikel fertig ist. Und Katharina fand toll, dass ein gemeinsames Foto entstand.<\/p>\n<p><figure id=\"attachment_6260\" aria-describedby=\"caption-attachment-6260\" style=\"width: 540px\" class=\"wp-caption aligncenter\"><a href=\"https:\/\/blog.zeit.de\/zeit-der-leser\/files\/2011\/07\/Zeitredakteurin-Susanne-Gaschke-in-der-Schule-Mai-2011-002.jpg\"><img loading=\"lazy\" decoding=\"async\" class=\"size-full wp-image-6260\" title=\"Zeitredakteurin Susanne Gaschke in der Schule Mai 2011 002\" src=\"https:\/\/blog.zeit.de\/zeit-der-leser\/files\/2011\/07\/Zeitredakteurin-Susanne-Gaschke-in-der-Schule-Mai-2011-002.jpg\" alt=\"\" width=\"540\" height=\"304\" srcset=\"https:\/\/blog.zeit.de\/zeit-der-leser\/files\/2011\/07\/Zeitredakteurin-Susanne-Gaschke-in-der-Schule-Mai-2011-002.jpg 540w, https:\/\/blog.zeit.de\/zeit-der-leser\/files\/2011\/07\/Zeitredakteurin-Susanne-Gaschke-in-der-Schule-Mai-2011-002-300x168.jpg 300w\" sizes=\"auto, (max-width: 540px) 100vw, 540px\" \/><\/a><figcaption id=\"caption-attachment-6260\" class=\"wp-caption-text\">Gruppenbild mit ZEITen<\/figcaption><\/figure><\/p>\n<p>F\u00fcr gro\u00dfe Begeisterung bei Susanne Gaschke sorgten der aufgef\u00fchrte Tanz und die Post eine Woche sp\u00e4ter: Erneut hatte jeder Sch\u00fcler einen Brief mit bunten Zeichnungen als Dankesch\u00f6n geschrieben. Angelo: \u201eIch wollte mich f\u00fcr Ihren Besuch bedanken. Am Besten hat mir gefallen, dass Sie uns erkl\u00e4rt haben, wie es jede Woche in der Redaktion abgeht. Ich werde mich lange daran erinnern wie Sie erz\u00e4hlt haben.\u201c<\/p>\n<p><figure id=\"attachment_6262\" aria-describedby=\"caption-attachment-6262\" style=\"width: 540px\" class=\"wp-caption aligncenter\"><a href=\"https:\/\/blog.zeit.de\/zeit-der-leser\/files\/2011\/07\/Susanne-Gaschke-Tanz.jpg\"><img loading=\"lazy\" decoding=\"async\" class=\"size-full wp-image-6262\" title=\"Susanne Gaschke Tanz\" src=\"https:\/\/blog.zeit.de\/zeit-der-leser\/files\/2011\/07\/Susanne-Gaschke-Tanz.jpg\" alt=\"\" width=\"540\" height=\"304\" srcset=\"https:\/\/blog.zeit.de\/zeit-der-leser\/files\/2011\/07\/Susanne-Gaschke-Tanz.jpg 540w, https:\/\/blog.zeit.de\/zeit-der-leser\/files\/2011\/07\/Susanne-Gaschke-Tanz-300x168.jpg 300w\" sizes=\"auto, (max-width: 540px) 100vw, 540px\" \/><\/a><figcaption id=\"caption-attachment-6262\" class=\"wp-caption-text\">Tanz der Sch\u00fclerinnen und Sch\u00fcler<\/figcaption><\/figure><\/p>\n","protected":false},"excerpt":{"rendered":"<p>Ein besonders sch\u00f6ner Wunsch erreichte DIE ZEIT aus der Volksschule Oberau im Landkreis Garmisch-Partenkirchen. Die 4. Klassen hatten sich einen Besuch von Susanne Gaschke gew\u00fcnscht, um aus erster Hand zu erfahren, wie eine KinderZEIT-Redakteurin arbeitet \u2013 daf\u00fcr hatte jeder einen eigenen Brief geschrieben. Susanne Gaschke berichtete \u00fcber die Geschichte der Wochenzeitung, ihren Lebenslauf, ihren Alltag [&hellip;]<\/p>\n","protected":false},"author":265,"featured_media":0,"comment_status":"open","ping_status":"open","sticky":false,"template":"","format":"standard","meta":{"_jetpack_memberships_contains_paid_content":false,"footnotes":""},"categories":[5686],"tags":[],"class_list":["post-6259","post","type-post","status-publish","format-standard","hentry","category-65-jahre-die-zeit"],"yoast_head":"<!-- This site is optimized with the Yoast SEO plugin v21.0 - https:\/\/yoast.com\/wordpress\/plugins\/seo\/ -->\n<title>65 Jahre DIE ZEIT - ZEIT der Leser<\/title>\n<meta name=\"robots\" content=\"index, follow, max-snippet:-1, max-image-preview:large, max-video-preview:-1\" \/>\n<link rel=\"canonical\" href=\"https:\/\/blog.zeit.de\/zeit-der-leser\/2011\/07\/07\/65-jahre-die-zeit-28\/\" \/>\n<meta property=\"og:locale\" content=\"de_DE\" \/>\n<meta property=\"og:type\" content=\"article\" \/>\n<meta property=\"og:title\" content=\"65 Jahre DIE ZEIT - ZEIT der Leser\" \/>\n<meta property=\"og:description\" content=\"Ein besonders sch\u00f6ner Wunsch erreichte DIE ZEIT aus der Volksschule Oberau im Landkreis Garmisch-Partenkirchen. Die 4. Klassen hatten sich einen Besuch von Susanne Gaschke gew\u00fcnscht, um aus erster Hand zu erfahren, wie eine KinderZEIT-Redakteurin arbeitet \u2013 daf\u00fcr hatte jeder einen eigenen Brief geschrieben. Susanne Gaschke berichtete \u00fcber die Geschichte der Wochenzeitung, ihren Lebenslauf, ihren Alltag [&hellip;]\" \/>\n<meta property=\"og:url\" content=\"https:\/\/blog.zeit.de\/zeit-der-leser\/2011\/07\/07\/65-jahre-die-zeit-28\/\" \/>\n<meta property=\"og:site_name\" content=\"ZEIT der Leser\" \/>\n<meta property=\"article:published_time\" content=\"2011-07-07T11:00:27+00:00\" \/>\n<meta property=\"article:modified_time\" content=\"2011-07-07T10:37:19+00:00\" \/>\n<meta property=\"og:image\" content=\"https:\/\/blog.zeit.de\/zeit-der-leser\/files\/2011\/07\/2-Zeitredakteurin-Susanne-Gaschke-.jpg\" \/>\n<meta name=\"author\" content=\"&quot;Zeit der Leser&quot;-Redaktion\" \/>\n<meta name=\"twitter:card\" content=\"summary_large_image\" \/>\n<meta name=\"twitter:label1\" content=\"Geschrieben von\" \/>\n\t<meta name=\"twitter:data1\" content=\"\"Zeit der Leser\"-Redaktion\" \/>\n\t<meta name=\"twitter:label2\" content=\"Gesch\u00e4tzte Lesezeit\" \/>\n\t<meta name=\"twitter:data2\" content=\"1\u00a0Minute\" \/>\n<script type=\"application\/ld+json\" class=\"yoast-schema-graph\">{\"@context\":\"https:\/\/schema.org\",\"@graph\":[{\"@type\":\"WebPage\",\"@id\":\"https:\/\/blog.zeit.de\/zeit-der-leser\/2011\/07\/07\/65-jahre-die-zeit-28\/\",\"url\":\"https:\/\/blog.zeit.de\/zeit-der-leser\/2011\/07\/07\/65-jahre-die-zeit-28\/\",\"name\":\"65 Jahre DIE ZEIT - ZEIT der Leser\",\"isPartOf\":{\"@id\":\"https:\/\/blog.zeit.de\/zeit-der-leser\/#website\"},\"datePublished\":\"2011-07-07T11:00:27+00:00\",\"dateModified\":\"2011-07-07T10:37:19+00:00\",\"author\":{\"@id\":\"https:\/\/blog.zeit.de\/zeit-der-leser\/#\/schema\/person\/583b14e5ad6368c23af846ecbde9f20f\"},\"breadcrumb\":{\"@id\":\"https:\/\/blog.zeit.de\/zeit-der-leser\/2011\/07\/07\/65-jahre-die-zeit-28\/#breadcrumb\"},\"inLanguage\":\"de\",\"potentialAction\":[{\"@type\":\"ReadAction\",\"target\":[\"https:\/\/blog.zeit.de\/zeit-der-leser\/2011\/07\/07\/65-jahre-die-zeit-28\/\"]}]},{\"@type\":\"BreadcrumbList\",\"@id\":\"https:\/\/blog.zeit.de\/zeit-der-leser\/2011\/07\/07\/65-jahre-die-zeit-28\/#breadcrumb\",\"itemListElement\":[{\"@type\":\"ListItem\",\"position\":1,\"name\":\"Startseite\",\"item\":\"https:\/\/blog.zeit.de\/zeit-der-leser\/\"},{\"@type\":\"ListItem\",\"position\":2,\"name\":\"65 Jahre DIE ZEIT\"}]},{\"@type\":\"WebSite\",\"@id\":\"https:\/\/blog.zeit.de\/zeit-der-leser\/#website\",\"url\":\"https:\/\/blog.zeit.de\/zeit-der-leser\/\",\"name\":\"ZEIT der Leser\",\"description\":\"Ein Blog mit Ihren Notizen, Gedichten und Bildern f\u00fcr die gedruckte ZEIT\",\"potentialAction\":[{\"@type\":\"SearchAction\",\"target\":{\"@type\":\"EntryPoint\",\"urlTemplate\":\"https:\/\/blog.zeit.de\/zeit-der-leser\/?s={search_term_string}\"},\"query-input\":\"required name=search_term_string\"}],\"inLanguage\":\"de\"},{\"@type\":\"Person\",\"@id\":\"https:\/\/blog.zeit.de\/zeit-der-leser\/#\/schema\/person\/583b14e5ad6368c23af846ecbde9f20f\",\"name\":\"\\\"Zeit der Leser\\\"-Redaktion\",\"image\":{\"@type\":\"ImageObject\",\"inLanguage\":\"de\",\"@id\":\"https:\/\/blog.zeit.de\/zeit-der-leser\/#\/schema\/person\/image\/\",\"url\":\"https:\/\/secure.gravatar.com\/avatar\/e801a681bd3bbf2345131a815930b48d9f8e0a94de1346b624840dc850f67ad0?s=96&d=mm&r=g\",\"contentUrl\":\"https:\/\/secure.gravatar.com\/avatar\/e801a681bd3bbf2345131a815930b48d9f8e0a94de1346b624840dc850f67ad0?s=96&d=mm&r=g\",\"caption\":\"\\\"Zeit der Leser\\\"-Redaktion\"},\"url\":\"https:\/\/blog.zeit.de\/zeit-der-leser\/author\/zeit-der-leser-redaktion\/\"}]}<\/script>\n<!-- \/ Yoast SEO plugin. -->","yoast_head_json":{"title":"65 Jahre DIE ZEIT - ZEIT der Leser","robots":{"index":"index","follow":"follow","max-snippet":"max-snippet:-1","max-image-preview":"max-image-preview:large","max-video-preview":"max-video-preview:-1"},"canonical":"https:\/\/blog.zeit.de\/zeit-der-leser\/2011\/07\/07\/65-jahre-die-zeit-28\/","og_locale":"de_DE","og_type":"article","og_title":"65 Jahre DIE ZEIT - ZEIT der Leser","og_description":"Ein besonders sch\u00f6ner Wunsch erreichte DIE ZEIT aus der Volksschule Oberau im Landkreis Garmisch-Partenkirchen. Die 4. Klassen hatten sich einen Besuch von Susanne Gaschke gew\u00fcnscht, um aus erster Hand zu erfahren, wie eine KinderZEIT-Redakteurin arbeitet \u2013 daf\u00fcr hatte jeder einen eigenen Brief geschrieben. Susanne Gaschke berichtete \u00fcber die Geschichte der Wochenzeitung, ihren Lebenslauf, ihren Alltag [&hellip;]","og_url":"https:\/\/blog.zeit.de\/zeit-der-leser\/2011\/07\/07\/65-jahre-die-zeit-28\/","og_site_name":"ZEIT der Leser","article_published_time":"2011-07-07T11:00:27+00:00","article_modified_time":"2011-07-07T10:37:19+00:00","og_image":[{"url":"https:\/\/blog.zeit.de\/zeit-der-leser\/files\/2011\/07\/2-Zeitredakteurin-Susanne-Gaschke-.jpg"}],"author":"\"Zeit der Leser\"-Redaktion","twitter_card":"summary_large_image","twitter_misc":{"Geschrieben von":"\"Zeit der Leser\"-Redaktion","Gesch\u00e4tzte Lesezeit":"1\u00a0Minute"},"schema":{"@context":"https:\/\/schema.org","@graph":[{"@type":"WebPage","@id":"https:\/\/blog.zeit.de\/zeit-der-leser\/2011\/07\/07\/65-jahre-die-zeit-28\/","url":"https:\/\/blog.zeit.de\/zeit-der-leser\/2011\/07\/07\/65-jahre-die-zeit-28\/","name":"65 Jahre DIE ZEIT - ZEIT der Leser","isPartOf":{"@id":"https:\/\/blog.zeit.de\/zeit-der-leser\/#website"},"datePublished":"2011-07-07T11:00:27+00:00","dateModified":"2011-07-07T10:37:19+00:00","author":{"@id":"https:\/\/blog.zeit.de\/zeit-der-leser\/#\/schema\/person\/583b14e5ad6368c23af846ecbde9f20f"},"breadcrumb":{"@id":"https:\/\/blog.zeit.de\/zeit-der-leser\/2011\/07\/07\/65-jahre-die-zeit-28\/#breadcrumb"},"inLanguage":"de","potentialAction":[{"@type":"ReadAction","target":["https:\/\/blog.zeit.de\/zeit-der-leser\/2011\/07\/07\/65-jahre-die-zeit-28\/"]}]},{"@type":"BreadcrumbList","@id":"https:\/\/blog.zeit.de\/zeit-der-leser\/2011\/07\/07\/65-jahre-die-zeit-28\/#breadcrumb","itemListElement":[{"@type":"ListItem","position":1,"name":"Startseite","item":"https:\/\/blog.zeit.de\/zeit-der-leser\/"},{"@type":"ListItem","position":2,"name":"65 Jahre DIE ZEIT"}]},{"@type":"WebSite","@id":"https:\/\/blog.zeit.de\/zeit-der-leser\/#website","url":"https:\/\/blog.zeit.de\/zeit-der-leser\/","name":"ZEIT der Leser","description":"Ein Blog mit Ihren Notizen, Gedichten und Bildern f\u00fcr die gedruckte ZEIT","potentialAction":[{"@type":"SearchAction","target":{"@type":"EntryPoint","urlTemplate":"https:\/\/blog.zeit.de\/zeit-der-leser\/?s={search_term_string}"},"query-input":"required name=search_term_string"}],"inLanguage":"de"},{"@type":"Person","@id":"https:\/\/blog.zeit.de\/zeit-der-leser\/#\/schema\/person\/583b14e5ad6368c23af846ecbde9f20f","name":"\"Zeit der Leser\"-Redaktion","image":{"@type":"ImageObject","inLanguage":"de","@id":"https:\/\/blog.zeit.de\/zeit-der-leser\/#\/schema\/person\/image\/","url":"https:\/\/secure.gravatar.com\/avatar\/e801a681bd3bbf2345131a815930b48d9f8e0a94de1346b624840dc850f67ad0?s=96&d=mm&r=g","contentUrl":"https:\/\/secure.gravatar.com\/avatar\/e801a681bd3bbf2345131a815930b48d9f8e0a94de1346b624840dc850f67ad0?s=96&d=mm&r=g","caption":"\"Zeit der Leser\"-Redaktion"},"url":"https:\/\/blog.zeit.de\/zeit-der-leser\/author\/zeit-der-leser-redaktion\/"}]}},"jetpack_featured_media_url":"","jetpack_sharing_enabled":true,"_links":{"self":[{"href":"https:\/\/blog.zeit.de\/zeit-der-leser\/wp-json\/wp\/v2\/posts\/6259","targetHints":{"allow":["GET"]}}],"collection":[{"href":"https:\/\/blog.zeit.de\/zeit-der-leser\/wp-json\/wp\/v2\/posts"}],"about":[{"href":"https:\/\/blog.zeit.de\/zeit-der-leser\/wp-json\/wp\/v2\/types\/post"}],"author":[{"embeddable":true,"href":"https:\/\/blog.zeit.de\/zeit-der-leser\/wp-json\/wp\/v2\/users\/265"}],"replies":[{"embeddable":true,"href":"https:\/\/blog.zeit.de\/zeit-der-leser\/wp-json\/wp\/v2\/comments?post=6259"}],"version-history":[{"count":4,"href":"https:\/\/blog.zeit.de\/zeit-der-leser\/wp-json\/wp\/v2\/posts\/6259\/revisions"}],"predecessor-version":[{"id":6266,"href":"https:\/\/blog.zeit.de\/zeit-der-leser\/wp-json\/wp\/v2\/posts\/6259\/revisions\/6266"}],"wp:attachment":[{"href":"https:\/\/blog.zeit.de\/zeit-der-leser\/wp-json\/wp\/v2\/media?parent=6259"}],"wp:term":[{"taxonomy":"category","embeddable":true,"href":"https:\/\/blog.zeit.de\/zeit-der-leser\/wp-json\/wp\/v2\/categories?post=6259"},{"taxonomy":"post_tag","embeddable":true,"href":"https:\/\/blog.zeit.de\/zeit-der-leser\/wp-json\/wp\/v2\/tags?post=6259"}],"curies":[{"name":"wp","href":"https:\/\/api.w.org\/{rel}","templated":true}]}}