{"id":6325,"date":"2011-07-16T10:00:36","date_gmt":"2011-07-16T08:00:36","guid":{"rendered":"http:\/\/blog.zeit.de\/zeit-der-leser\/?p=6325"},"modified":"2011-07-14T13:57:53","modified_gmt":"2011-07-14T11:57:53","slug":"lieber-ben-becker","status":"publish","type":"post","link":"https:\/\/blog.zeit.de\/zeit-der-leser\/2011\/07\/16\/lieber-ben-becker\/","title":{"rendered":"Lieber Ben Becker,"},"content":{"rendered":"<p><figure id=\"attachment_6326\" aria-describedby=\"caption-attachment-6326\" style=\"width: 150px\" class=\"wp-caption alignleft\"><a href=\"https:\/\/blog.zeit.de\/zeit-der-leser\/files\/2011\/07\/s82-ben-becker.jpg\"><img loading=\"lazy\" decoding=\"async\" class=\"size-thumbnail wp-image-6326\" title=\"s82-ben-becker\" src=\"https:\/\/blog.zeit.de\/zeit-der-leser\/files\/2011\/07\/s82-ben-becker-150x150.jpg\" alt=\"\" width=\"150\" height=\"150\" \/><\/a><figcaption id=\"caption-attachment-6326\" class=\"wp-caption-text\">\u00ae Johannes Simon\/Getty Images<\/figcaption><\/figure><\/p>\n<p>natu\u0308rlich gibt es amu\u0308santere Aktivit\u00e4ten an einem strahlend sonnigen Sommernachmittag, als ihn freiwillig vor du\u0308sterer Bu\u0308hnenkulisse bei Kerzenschein zu verbringen \u2013 zumal um schwermu\u0308tige Texte zu h\u00f6ren. Aber Ihnen ist es gelungen, daraus eine kleine ku\u0308nstlerische Sternstunde zu machen. John Donnes schaurigmorbides Todesduell und die Gro\u00dfe Elegie von Joseph Brodsky, von Ihnen rezitiert, interpretiert und musikalisch begleitet, lie\u00dfen den dunklen Theatersaal pl\u00f6tzlich heller leuchten als den Sonnenschein drau\u00dfen. Mitten im Sommer in abgru\u0308ndige Texte eintauchen? Mit Ihnen \u2013 jederzeit wieder!<\/p>\n<p><em>Valerie Klemm, Frankfurt am Main<\/em><\/p>\n","protected":false},"excerpt":{"rendered":"<p>natu\u0308rlich gibt es amu\u0308santere Aktivit\u00e4ten an einem strahlend sonnigen Sommernachmittag, als ihn freiwillig vor du\u0308sterer Bu\u0308hnenkulisse bei Kerzenschein zu verbringen \u2013 zumal um schwermu\u0308tige Texte zu h\u00f6ren. Aber Ihnen ist es gelungen, daraus eine kleine ku\u0308nstlerische Sternstunde zu machen. John Donnes schaurigmorbides Todesduell und die Gro\u00dfe Elegie von Joseph Brodsky, von Ihnen rezitiert, interpretiert und [&hellip;]<\/p>\n","protected":false},"author":265,"featured_media":0,"comment_status":"open","ping_status":"open","sticky":false,"template":"","format":"standard","meta":{"_jetpack_memberships_contains_paid_content":false,"footnotes":""},"categories":[1875],"tags":[],"class_list":["post-6325","post","type-post","status-publish","format-standard","hentry","category-schone-gruse"],"yoast_head":"<!-- This site is optimized with the Yoast SEO plugin v21.0 - https:\/\/yoast.com\/wordpress\/plugins\/seo\/ -->\n<title>Lieber Ben Becker, - ZEIT der Leser<\/title>\n<meta name=\"robots\" content=\"index, follow, max-snippet:-1, max-image-preview:large, max-video-preview:-1\" \/>\n<link rel=\"canonical\" href=\"https:\/\/blog.zeit.de\/zeit-der-leser\/2011\/07\/16\/lieber-ben-becker\/\" \/>\n<meta property=\"og:locale\" content=\"de_DE\" \/>\n<meta property=\"og:type\" content=\"article\" \/>\n<meta property=\"og:title\" content=\"Lieber Ben Becker, - ZEIT der Leser\" \/>\n<meta property=\"og:description\" content=\"natu\u0308rlich gibt es amu\u0308santere Aktivit\u00e4ten an einem strahlend sonnigen Sommernachmittag, als ihn freiwillig vor du\u0308sterer Bu\u0308hnenkulisse bei Kerzenschein zu verbringen \u2013 zumal um schwermu\u0308tige Texte zu h\u00f6ren. Aber Ihnen ist es gelungen, daraus eine kleine ku\u0308nstlerische Sternstunde zu machen. John Donnes schaurigmorbides Todesduell und die Gro\u00dfe Elegie von Joseph Brodsky, von Ihnen rezitiert, interpretiert und [&hellip;]\" \/>\n<meta property=\"og:url\" content=\"https:\/\/blog.zeit.de\/zeit-der-leser\/2011\/07\/16\/lieber-ben-becker\/\" \/>\n<meta property=\"og:site_name\" content=\"ZEIT der Leser\" \/>\n<meta property=\"article:published_time\" content=\"2011-07-16T08:00:36+00:00\" \/>\n<meta property=\"article:modified_time\" content=\"2011-07-14T11:57:53+00:00\" \/>\n<meta property=\"og:image\" content=\"https:\/\/blog.zeit.de\/zeit-der-leser\/files\/2011\/07\/s82-ben-becker-150x150.jpg\" \/>\n<meta name=\"author\" content=\"&quot;Zeit der Leser&quot;-Redaktion\" \/>\n<meta name=\"twitter:card\" content=\"summary_large_image\" \/>\n<meta name=\"twitter:label1\" content=\"Geschrieben von\" \/>\n\t<meta name=\"twitter:data1\" content=\"\"Zeit der Leser\"-Redaktion\" \/>\n\t<meta name=\"twitter:label2\" content=\"Gesch\u00e4tzte Lesezeit\" \/>\n\t<meta name=\"twitter:data2\" content=\"1\u00a0Minute\" \/>\n<script type=\"application\/ld+json\" class=\"yoast-schema-graph\">{\"@context\":\"https:\/\/schema.org\",\"@graph\":[{\"@type\":\"WebPage\",\"@id\":\"https:\/\/blog.zeit.de\/zeit-der-leser\/2011\/07\/16\/lieber-ben-becker\/\",\"url\":\"https:\/\/blog.zeit.de\/zeit-der-leser\/2011\/07\/16\/lieber-ben-becker\/\",\"name\":\"Lieber Ben Becker, - ZEIT der Leser\",\"isPartOf\":{\"@id\":\"https:\/\/blog.zeit.de\/zeit-der-leser\/#website\"},\"datePublished\":\"2011-07-16T08:00:36+00:00\",\"dateModified\":\"2011-07-14T11:57:53+00:00\",\"author\":{\"@id\":\"https:\/\/blog.zeit.de\/zeit-der-leser\/#\/schema\/person\/583b14e5ad6368c23af846ecbde9f20f\"},\"breadcrumb\":{\"@id\":\"https:\/\/blog.zeit.de\/zeit-der-leser\/2011\/07\/16\/lieber-ben-becker\/#breadcrumb\"},\"inLanguage\":\"de\",\"potentialAction\":[{\"@type\":\"ReadAction\",\"target\":[\"https:\/\/blog.zeit.de\/zeit-der-leser\/2011\/07\/16\/lieber-ben-becker\/\"]}]},{\"@type\":\"BreadcrumbList\",\"@id\":\"https:\/\/blog.zeit.de\/zeit-der-leser\/2011\/07\/16\/lieber-ben-becker\/#breadcrumb\",\"itemListElement\":[{\"@type\":\"ListItem\",\"position\":1,\"name\":\"Startseite\",\"item\":\"https:\/\/blog.zeit.de\/zeit-der-leser\/\"},{\"@type\":\"ListItem\",\"position\":2,\"name\":\"Lieber Ben Becker,\"}]},{\"@type\":\"WebSite\",\"@id\":\"https:\/\/blog.zeit.de\/zeit-der-leser\/#website\",\"url\":\"https:\/\/blog.zeit.de\/zeit-der-leser\/\",\"name\":\"ZEIT der Leser\",\"description\":\"Ein Blog mit Ihren Notizen, Gedichten und Bildern f\u00fcr die gedruckte ZEIT\",\"potentialAction\":[{\"@type\":\"SearchAction\",\"target\":{\"@type\":\"EntryPoint\",\"urlTemplate\":\"https:\/\/blog.zeit.de\/zeit-der-leser\/?s={search_term_string}\"},\"query-input\":\"required name=search_term_string\"}],\"inLanguage\":\"de\"},{\"@type\":\"Person\",\"@id\":\"https:\/\/blog.zeit.de\/zeit-der-leser\/#\/schema\/person\/583b14e5ad6368c23af846ecbde9f20f\",\"name\":\"\\\"Zeit der Leser\\\"-Redaktion\",\"image\":{\"@type\":\"ImageObject\",\"inLanguage\":\"de\",\"@id\":\"https:\/\/blog.zeit.de\/zeit-der-leser\/#\/schema\/person\/image\/\",\"url\":\"https:\/\/secure.gravatar.com\/avatar\/e801a681bd3bbf2345131a815930b48d9f8e0a94de1346b624840dc850f67ad0?s=96&d=mm&r=g\",\"contentUrl\":\"https:\/\/secure.gravatar.com\/avatar\/e801a681bd3bbf2345131a815930b48d9f8e0a94de1346b624840dc850f67ad0?s=96&d=mm&r=g\",\"caption\":\"\\\"Zeit der Leser\\\"-Redaktion\"},\"url\":\"https:\/\/blog.zeit.de\/zeit-der-leser\/author\/zeit-der-leser-redaktion\/\"}]}<\/script>\n<!-- \/ Yoast SEO plugin. -->","yoast_head_json":{"title":"Lieber Ben Becker, - ZEIT der Leser","robots":{"index":"index","follow":"follow","max-snippet":"max-snippet:-1","max-image-preview":"max-image-preview:large","max-video-preview":"max-video-preview:-1"},"canonical":"https:\/\/blog.zeit.de\/zeit-der-leser\/2011\/07\/16\/lieber-ben-becker\/","og_locale":"de_DE","og_type":"article","og_title":"Lieber Ben Becker, - ZEIT der Leser","og_description":"natu\u0308rlich gibt es amu\u0308santere Aktivit\u00e4ten an einem strahlend sonnigen Sommernachmittag, als ihn freiwillig vor du\u0308sterer Bu\u0308hnenkulisse bei Kerzenschein zu verbringen \u2013 zumal um schwermu\u0308tige Texte zu h\u00f6ren. Aber Ihnen ist es gelungen, daraus eine kleine ku\u0308nstlerische Sternstunde zu machen. John Donnes schaurigmorbides Todesduell und die Gro\u00dfe Elegie von Joseph Brodsky, von Ihnen rezitiert, interpretiert und [&hellip;]","og_url":"https:\/\/blog.zeit.de\/zeit-der-leser\/2011\/07\/16\/lieber-ben-becker\/","og_site_name":"ZEIT der Leser","article_published_time":"2011-07-16T08:00:36+00:00","article_modified_time":"2011-07-14T11:57:53+00:00","og_image":[{"url":"https:\/\/blog.zeit.de\/zeit-der-leser\/files\/2011\/07\/s82-ben-becker-150x150.jpg"}],"author":"\"Zeit der Leser\"-Redaktion","twitter_card":"summary_large_image","twitter_misc":{"Geschrieben von":"\"Zeit der Leser\"-Redaktion","Gesch\u00e4tzte Lesezeit":"1\u00a0Minute"},"schema":{"@context":"https:\/\/schema.org","@graph":[{"@type":"WebPage","@id":"https:\/\/blog.zeit.de\/zeit-der-leser\/2011\/07\/16\/lieber-ben-becker\/","url":"https:\/\/blog.zeit.de\/zeit-der-leser\/2011\/07\/16\/lieber-ben-becker\/","name":"Lieber Ben Becker, - ZEIT der Leser","isPartOf":{"@id":"https:\/\/blog.zeit.de\/zeit-der-leser\/#website"},"datePublished":"2011-07-16T08:00:36+00:00","dateModified":"2011-07-14T11:57:53+00:00","author":{"@id":"https:\/\/blog.zeit.de\/zeit-der-leser\/#\/schema\/person\/583b14e5ad6368c23af846ecbde9f20f"},"breadcrumb":{"@id":"https:\/\/blog.zeit.de\/zeit-der-leser\/2011\/07\/16\/lieber-ben-becker\/#breadcrumb"},"inLanguage":"de","potentialAction":[{"@type":"ReadAction","target":["https:\/\/blog.zeit.de\/zeit-der-leser\/2011\/07\/16\/lieber-ben-becker\/"]}]},{"@type":"BreadcrumbList","@id":"https:\/\/blog.zeit.de\/zeit-der-leser\/2011\/07\/16\/lieber-ben-becker\/#breadcrumb","itemListElement":[{"@type":"ListItem","position":1,"name":"Startseite","item":"https:\/\/blog.zeit.de\/zeit-der-leser\/"},{"@type":"ListItem","position":2,"name":"Lieber Ben Becker,"}]},{"@type":"WebSite","@id":"https:\/\/blog.zeit.de\/zeit-der-leser\/#website","url":"https:\/\/blog.zeit.de\/zeit-der-leser\/","name":"ZEIT der Leser","description":"Ein Blog mit Ihren Notizen, Gedichten und Bildern f\u00fcr die gedruckte ZEIT","potentialAction":[{"@type":"SearchAction","target":{"@type":"EntryPoint","urlTemplate":"https:\/\/blog.zeit.de\/zeit-der-leser\/?s={search_term_string}"},"query-input":"required name=search_term_string"}],"inLanguage":"de"},{"@type":"Person","@id":"https:\/\/blog.zeit.de\/zeit-der-leser\/#\/schema\/person\/583b14e5ad6368c23af846ecbde9f20f","name":"\"Zeit der Leser\"-Redaktion","image":{"@type":"ImageObject","inLanguage":"de","@id":"https:\/\/blog.zeit.de\/zeit-der-leser\/#\/schema\/person\/image\/","url":"https:\/\/secure.gravatar.com\/avatar\/e801a681bd3bbf2345131a815930b48d9f8e0a94de1346b624840dc850f67ad0?s=96&d=mm&r=g","contentUrl":"https:\/\/secure.gravatar.com\/avatar\/e801a681bd3bbf2345131a815930b48d9f8e0a94de1346b624840dc850f67ad0?s=96&d=mm&r=g","caption":"\"Zeit der Leser\"-Redaktion"},"url":"https:\/\/blog.zeit.de\/zeit-der-leser\/author\/zeit-der-leser-redaktion\/"}]}},"jetpack_featured_media_url":"","jetpack_sharing_enabled":true,"_links":{"self":[{"href":"https:\/\/blog.zeit.de\/zeit-der-leser\/wp-json\/wp\/v2\/posts\/6325","targetHints":{"allow":["GET"]}}],"collection":[{"href":"https:\/\/blog.zeit.de\/zeit-der-leser\/wp-json\/wp\/v2\/posts"}],"about":[{"href":"https:\/\/blog.zeit.de\/zeit-der-leser\/wp-json\/wp\/v2\/types\/post"}],"author":[{"embeddable":true,"href":"https:\/\/blog.zeit.de\/zeit-der-leser\/wp-json\/wp\/v2\/users\/265"}],"replies":[{"embeddable":true,"href":"https:\/\/blog.zeit.de\/zeit-der-leser\/wp-json\/wp\/v2\/comments?post=6325"}],"version-history":[{"count":3,"href":"https:\/\/blog.zeit.de\/zeit-der-leser\/wp-json\/wp\/v2\/posts\/6325\/revisions"}],"predecessor-version":[{"id":6329,"href":"https:\/\/blog.zeit.de\/zeit-der-leser\/wp-json\/wp\/v2\/posts\/6325\/revisions\/6329"}],"wp:attachment":[{"href":"https:\/\/blog.zeit.de\/zeit-der-leser\/wp-json\/wp\/v2\/media?parent=6325"}],"wp:term":[{"taxonomy":"category","embeddable":true,"href":"https:\/\/blog.zeit.de\/zeit-der-leser\/wp-json\/wp\/v2\/categories?post=6325"},{"taxonomy":"post_tag","embeddable":true,"href":"https:\/\/blog.zeit.de\/zeit-der-leser\/wp-json\/wp\/v2\/tags?post=6325"}],"curies":[{"name":"wp","href":"https:\/\/api.w.org\/{rel}","templated":true}]}}