{"id":6330,"date":"2011-07-17T10:00:41","date_gmt":"2011-07-17T08:00:41","guid":{"rendered":"http:\/\/blog.zeit.de\/zeit-der-leser\/?p=6330"},"modified":"2011-07-14T14:01:08","modified_gmt":"2011-07-14T12:01:08","slug":"hatte-man-sich-sparen-konnen","status":"publish","type":"post","link":"https:\/\/blog.zeit.de\/zeit-der-leser\/2011\/07\/17\/hatte-man-sich-sparen-konnen\/","title":{"rendered":"H\u00e4tte man sich sparen k\u00f6nnen"},"content":{"rendered":"<p><a href=\"https:\/\/blog.zeit.de\/zeit-der-leser\/files\/2011\/07\/s82-stra\u00dfenbild.jpg\"><img loading=\"lazy\" decoding=\"async\" class=\"aligncenter size-full wp-image-6331\" title=\"s82-stra\u00dfenbild\" src=\"https:\/\/blog.zeit.de\/zeit-der-leser\/files\/2011\/07\/s82-stra\u00dfenbild.jpg\" alt=\"\" width=\"540\" height=\"405\" srcset=\"https:\/\/blog.zeit.de\/zeit-der-leser\/files\/2011\/07\/s82-stra\u00dfenbild.jpg 540w, https:\/\/blog.zeit.de\/zeit-der-leser\/files\/2011\/07\/s82-stra\u00dfenbild-300x225.jpg 300w\" sizes=\"auto, (max-width: 540px) 100vw, 540px\" \/><\/a>Diese Szenerie findet man t\u00e4glich am Berliner Ostbahnhof in der N\u00e4he des Haupteingangs. Mehrere dieser Verbotsschilder zieren rundum das Gel\u00e4nder einer Tiefgaragenein fahrt, die Radfahrer aber haben kein Einsehen. Denn schlie\u00dflich: Hier kann man sein Fahrrad fest anschlie\u00dfen, was auf der gegenu\u0308berliegenden Stra\u00dfenseite, an den offiziellen Fahrradst\u00e4ndern, nicht so bequem geht. Da nu\u0308tzt es auch nichts, dass dort das v\u00f6llig absurde Schild \u00bbFahrradabstellanlage\u00ab angebracht ist. All diese Schilder h\u00e4tte man sich also wirklich sparen k\u00f6nnen.<\/p>\n<p><em>Franz Fischer, Berlin<\/em><\/p>\n","protected":false},"excerpt":{"rendered":"<p>Diese Szenerie findet man t\u00e4glich am Berliner Ostbahnhof in der N\u00e4he des Haupteingangs. Mehrere dieser Verbotsschilder zieren rundum das Gel\u00e4nder einer Tiefgaragenein fahrt, die Radfahrer aber haben kein Einsehen. Denn schlie\u00dflich: Hier kann man sein Fahrrad fest anschlie\u00dfen, was auf der gegenu\u0308berliegenden Stra\u00dfenseite, an den offiziellen Fahrradst\u00e4ndern, nicht so bequem geht. Da nu\u0308tzt es auch [&hellip;]<\/p>\n","protected":false},"author":265,"featured_media":0,"comment_status":"open","ping_status":"open","sticky":false,"template":"","format":"standard","meta":{"_jetpack_memberships_contains_paid_content":false,"footnotes":""},"categories":[5688],"tags":[],"class_list":["post-6330","post","type-post","status-publish","format-standard","hentry","category-strasenbild"],"yoast_head":"<!-- This site is optimized with the Yoast SEO plugin v21.0 - https:\/\/yoast.com\/wordpress\/plugins\/seo\/ -->\n<title>H\u00e4tte man sich sparen k\u00f6nnen - ZEIT der Leser<\/title>\n<meta name=\"robots\" content=\"index, follow, max-snippet:-1, max-image-preview:large, max-video-preview:-1\" \/>\n<link rel=\"canonical\" href=\"https:\/\/blog.zeit.de\/zeit-der-leser\/2011\/07\/17\/hatte-man-sich-sparen-konnen\/\" \/>\n<meta property=\"og:locale\" content=\"de_DE\" \/>\n<meta property=\"og:type\" content=\"article\" \/>\n<meta property=\"og:title\" content=\"H\u00e4tte man sich sparen k\u00f6nnen - ZEIT der Leser\" \/>\n<meta property=\"og:description\" content=\"Diese Szenerie findet man t\u00e4glich am Berliner Ostbahnhof in der N\u00e4he des Haupteingangs. Mehrere dieser Verbotsschilder zieren rundum das Gel\u00e4nder einer Tiefgaragenein fahrt, die Radfahrer aber haben kein Einsehen. Denn schlie\u00dflich: Hier kann man sein Fahrrad fest anschlie\u00dfen, was auf der gegenu\u0308berliegenden Stra\u00dfenseite, an den offiziellen Fahrradst\u00e4ndern, nicht so bequem geht. Da nu\u0308tzt es auch [&hellip;]\" \/>\n<meta property=\"og:url\" content=\"https:\/\/blog.zeit.de\/zeit-der-leser\/2011\/07\/17\/hatte-man-sich-sparen-konnen\/\" \/>\n<meta property=\"og:site_name\" content=\"ZEIT der Leser\" \/>\n<meta property=\"article:published_time\" content=\"2011-07-17T08:00:41+00:00\" \/>\n<meta property=\"article:modified_time\" content=\"2011-07-14T12:01:08+00:00\" \/>\n<meta name=\"author\" content=\"&quot;Zeit der Leser&quot;-Redaktion\" \/>\n<meta name=\"twitter:card\" content=\"summary_large_image\" \/>\n<meta name=\"twitter:label1\" content=\"Geschrieben von\" \/>\n\t<meta name=\"twitter:data1\" content=\"\"Zeit der Leser\"-Redaktion\" \/>\n<script type=\"application\/ld+json\" class=\"yoast-schema-graph\">{\"@context\":\"https:\/\/schema.org\",\"@graph\":[{\"@type\":\"WebPage\",\"@id\":\"https:\/\/blog.zeit.de\/zeit-der-leser\/2011\/07\/17\/hatte-man-sich-sparen-konnen\/\",\"url\":\"https:\/\/blog.zeit.de\/zeit-der-leser\/2011\/07\/17\/hatte-man-sich-sparen-konnen\/\",\"name\":\"H\u00e4tte man sich sparen k\u00f6nnen - ZEIT der Leser\",\"isPartOf\":{\"@id\":\"https:\/\/blog.zeit.de\/zeit-der-leser\/#website\"},\"datePublished\":\"2011-07-17T08:00:41+00:00\",\"dateModified\":\"2011-07-14T12:01:08+00:00\",\"author\":{\"@id\":\"https:\/\/blog.zeit.de\/zeit-der-leser\/#\/schema\/person\/583b14e5ad6368c23af846ecbde9f20f\"},\"breadcrumb\":{\"@id\":\"https:\/\/blog.zeit.de\/zeit-der-leser\/2011\/07\/17\/hatte-man-sich-sparen-konnen\/#breadcrumb\"},\"inLanguage\":\"de\",\"potentialAction\":[{\"@type\":\"ReadAction\",\"target\":[\"https:\/\/blog.zeit.de\/zeit-der-leser\/2011\/07\/17\/hatte-man-sich-sparen-konnen\/\"]}]},{\"@type\":\"BreadcrumbList\",\"@id\":\"https:\/\/blog.zeit.de\/zeit-der-leser\/2011\/07\/17\/hatte-man-sich-sparen-konnen\/#breadcrumb\",\"itemListElement\":[{\"@type\":\"ListItem\",\"position\":1,\"name\":\"Startseite\",\"item\":\"https:\/\/blog.zeit.de\/zeit-der-leser\/\"},{\"@type\":\"ListItem\",\"position\":2,\"name\":\"H\u00e4tte man sich sparen k\u00f6nnen\"}]},{\"@type\":\"WebSite\",\"@id\":\"https:\/\/blog.zeit.de\/zeit-der-leser\/#website\",\"url\":\"https:\/\/blog.zeit.de\/zeit-der-leser\/\",\"name\":\"ZEIT der Leser\",\"description\":\"Ein Blog mit Ihren Notizen, Gedichten und Bildern f\u00fcr die gedruckte ZEIT\",\"potentialAction\":[{\"@type\":\"SearchAction\",\"target\":{\"@type\":\"EntryPoint\",\"urlTemplate\":\"https:\/\/blog.zeit.de\/zeit-der-leser\/?s={search_term_string}\"},\"query-input\":\"required name=search_term_string\"}],\"inLanguage\":\"de\"},{\"@type\":\"Person\",\"@id\":\"https:\/\/blog.zeit.de\/zeit-der-leser\/#\/schema\/person\/583b14e5ad6368c23af846ecbde9f20f\",\"name\":\"\\\"Zeit der Leser\\\"-Redaktion\",\"image\":{\"@type\":\"ImageObject\",\"inLanguage\":\"de\",\"@id\":\"https:\/\/blog.zeit.de\/zeit-der-leser\/#\/schema\/person\/image\/\",\"url\":\"https:\/\/secure.gravatar.com\/avatar\/e801a681bd3bbf2345131a815930b48d9f8e0a94de1346b624840dc850f67ad0?s=96&d=mm&r=g\",\"contentUrl\":\"https:\/\/secure.gravatar.com\/avatar\/e801a681bd3bbf2345131a815930b48d9f8e0a94de1346b624840dc850f67ad0?s=96&d=mm&r=g\",\"caption\":\"\\\"Zeit der Leser\\\"-Redaktion\"},\"url\":\"https:\/\/blog.zeit.de\/zeit-der-leser\/author\/zeit-der-leser-redaktion\/\"}]}<\/script>\n<!-- \/ Yoast SEO plugin. -->","yoast_head_json":{"title":"H\u00e4tte man sich sparen k\u00f6nnen - ZEIT der Leser","robots":{"index":"index","follow":"follow","max-snippet":"max-snippet:-1","max-image-preview":"max-image-preview:large","max-video-preview":"max-video-preview:-1"},"canonical":"https:\/\/blog.zeit.de\/zeit-der-leser\/2011\/07\/17\/hatte-man-sich-sparen-konnen\/","og_locale":"de_DE","og_type":"article","og_title":"H\u00e4tte man sich sparen k\u00f6nnen - ZEIT der Leser","og_description":"Diese Szenerie findet man t\u00e4glich am Berliner Ostbahnhof in der N\u00e4he des Haupteingangs. Mehrere dieser Verbotsschilder zieren rundum das Gel\u00e4nder einer Tiefgaragenein fahrt, die Radfahrer aber haben kein Einsehen. Denn schlie\u00dflich: Hier kann man sein Fahrrad fest anschlie\u00dfen, was auf der gegenu\u0308berliegenden Stra\u00dfenseite, an den offiziellen Fahrradst\u00e4ndern, nicht so bequem geht. Da nu\u0308tzt es auch [&hellip;]","og_url":"https:\/\/blog.zeit.de\/zeit-der-leser\/2011\/07\/17\/hatte-man-sich-sparen-konnen\/","og_site_name":"ZEIT der Leser","article_published_time":"2011-07-17T08:00:41+00:00","article_modified_time":"2011-07-14T12:01:08+00:00","author":"\"Zeit der Leser\"-Redaktion","twitter_card":"summary_large_image","twitter_misc":{"Geschrieben von":"\"Zeit der Leser\"-Redaktion"},"schema":{"@context":"https:\/\/schema.org","@graph":[{"@type":"WebPage","@id":"https:\/\/blog.zeit.de\/zeit-der-leser\/2011\/07\/17\/hatte-man-sich-sparen-konnen\/","url":"https:\/\/blog.zeit.de\/zeit-der-leser\/2011\/07\/17\/hatte-man-sich-sparen-konnen\/","name":"H\u00e4tte man sich sparen k\u00f6nnen - ZEIT der Leser","isPartOf":{"@id":"https:\/\/blog.zeit.de\/zeit-der-leser\/#website"},"datePublished":"2011-07-17T08:00:41+00:00","dateModified":"2011-07-14T12:01:08+00:00","author":{"@id":"https:\/\/blog.zeit.de\/zeit-der-leser\/#\/schema\/person\/583b14e5ad6368c23af846ecbde9f20f"},"breadcrumb":{"@id":"https:\/\/blog.zeit.de\/zeit-der-leser\/2011\/07\/17\/hatte-man-sich-sparen-konnen\/#breadcrumb"},"inLanguage":"de","potentialAction":[{"@type":"ReadAction","target":["https:\/\/blog.zeit.de\/zeit-der-leser\/2011\/07\/17\/hatte-man-sich-sparen-konnen\/"]}]},{"@type":"BreadcrumbList","@id":"https:\/\/blog.zeit.de\/zeit-der-leser\/2011\/07\/17\/hatte-man-sich-sparen-konnen\/#breadcrumb","itemListElement":[{"@type":"ListItem","position":1,"name":"Startseite","item":"https:\/\/blog.zeit.de\/zeit-der-leser\/"},{"@type":"ListItem","position":2,"name":"H\u00e4tte man sich sparen k\u00f6nnen"}]},{"@type":"WebSite","@id":"https:\/\/blog.zeit.de\/zeit-der-leser\/#website","url":"https:\/\/blog.zeit.de\/zeit-der-leser\/","name":"ZEIT der Leser","description":"Ein Blog mit Ihren Notizen, Gedichten und Bildern f\u00fcr die gedruckte ZEIT","potentialAction":[{"@type":"SearchAction","target":{"@type":"EntryPoint","urlTemplate":"https:\/\/blog.zeit.de\/zeit-der-leser\/?s={search_term_string}"},"query-input":"required name=search_term_string"}],"inLanguage":"de"},{"@type":"Person","@id":"https:\/\/blog.zeit.de\/zeit-der-leser\/#\/schema\/person\/583b14e5ad6368c23af846ecbde9f20f","name":"\"Zeit der Leser\"-Redaktion","image":{"@type":"ImageObject","inLanguage":"de","@id":"https:\/\/blog.zeit.de\/zeit-der-leser\/#\/schema\/person\/image\/","url":"https:\/\/secure.gravatar.com\/avatar\/e801a681bd3bbf2345131a815930b48d9f8e0a94de1346b624840dc850f67ad0?s=96&d=mm&r=g","contentUrl":"https:\/\/secure.gravatar.com\/avatar\/e801a681bd3bbf2345131a815930b48d9f8e0a94de1346b624840dc850f67ad0?s=96&d=mm&r=g","caption":"\"Zeit der Leser\"-Redaktion"},"url":"https:\/\/blog.zeit.de\/zeit-der-leser\/author\/zeit-der-leser-redaktion\/"}]}},"jetpack_featured_media_url":"","jetpack_sharing_enabled":true,"_links":{"self":[{"href":"https:\/\/blog.zeit.de\/zeit-der-leser\/wp-json\/wp\/v2\/posts\/6330","targetHints":{"allow":["GET"]}}],"collection":[{"href":"https:\/\/blog.zeit.de\/zeit-der-leser\/wp-json\/wp\/v2\/posts"}],"about":[{"href":"https:\/\/blog.zeit.de\/zeit-der-leser\/wp-json\/wp\/v2\/types\/post"}],"author":[{"embeddable":true,"href":"https:\/\/blog.zeit.de\/zeit-der-leser\/wp-json\/wp\/v2\/users\/265"}],"replies":[{"embeddable":true,"href":"https:\/\/blog.zeit.de\/zeit-der-leser\/wp-json\/wp\/v2\/comments?post=6330"}],"version-history":[{"count":3,"href":"https:\/\/blog.zeit.de\/zeit-der-leser\/wp-json\/wp\/v2\/posts\/6330\/revisions"}],"predecessor-version":[{"id":6334,"href":"https:\/\/blog.zeit.de\/zeit-der-leser\/wp-json\/wp\/v2\/posts\/6330\/revisions\/6334"}],"wp:attachment":[{"href":"https:\/\/blog.zeit.de\/zeit-der-leser\/wp-json\/wp\/v2\/media?parent=6330"}],"wp:term":[{"taxonomy":"category","embeddable":true,"href":"https:\/\/blog.zeit.de\/zeit-der-leser\/wp-json\/wp\/v2\/categories?post=6330"},{"taxonomy":"post_tag","embeddable":true,"href":"https:\/\/blog.zeit.de\/zeit-der-leser\/wp-json\/wp\/v2\/tags?post=6330"}],"curies":[{"name":"wp","href":"https:\/\/api.w.org\/{rel}","templated":true}]}}