{"id":634,"date":"2010-04-16T10:35:37","date_gmt":"2010-04-16T08:35:37","guid":{"rendered":"http:\/\/blog.zeit.de\/zeit-der-leser\/?p=634"},"modified":"2010-04-16T10:35:37","modified_gmt":"2010-04-16T08:35:37","slug":"streifzug","status":"publish","type":"post","link":"https:\/\/blog.zeit.de\/zeit-der-leser\/2010\/04\/16\/streifzug\/","title":{"rendered":"Streifzug"},"content":{"rendered":"<p><figure id=\"attachment_635\" aria-describedby=\"caption-attachment-635\" style=\"width: 540px\" class=\"wp-caption alignleft\"><a href=\"http:\/\/www.photocase.com\/de\/user.asp?u=158488\" target=\"_blank\"><img loading=\"lazy\" decoding=\"async\" class=\"size-full wp-image-635\" title=\"photocaseke667hm71\" src=\"https:\/\/blog.zeit.de\/zeit-der-leser\/files\/2010\/04\/photocaseke667hm71.jpg\" alt=\"\" width=\"540\" height=\"359\" srcset=\"https:\/\/blog.zeit.de\/zeit-der-leser\/files\/2010\/04\/photocaseke667hm71.jpg 540w, https:\/\/blog.zeit.de\/zeit-der-leser\/files\/2010\/04\/photocaseke667hm71-300x199.jpg 300w\" sizes=\"auto, (max-width: 540px) 100vw, 540px\" \/><\/a><figcaption id=\"caption-attachment-635\" class=\"wp-caption-text\">\u00a9 YariK \/ photocase.com<\/figcaption><\/figure><\/p>\n<p>Noch ist Zeit. Bergauf zur Kirche. Die das Dorf beobachtet. Gelangweilte H\u00e4user, Mittagszeit. Verwaister Spielplatz. Kein Schwatz \u00fcber Gartenz\u00e4une. Kein Werkeln auf Gr\u00e4bern, Beeten. Ohne Laub die Gossen. Am Sonntag sollst Du ruhn.<\/p>\n<p>D\u00e4mmernde Gassen. Da! \u00c4g\u00e4isblau vor Lehm! Telefonzelle wird B\u00fccherzelle! Regale. Best\u00fcckt mit Bertelsmann und Heyne. Fontane. Den Manns. Buck, Konsalik, Karl May. Lenz, von Arnim\u2026 Nimm&#8216; Dir, welches Du magst. Stell&#8216; eines hinzu oder zur\u00fcck. Und in zweiter Reihe hinten? Quer dr\u00fcber? Fleddert auf dem Boden? Feucht dringt es herein.  Belegt Schutzumschl\u00e4ge. Schleicht zu den Seiten. Nascht von den Buchstaben.<\/p>\n<p>Z\u00fcgig zum Parkplatz bei der Frittenbude. Gen\u00fcgend Autos f\u00fcr alle? Auf geht&#8217;s, zum Wald! Haselwurz, Bl\u00fcten im Verborgenen. M\u00e4rzbecher, mit Tropfen verziert. Aaronstab gefleckt. Schl\u00fcsselblumen. Buschwindr\u00f6schen, gefaltet durch dezente Lenzbeleuchtung.  Bilsenkraut, was kreucht und fleucht denn da? T\u00fcrkenbund, Orchideen. Wieder M\u00e4rzbecher. Hummeln am Seidelbast, Pelz an Pelz. Wenig emsig. Gew\u00f6lle auf dem Baumstumpf. Kot, der Fuchs markiert sein Revier. Trockenbl\u00e4tter rascheln. Junges Gr\u00fcn sprie\u00dft. Hupps, Huflattich. Spring&#8216; hin\u00fcber, gerettet. Baumrinde lebt. Ein Borkenk\u00e4fer, sieh&#8216; genau hin. Zarte F\u00e4den, von Pilzen geflochten. Kolkraben rufen, segeln wie Greife. Zu zweit umeinander.<\/p>\n<p>B\u00e4rlauch. Eilig zerhackt zum Mandel-K\u00e4se-\u00d6lgemisch auf Brot am Waldrand. Furcht vor&#8217;m Fuchsbandwurm? Jedes Blatt regengussgesp\u00fclt!<\/p>\n<p>Ausklang in der Galerie &#8222;Wasserscheune&#8220;, Mohnkuchen mit Kaffee und Rauhaardackel. Ausstellung, Akt, Abstraktes, Andrea Rausch. Postkarten. Wer k\u00f6nnte sich freuen \u00fcber Gr\u00fc\u00dfe? N\u00e4chstes Mal. Vielleicht\u2026<\/p>\n<p>Aufbruch.<\/p>\n<p><em>Petra Yildiz, G\u00f6ttingen<\/em><\/p>\n","protected":false},"excerpt":{"rendered":"<p>Noch ist Zeit. Bergauf zur Kirche. Die das Dorf beobachtet. Gelangweilte H\u00e4user, Mittagszeit. Verwaister Spielplatz. Kein Schwatz \u00fcber Gartenz\u00e4une. Kein Werkeln auf Gr\u00e4bern, Beeten. Ohne Laub die Gossen. Am Sonntag sollst Du ruhn. D\u00e4mmernde Gassen. Da! \u00c4g\u00e4isblau vor Lehm! Telefonzelle wird B\u00fccherzelle! Regale. Best\u00fcckt mit Bertelsmann und Heyne. Fontane. Den Manns. Buck, Konsalik, Karl May. [&hellip;]<\/p>\n","protected":false},"author":264,"featured_media":0,"comment_status":"open","ping_status":"open","sticky":false,"template":"","format":"standard","meta":{"_jetpack_memberships_contains_paid_content":false,"footnotes":""},"categories":[1871],"tags":[],"class_list":["post-634","post","type-post","status-publish","format-standard","hentry","category-was-mein-leben-reicher-macht"],"yoast_head":"<!-- This site is optimized with the Yoast SEO plugin v21.0 - https:\/\/yoast.com\/wordpress\/plugins\/seo\/ -->\n<title>Streifzug - ZEIT der Leser<\/title>\n<meta name=\"robots\" content=\"index, follow, max-snippet:-1, max-image-preview:large, max-video-preview:-1\" \/>\n<link rel=\"canonical\" href=\"https:\/\/blog.zeit.de\/zeit-der-leser\/2010\/04\/16\/streifzug\/\" \/>\n<meta property=\"og:locale\" content=\"de_DE\" \/>\n<meta property=\"og:type\" content=\"article\" \/>\n<meta property=\"og:title\" content=\"Streifzug - ZEIT der Leser\" \/>\n<meta property=\"og:description\" content=\"Noch ist Zeit. Bergauf zur Kirche. Die das Dorf beobachtet. Gelangweilte H\u00e4user, Mittagszeit. Verwaister Spielplatz. Kein Schwatz \u00fcber Gartenz\u00e4une. Kein Werkeln auf Gr\u00e4bern, Beeten. Ohne Laub die Gossen. Am Sonntag sollst Du ruhn. D\u00e4mmernde Gassen. Da! \u00c4g\u00e4isblau vor Lehm! Telefonzelle wird B\u00fccherzelle! Regale. Best\u00fcckt mit Bertelsmann und Heyne. Fontane. Den Manns. Buck, Konsalik, Karl May. [&hellip;]\" \/>\n<meta property=\"og:url\" content=\"https:\/\/blog.zeit.de\/zeit-der-leser\/2010\/04\/16\/streifzug\/\" \/>\n<meta property=\"og:site_name\" content=\"ZEIT der Leser\" \/>\n<meta property=\"article:published_time\" content=\"2010-04-16T08:35:37+00:00\" \/>\n<meta property=\"og:image\" content=\"https:\/\/blog.zeit.de\/zeit-der-leser\/files\/2010\/04\/photocaseke667hm71.jpg\" \/>\n<meta name=\"author\" content=\"Zeit der Leser\" \/>\n<meta name=\"twitter:card\" content=\"summary_large_image\" \/>\n<meta name=\"twitter:label1\" content=\"Geschrieben von\" \/>\n\t<meta name=\"twitter:data1\" content=\"Zeit der Leser\" \/>\n\t<meta name=\"twitter:label2\" content=\"Gesch\u00e4tzte Lesezeit\" \/>\n\t<meta name=\"twitter:data2\" content=\"1\u00a0Minute\" \/>\n<script type=\"application\/ld+json\" class=\"yoast-schema-graph\">{\"@context\":\"https:\/\/schema.org\",\"@graph\":[{\"@type\":\"WebPage\",\"@id\":\"https:\/\/blog.zeit.de\/zeit-der-leser\/2010\/04\/16\/streifzug\/\",\"url\":\"https:\/\/blog.zeit.de\/zeit-der-leser\/2010\/04\/16\/streifzug\/\",\"name\":\"Streifzug - ZEIT der Leser\",\"isPartOf\":{\"@id\":\"https:\/\/blog.zeit.de\/zeit-der-leser\/#website\"},\"datePublished\":\"2010-04-16T08:35:37+00:00\",\"dateModified\":\"2010-04-16T08:35:37+00:00\",\"author\":{\"@id\":\"https:\/\/blog.zeit.de\/zeit-der-leser\/#\/schema\/person\/e248c7ff5a10552f6a3bd5e9385b3667\"},\"breadcrumb\":{\"@id\":\"https:\/\/blog.zeit.de\/zeit-der-leser\/2010\/04\/16\/streifzug\/#breadcrumb\"},\"inLanguage\":\"de\",\"potentialAction\":[{\"@type\":\"ReadAction\",\"target\":[\"https:\/\/blog.zeit.de\/zeit-der-leser\/2010\/04\/16\/streifzug\/\"]}]},{\"@type\":\"BreadcrumbList\",\"@id\":\"https:\/\/blog.zeit.de\/zeit-der-leser\/2010\/04\/16\/streifzug\/#breadcrumb\",\"itemListElement\":[{\"@type\":\"ListItem\",\"position\":1,\"name\":\"Startseite\",\"item\":\"https:\/\/blog.zeit.de\/zeit-der-leser\/\"},{\"@type\":\"ListItem\",\"position\":2,\"name\":\"Streifzug\"}]},{\"@type\":\"WebSite\",\"@id\":\"https:\/\/blog.zeit.de\/zeit-der-leser\/#website\",\"url\":\"https:\/\/blog.zeit.de\/zeit-der-leser\/\",\"name\":\"ZEIT der Leser\",\"description\":\"Ein Blog mit Ihren Notizen, Gedichten und Bildern f\u00fcr die gedruckte ZEIT\",\"potentialAction\":[{\"@type\":\"SearchAction\",\"target\":{\"@type\":\"EntryPoint\",\"urlTemplate\":\"https:\/\/blog.zeit.de\/zeit-der-leser\/?s={search_term_string}\"},\"query-input\":\"required name=search_term_string\"}],\"inLanguage\":\"de\"},{\"@type\":\"Person\",\"@id\":\"https:\/\/blog.zeit.de\/zeit-der-leser\/#\/schema\/person\/e248c7ff5a10552f6a3bd5e9385b3667\",\"name\":\"Zeit der Leser\",\"image\":{\"@type\":\"ImageObject\",\"inLanguage\":\"de\",\"@id\":\"https:\/\/blog.zeit.de\/zeit-der-leser\/#\/schema\/person\/image\/\",\"url\":\"https:\/\/secure.gravatar.com\/avatar\/529bb2731085995bda6c8ba0e4da7e528ea8be4e6c7abdd217f176e2309035f6?s=96&d=mm&r=g\",\"contentUrl\":\"https:\/\/secure.gravatar.com\/avatar\/529bb2731085995bda6c8ba0e4da7e528ea8be4e6c7abdd217f176e2309035f6?s=96&d=mm&r=g\",\"caption\":\"Zeit der Leser\"},\"url\":\"https:\/\/blog.zeit.de\/zeit-der-leser\/author\/zeit-der-leser\/\"}]}<\/script>\n<!-- \/ Yoast SEO plugin. -->","yoast_head_json":{"title":"Streifzug - ZEIT der Leser","robots":{"index":"index","follow":"follow","max-snippet":"max-snippet:-1","max-image-preview":"max-image-preview:large","max-video-preview":"max-video-preview:-1"},"canonical":"https:\/\/blog.zeit.de\/zeit-der-leser\/2010\/04\/16\/streifzug\/","og_locale":"de_DE","og_type":"article","og_title":"Streifzug - ZEIT der Leser","og_description":"Noch ist Zeit. Bergauf zur Kirche. Die das Dorf beobachtet. Gelangweilte H\u00e4user, Mittagszeit. Verwaister Spielplatz. Kein Schwatz \u00fcber Gartenz\u00e4une. Kein Werkeln auf Gr\u00e4bern, Beeten. Ohne Laub die Gossen. Am Sonntag sollst Du ruhn. D\u00e4mmernde Gassen. Da! \u00c4g\u00e4isblau vor Lehm! Telefonzelle wird B\u00fccherzelle! Regale. Best\u00fcckt mit Bertelsmann und Heyne. Fontane. Den Manns. Buck, Konsalik, Karl May. [&hellip;]","og_url":"https:\/\/blog.zeit.de\/zeit-der-leser\/2010\/04\/16\/streifzug\/","og_site_name":"ZEIT der Leser","article_published_time":"2010-04-16T08:35:37+00:00","og_image":[{"url":"https:\/\/blog.zeit.de\/zeit-der-leser\/files\/2010\/04\/photocaseke667hm71.jpg"}],"author":"Zeit der Leser","twitter_card":"summary_large_image","twitter_misc":{"Geschrieben von":"Zeit der Leser","Gesch\u00e4tzte Lesezeit":"1\u00a0Minute"},"schema":{"@context":"https:\/\/schema.org","@graph":[{"@type":"WebPage","@id":"https:\/\/blog.zeit.de\/zeit-der-leser\/2010\/04\/16\/streifzug\/","url":"https:\/\/blog.zeit.de\/zeit-der-leser\/2010\/04\/16\/streifzug\/","name":"Streifzug - ZEIT der Leser","isPartOf":{"@id":"https:\/\/blog.zeit.de\/zeit-der-leser\/#website"},"datePublished":"2010-04-16T08:35:37+00:00","dateModified":"2010-04-16T08:35:37+00:00","author":{"@id":"https:\/\/blog.zeit.de\/zeit-der-leser\/#\/schema\/person\/e248c7ff5a10552f6a3bd5e9385b3667"},"breadcrumb":{"@id":"https:\/\/blog.zeit.de\/zeit-der-leser\/2010\/04\/16\/streifzug\/#breadcrumb"},"inLanguage":"de","potentialAction":[{"@type":"ReadAction","target":["https:\/\/blog.zeit.de\/zeit-der-leser\/2010\/04\/16\/streifzug\/"]}]},{"@type":"BreadcrumbList","@id":"https:\/\/blog.zeit.de\/zeit-der-leser\/2010\/04\/16\/streifzug\/#breadcrumb","itemListElement":[{"@type":"ListItem","position":1,"name":"Startseite","item":"https:\/\/blog.zeit.de\/zeit-der-leser\/"},{"@type":"ListItem","position":2,"name":"Streifzug"}]},{"@type":"WebSite","@id":"https:\/\/blog.zeit.de\/zeit-der-leser\/#website","url":"https:\/\/blog.zeit.de\/zeit-der-leser\/","name":"ZEIT der Leser","description":"Ein Blog mit Ihren Notizen, Gedichten und Bildern f\u00fcr die gedruckte ZEIT","potentialAction":[{"@type":"SearchAction","target":{"@type":"EntryPoint","urlTemplate":"https:\/\/blog.zeit.de\/zeit-der-leser\/?s={search_term_string}"},"query-input":"required name=search_term_string"}],"inLanguage":"de"},{"@type":"Person","@id":"https:\/\/blog.zeit.de\/zeit-der-leser\/#\/schema\/person\/e248c7ff5a10552f6a3bd5e9385b3667","name":"Zeit der Leser","image":{"@type":"ImageObject","inLanguage":"de","@id":"https:\/\/blog.zeit.de\/zeit-der-leser\/#\/schema\/person\/image\/","url":"https:\/\/secure.gravatar.com\/avatar\/529bb2731085995bda6c8ba0e4da7e528ea8be4e6c7abdd217f176e2309035f6?s=96&d=mm&r=g","contentUrl":"https:\/\/secure.gravatar.com\/avatar\/529bb2731085995bda6c8ba0e4da7e528ea8be4e6c7abdd217f176e2309035f6?s=96&d=mm&r=g","caption":"Zeit der Leser"},"url":"https:\/\/blog.zeit.de\/zeit-der-leser\/author\/zeit-der-leser\/"}]}},"jetpack_featured_media_url":"","jetpack_sharing_enabled":true,"_links":{"self":[{"href":"https:\/\/blog.zeit.de\/zeit-der-leser\/wp-json\/wp\/v2\/posts\/634","targetHints":{"allow":["GET"]}}],"collection":[{"href":"https:\/\/blog.zeit.de\/zeit-der-leser\/wp-json\/wp\/v2\/posts"}],"about":[{"href":"https:\/\/blog.zeit.de\/zeit-der-leser\/wp-json\/wp\/v2\/types\/post"}],"author":[{"embeddable":true,"href":"https:\/\/blog.zeit.de\/zeit-der-leser\/wp-json\/wp\/v2\/users\/264"}],"replies":[{"embeddable":true,"href":"https:\/\/blog.zeit.de\/zeit-der-leser\/wp-json\/wp\/v2\/comments?post=634"}],"version-history":[{"count":0,"href":"https:\/\/blog.zeit.de\/zeit-der-leser\/wp-json\/wp\/v2\/posts\/634\/revisions"}],"wp:attachment":[{"href":"https:\/\/blog.zeit.de\/zeit-der-leser\/wp-json\/wp\/v2\/media?parent=634"}],"wp:term":[{"taxonomy":"category","embeddable":true,"href":"https:\/\/blog.zeit.de\/zeit-der-leser\/wp-json\/wp\/v2\/categories?post=634"},{"taxonomy":"post_tag","embeddable":true,"href":"https:\/\/blog.zeit.de\/zeit-der-leser\/wp-json\/wp\/v2\/tags?post=634"}],"curies":[{"name":"wp","href":"https:\/\/api.w.org\/{rel}","templated":true}]}}