{"id":6350,"date":"2011-07-15T11:00:27","date_gmt":"2011-07-15T09:00:27","guid":{"rendered":"http:\/\/blog.zeit.de\/zeit-der-leser\/?p=6350"},"modified":"2011-07-15T18:48:08","modified_gmt":"2011-07-15T16:48:08","slug":"65-jahre-die-zeit-31","status":"publish","type":"post","link":"https:\/\/blog.zeit.de\/zeit-der-leser\/2011\/07\/15\/65-jahre-die-zeit-31\/","title":{"rendered":"65 Jahre DIE ZEIT"},"content":{"rendered":"<p>Demonstrationen gegen Stuttgart 21, Proteste gegen Atomkraft \u2013 die letzten Monate waren vom Engagement des &#8222;Wutb\u00fcrgers&#8220; gepr\u00e4gt. Die neue Protestbereitschaft interessierte auch die Oberstufensch\u00fclerin Ann-Kristin Grobe und sie hatte einen <a href=\"http:\/\/www.youtube.com\/watch?v=OZ8k4lB2pz8\" target=\"_blank\">Wunsch:<\/a> eine Diskussion zu diesem Thema mit Thomas E. Schmidt an ihrem <a href=\"http:\/\/www.gymnasium-essen-ueberruhr.de\/\" target=\"_blank\">Gymnasium Essen-\u00dcberruhr<\/a>. Vor rund 200 Sch\u00fclerinnen und Sch\u00fclern diskutierte der Kulturkorrespondent der ZEIT mit Lokalpolitikern \u00fcber <em>Die neue Protestbereitschaft unserer Gesellschaft, ihre Wahrnehmung und Auswirkungen. Gibt es eine neue Kultur des Widerstandes?<\/em><\/p>\n<p><figure id=\"attachment_6352\" aria-describedby=\"caption-attachment-6352\" style=\"width: 540px\" class=\"wp-caption aligncenter\"><a href=\"https:\/\/blog.zeit.de\/zeit-der-leser\/files\/2011\/07\/essen-podium1.jpg\"><img loading=\"lazy\" decoding=\"async\" class=\"size-full wp-image-6352\" title=\"essen-podium1\" src=\"https:\/\/blog.zeit.de\/zeit-der-leser\/files\/2011\/07\/essen-podium1.jpg\" alt=\"\" width=\"540\" height=\"304\" srcset=\"https:\/\/blog.zeit.de\/zeit-der-leser\/files\/2011\/07\/essen-podium1.jpg 540w, https:\/\/blog.zeit.de\/zeit-der-leser\/files\/2011\/07\/essen-podium1-300x168.jpg 300w\" sizes=\"auto, (max-width: 540px) 100vw, 540px\" \/><\/a><figcaption id=\"caption-attachment-6352\" class=\"wp-caption-text\">Auf dem Podium (v. l.): Johannes Reimann, Abiturient und Moderator, Herr Hellmann, Mitglied des Vorstandes der FDP Essen, Herr Holz, Ortsverbandvorsitzender der CDU Essen-\u00dcberruhr, Thomas E. Schmidt, Kulturkorrespondent der ZEIT, Herr Klare, Gesch\u00e4ftsf\u00fchrer der SPD Essen, Herr Kerscht, Ratsherr der Gr\u00fcnen, Herr Leymann-Kurz, Fraktionsvorsitzender Die Linke Essen und Ann-Kristin Grobe, Moderatorin. \u00ae Bj\u00f6rn Liedgens<\/figcaption><\/figure><\/p>\n<p>In einer kurzen Einf\u00fchrung schilderte Thomas E. Schmidt seine Gedanken \u00fcber die neue Protestbewegung: Fr\u00fcher seien es immer wieder die gleichen Demonstranten gewesen, die sich an den Protesten beteiligt und oft auch Gewaltbereitschaft gezeigt h\u00e4tten. Heute in Stuttgart laufe es anders. Dort handle es sich um lokale, friedliche Proteste von gut informierten Demonstranten, denen es nicht um sozialen Protest gehe, sondern um Mitspracherecht und B\u00fcrgerbeteilung.<\/p>\n<p><figure id=\"attachment_6353\" aria-describedby=\"caption-attachment-6353\" style=\"width: 540px\" class=\"wp-caption aligncenter\"><a href=\"https:\/\/blog.zeit.de\/zeit-der-leser\/files\/2011\/07\/essen-podium2.jpg\"><img loading=\"lazy\" decoding=\"async\" class=\"size-full wp-image-6353\" title=\"essen-podium2\" src=\"https:\/\/blog.zeit.de\/zeit-der-leser\/files\/2011\/07\/essen-podium2.jpg\" alt=\"\" width=\"540\" height=\"304\" srcset=\"https:\/\/blog.zeit.de\/zeit-der-leser\/files\/2011\/07\/essen-podium2.jpg 540w, https:\/\/blog.zeit.de\/zeit-der-leser\/files\/2011\/07\/essen-podium2-300x168.jpg 300w\" sizes=\"auto, (max-width: 540px) 100vw, 540px\" \/><\/a><figcaption id=\"caption-attachment-6353\" class=\"wp-caption-text\">V. l.: Thomas E. Schmidt und Herr Klare \u00ae Bj\u00f6rn Liedgens<\/figcaption><\/figure><\/p>\n<p>Das Demonstrationsrecht sei wichtig, so der Tenor auf dem Podium. Bei anderen Themen divergierten die Meinungen stark. Die Teilnehmer diskutierten lebhaft \u00fcber Sinn und Zweck sowie Hintergrund der Protestbewegungen und die Handlungsm\u00f6glichkeiten der Parteien.<\/p>\n<p><figure id=\"attachment_6354\" aria-describedby=\"caption-attachment-6354\" style=\"width: 540px\" class=\"wp-caption aligncenter\"><a href=\"https:\/\/blog.zeit.de\/zeit-der-leser\/files\/2011\/07\/essen-podium3.jpg\"><img loading=\"lazy\" decoding=\"async\" class=\"size-full wp-image-6354\" title=\"essen-podium3\" src=\"https:\/\/blog.zeit.de\/zeit-der-leser\/files\/2011\/07\/essen-podium3.jpg\" alt=\"\" width=\"540\" height=\"304\" srcset=\"https:\/\/blog.zeit.de\/zeit-der-leser\/files\/2011\/07\/essen-podium3.jpg 540w, https:\/\/blog.zeit.de\/zeit-der-leser\/files\/2011\/07\/essen-podium3-300x168.jpg 300w\" sizes=\"auto, (max-width: 540px) 100vw, 540px\" \/><\/a><figcaption id=\"caption-attachment-6354\" class=\"wp-caption-text\">Podiumsdiskussion am Gymnasium Essen-\u00dcberruhr \u00ae Bj\u00f6rn Liedgens<\/figcaption><\/figure><\/p>\n<p>Das Interesse bei den Sch\u00fclern war gro\u00df, die Zeit f\u00fcr Fragen dagegen knapp: Warum nimmt man Gruppen, die f\u00fcr etwas demonstrieren, meist negativ wahr? Hat man als B\u00fcrger nur vor Wahlen Mitspracherecht? Und wie weit d\u00fcrfe man beim Protestieren gehen?<\/p>\n<p><figure id=\"attachment_6355\" aria-describedby=\"caption-attachment-6355\" style=\"width: 540px\" class=\"wp-caption aligncenter\"><a href=\"https:\/\/blog.zeit.de\/zeit-der-leser\/files\/2011\/07\/essenpodium4.jpg\"><img loading=\"lazy\" decoding=\"async\" class=\"size-full wp-image-6355\" title=\"essenpodium4\" src=\"https:\/\/blog.zeit.de\/zeit-der-leser\/files\/2011\/07\/essenpodium4.jpg\" alt=\"\" width=\"540\" height=\"304\" srcset=\"https:\/\/blog.zeit.de\/zeit-der-leser\/files\/2011\/07\/essenpodium4.jpg 540w, https:\/\/blog.zeit.de\/zeit-der-leser\/files\/2011\/07\/essenpodium4-300x168.jpg 300w\" sizes=\"auto, (max-width: 540px) 100vw, 540px\" \/><\/a><figcaption id=\"caption-attachment-6355\" class=\"wp-caption-text\">Publikumsfragen am Gymnasium Essen-\u00dcberruhr \u00ae Bj\u00f6rn Liedgens<\/figcaption><\/figure><\/p>\n<p>Das Res\u00fcmee des ZEIT-Kulturkorrespondenten: Es sei beunruhigend, wie viele Entscheidungen von Politikern aus Angst getroffen werden. Genau darin liege seiner Meinung nach der Grund, warum die Bev\u00f6lkerung sich nicht politisch engagiere und sich stattdessen eigene Protestformen suche. Sind die Parteien damit \u00fcberhaupt noch attraktiv? Weitere Kommentare finden Sie <a href=\"http:\/\/www.youtube.com\/watch?v=Q3daWbPQyRU\" target=\"_blank\">hier<\/a>.<\/p>\n","protected":false},"excerpt":{"rendered":"<p>Demonstrationen gegen Stuttgart 21, Proteste gegen Atomkraft \u2013 die letzten Monate waren vom Engagement des &#8222;Wutb\u00fcrgers&#8220; gepr\u00e4gt. Die neue Protestbereitschaft interessierte auch die Oberstufensch\u00fclerin Ann-Kristin Grobe und sie hatte einen Wunsch: eine Diskussion zu diesem Thema mit Thomas E. Schmidt an ihrem Gymnasium Essen-\u00dcberruhr. Vor rund 200 Sch\u00fclerinnen und Sch\u00fclern diskutierte der Kulturkorrespondent der ZEIT [&hellip;]<\/p>\n","protected":false},"author":265,"featured_media":0,"comment_status":"open","ping_status":"open","sticky":false,"template":"","format":"standard","meta":{"_jetpack_memberships_contains_paid_content":false,"footnotes":""},"categories":[5686],"tags":[],"class_list":["post-6350","post","type-post","status-publish","format-standard","hentry","category-65-jahre-die-zeit"],"yoast_head":"<!-- This site is optimized with the Yoast SEO plugin v21.0 - https:\/\/yoast.com\/wordpress\/plugins\/seo\/ -->\n<title>65 Jahre DIE ZEIT - ZEIT der Leser<\/title>\n<meta name=\"robots\" content=\"index, follow, max-snippet:-1, max-image-preview:large, max-video-preview:-1\" \/>\n<link rel=\"canonical\" href=\"https:\/\/blog.zeit.de\/zeit-der-leser\/2011\/07\/15\/65-jahre-die-zeit-31\/\" \/>\n<meta property=\"og:locale\" content=\"de_DE\" \/>\n<meta property=\"og:type\" content=\"article\" \/>\n<meta property=\"og:title\" content=\"65 Jahre DIE ZEIT - ZEIT der Leser\" \/>\n<meta property=\"og:description\" content=\"Demonstrationen gegen Stuttgart 21, Proteste gegen Atomkraft \u2013 die letzten Monate waren vom Engagement des &#8222;Wutb\u00fcrgers&#8220; gepr\u00e4gt. Die neue Protestbereitschaft interessierte auch die Oberstufensch\u00fclerin Ann-Kristin Grobe und sie hatte einen Wunsch: eine Diskussion zu diesem Thema mit Thomas E. Schmidt an ihrem Gymnasium Essen-\u00dcberruhr. Vor rund 200 Sch\u00fclerinnen und Sch\u00fclern diskutierte der Kulturkorrespondent der ZEIT [&hellip;]\" \/>\n<meta property=\"og:url\" content=\"https:\/\/blog.zeit.de\/zeit-der-leser\/2011\/07\/15\/65-jahre-die-zeit-31\/\" \/>\n<meta property=\"og:site_name\" content=\"ZEIT der Leser\" \/>\n<meta property=\"article:published_time\" content=\"2011-07-15T09:00:27+00:00\" \/>\n<meta property=\"article:modified_time\" content=\"2011-07-15T16:48:08+00:00\" \/>\n<meta property=\"og:image\" content=\"https:\/\/blog.zeit.de\/zeit-der-leser\/files\/2011\/07\/essen-podium1.jpg\" \/>\n<meta name=\"author\" content=\"&quot;Zeit der Leser&quot;-Redaktion\" \/>\n<meta name=\"twitter:card\" content=\"summary_large_image\" \/>\n<meta name=\"twitter:label1\" content=\"Geschrieben von\" \/>\n\t<meta name=\"twitter:data1\" content=\"\"Zeit der Leser\"-Redaktion\" \/>\n\t<meta name=\"twitter:label2\" content=\"Gesch\u00e4tzte Lesezeit\" \/>\n\t<meta name=\"twitter:data2\" content=\"2\u00a0Minuten\" \/>\n<script type=\"application\/ld+json\" class=\"yoast-schema-graph\">{\"@context\":\"https:\/\/schema.org\",\"@graph\":[{\"@type\":\"WebPage\",\"@id\":\"https:\/\/blog.zeit.de\/zeit-der-leser\/2011\/07\/15\/65-jahre-die-zeit-31\/\",\"url\":\"https:\/\/blog.zeit.de\/zeit-der-leser\/2011\/07\/15\/65-jahre-die-zeit-31\/\",\"name\":\"65 Jahre DIE ZEIT - ZEIT der Leser\",\"isPartOf\":{\"@id\":\"https:\/\/blog.zeit.de\/zeit-der-leser\/#website\"},\"datePublished\":\"2011-07-15T09:00:27+00:00\",\"dateModified\":\"2011-07-15T16:48:08+00:00\",\"author\":{\"@id\":\"https:\/\/blog.zeit.de\/zeit-der-leser\/#\/schema\/person\/583b14e5ad6368c23af846ecbde9f20f\"},\"breadcrumb\":{\"@id\":\"https:\/\/blog.zeit.de\/zeit-der-leser\/2011\/07\/15\/65-jahre-die-zeit-31\/#breadcrumb\"},\"inLanguage\":\"de\",\"potentialAction\":[{\"@type\":\"ReadAction\",\"target\":[\"https:\/\/blog.zeit.de\/zeit-der-leser\/2011\/07\/15\/65-jahre-die-zeit-31\/\"]}]},{\"@type\":\"BreadcrumbList\",\"@id\":\"https:\/\/blog.zeit.de\/zeit-der-leser\/2011\/07\/15\/65-jahre-die-zeit-31\/#breadcrumb\",\"itemListElement\":[{\"@type\":\"ListItem\",\"position\":1,\"name\":\"Startseite\",\"item\":\"https:\/\/blog.zeit.de\/zeit-der-leser\/\"},{\"@type\":\"ListItem\",\"position\":2,\"name\":\"65 Jahre DIE ZEIT\"}]},{\"@type\":\"WebSite\",\"@id\":\"https:\/\/blog.zeit.de\/zeit-der-leser\/#website\",\"url\":\"https:\/\/blog.zeit.de\/zeit-der-leser\/\",\"name\":\"ZEIT der Leser\",\"description\":\"Ein Blog mit Ihren Notizen, Gedichten und Bildern f\u00fcr die gedruckte ZEIT\",\"potentialAction\":[{\"@type\":\"SearchAction\",\"target\":{\"@type\":\"EntryPoint\",\"urlTemplate\":\"https:\/\/blog.zeit.de\/zeit-der-leser\/?s={search_term_string}\"},\"query-input\":\"required name=search_term_string\"}],\"inLanguage\":\"de\"},{\"@type\":\"Person\",\"@id\":\"https:\/\/blog.zeit.de\/zeit-der-leser\/#\/schema\/person\/583b14e5ad6368c23af846ecbde9f20f\",\"name\":\"\\\"Zeit der Leser\\\"-Redaktion\",\"image\":{\"@type\":\"ImageObject\",\"inLanguage\":\"de\",\"@id\":\"https:\/\/blog.zeit.de\/zeit-der-leser\/#\/schema\/person\/image\/\",\"url\":\"https:\/\/secure.gravatar.com\/avatar\/e801a681bd3bbf2345131a815930b48d9f8e0a94de1346b624840dc850f67ad0?s=96&d=mm&r=g\",\"contentUrl\":\"https:\/\/secure.gravatar.com\/avatar\/e801a681bd3bbf2345131a815930b48d9f8e0a94de1346b624840dc850f67ad0?s=96&d=mm&r=g\",\"caption\":\"\\\"Zeit der Leser\\\"-Redaktion\"},\"url\":\"https:\/\/blog.zeit.de\/zeit-der-leser\/author\/zeit-der-leser-redaktion\/\"}]}<\/script>\n<!-- \/ Yoast SEO plugin. -->","yoast_head_json":{"title":"65 Jahre DIE ZEIT - ZEIT der Leser","robots":{"index":"index","follow":"follow","max-snippet":"max-snippet:-1","max-image-preview":"max-image-preview:large","max-video-preview":"max-video-preview:-1"},"canonical":"https:\/\/blog.zeit.de\/zeit-der-leser\/2011\/07\/15\/65-jahre-die-zeit-31\/","og_locale":"de_DE","og_type":"article","og_title":"65 Jahre DIE ZEIT - ZEIT der Leser","og_description":"Demonstrationen gegen Stuttgart 21, Proteste gegen Atomkraft \u2013 die letzten Monate waren vom Engagement des &#8222;Wutb\u00fcrgers&#8220; gepr\u00e4gt. Die neue Protestbereitschaft interessierte auch die Oberstufensch\u00fclerin Ann-Kristin Grobe und sie hatte einen Wunsch: eine Diskussion zu diesem Thema mit Thomas E. Schmidt an ihrem Gymnasium Essen-\u00dcberruhr. Vor rund 200 Sch\u00fclerinnen und Sch\u00fclern diskutierte der Kulturkorrespondent der ZEIT [&hellip;]","og_url":"https:\/\/blog.zeit.de\/zeit-der-leser\/2011\/07\/15\/65-jahre-die-zeit-31\/","og_site_name":"ZEIT der Leser","article_published_time":"2011-07-15T09:00:27+00:00","article_modified_time":"2011-07-15T16:48:08+00:00","og_image":[{"url":"https:\/\/blog.zeit.de\/zeit-der-leser\/files\/2011\/07\/essen-podium1.jpg"}],"author":"\"Zeit der Leser\"-Redaktion","twitter_card":"summary_large_image","twitter_misc":{"Geschrieben von":"\"Zeit der Leser\"-Redaktion","Gesch\u00e4tzte Lesezeit":"2\u00a0Minuten"},"schema":{"@context":"https:\/\/schema.org","@graph":[{"@type":"WebPage","@id":"https:\/\/blog.zeit.de\/zeit-der-leser\/2011\/07\/15\/65-jahre-die-zeit-31\/","url":"https:\/\/blog.zeit.de\/zeit-der-leser\/2011\/07\/15\/65-jahre-die-zeit-31\/","name":"65 Jahre DIE ZEIT - ZEIT der Leser","isPartOf":{"@id":"https:\/\/blog.zeit.de\/zeit-der-leser\/#website"},"datePublished":"2011-07-15T09:00:27+00:00","dateModified":"2011-07-15T16:48:08+00:00","author":{"@id":"https:\/\/blog.zeit.de\/zeit-der-leser\/#\/schema\/person\/583b14e5ad6368c23af846ecbde9f20f"},"breadcrumb":{"@id":"https:\/\/blog.zeit.de\/zeit-der-leser\/2011\/07\/15\/65-jahre-die-zeit-31\/#breadcrumb"},"inLanguage":"de","potentialAction":[{"@type":"ReadAction","target":["https:\/\/blog.zeit.de\/zeit-der-leser\/2011\/07\/15\/65-jahre-die-zeit-31\/"]}]},{"@type":"BreadcrumbList","@id":"https:\/\/blog.zeit.de\/zeit-der-leser\/2011\/07\/15\/65-jahre-die-zeit-31\/#breadcrumb","itemListElement":[{"@type":"ListItem","position":1,"name":"Startseite","item":"https:\/\/blog.zeit.de\/zeit-der-leser\/"},{"@type":"ListItem","position":2,"name":"65 Jahre DIE ZEIT"}]},{"@type":"WebSite","@id":"https:\/\/blog.zeit.de\/zeit-der-leser\/#website","url":"https:\/\/blog.zeit.de\/zeit-der-leser\/","name":"ZEIT der Leser","description":"Ein Blog mit Ihren Notizen, Gedichten und Bildern f\u00fcr die gedruckte ZEIT","potentialAction":[{"@type":"SearchAction","target":{"@type":"EntryPoint","urlTemplate":"https:\/\/blog.zeit.de\/zeit-der-leser\/?s={search_term_string}"},"query-input":"required name=search_term_string"}],"inLanguage":"de"},{"@type":"Person","@id":"https:\/\/blog.zeit.de\/zeit-der-leser\/#\/schema\/person\/583b14e5ad6368c23af846ecbde9f20f","name":"\"Zeit der Leser\"-Redaktion","image":{"@type":"ImageObject","inLanguage":"de","@id":"https:\/\/blog.zeit.de\/zeit-der-leser\/#\/schema\/person\/image\/","url":"https:\/\/secure.gravatar.com\/avatar\/e801a681bd3bbf2345131a815930b48d9f8e0a94de1346b624840dc850f67ad0?s=96&d=mm&r=g","contentUrl":"https:\/\/secure.gravatar.com\/avatar\/e801a681bd3bbf2345131a815930b48d9f8e0a94de1346b624840dc850f67ad0?s=96&d=mm&r=g","caption":"\"Zeit der Leser\"-Redaktion"},"url":"https:\/\/blog.zeit.de\/zeit-der-leser\/author\/zeit-der-leser-redaktion\/"}]}},"jetpack_featured_media_url":"","jetpack_sharing_enabled":true,"_links":{"self":[{"href":"https:\/\/blog.zeit.de\/zeit-der-leser\/wp-json\/wp\/v2\/posts\/6350","targetHints":{"allow":["GET"]}}],"collection":[{"href":"https:\/\/blog.zeit.de\/zeit-der-leser\/wp-json\/wp\/v2\/posts"}],"about":[{"href":"https:\/\/blog.zeit.de\/zeit-der-leser\/wp-json\/wp\/v2\/types\/post"}],"author":[{"embeddable":true,"href":"https:\/\/blog.zeit.de\/zeit-der-leser\/wp-json\/wp\/v2\/users\/265"}],"replies":[{"embeddable":true,"href":"https:\/\/blog.zeit.de\/zeit-der-leser\/wp-json\/wp\/v2\/comments?post=6350"}],"version-history":[{"count":9,"href":"https:\/\/blog.zeit.de\/zeit-der-leser\/wp-json\/wp\/v2\/posts\/6350\/revisions"}],"predecessor-version":[{"id":6395,"href":"https:\/\/blog.zeit.de\/zeit-der-leser\/wp-json\/wp\/v2\/posts\/6350\/revisions\/6395"}],"wp:attachment":[{"href":"https:\/\/blog.zeit.de\/zeit-der-leser\/wp-json\/wp\/v2\/media?parent=6350"}],"wp:term":[{"taxonomy":"category","embeddable":true,"href":"https:\/\/blog.zeit.de\/zeit-der-leser\/wp-json\/wp\/v2\/categories?post=6350"},{"taxonomy":"post_tag","embeddable":true,"href":"https:\/\/blog.zeit.de\/zeit-der-leser\/wp-json\/wp\/v2\/tags?post=6350"}],"curies":[{"name":"wp","href":"https:\/\/api.w.org\/{rel}","templated":true}]}}