{"id":6385,"date":"2011-07-21T10:00:18","date_gmt":"2011-07-21T08:00:18","guid":{"rendered":"http:\/\/blog.zeit.de\/zeit-der-leser\/?p=6385"},"modified":"2011-07-15T10:44:03","modified_gmt":"2011-07-15T08:44:03","slug":"erinnerung-an-hedwig","status":"publish","type":"post","link":"https:\/\/blog.zeit.de\/zeit-der-leser\/2011\/07\/21\/erinnerung-an-hedwig\/","title":{"rendered":"Erinnerung an Hedwig"},"content":{"rendered":"<p>Als ich Schwester Hedwig kennenlernte, war sie kurz vor der Rente. Eine kr\u00e4ftige, mittelgro\u00dfe Krankenschwester, die zupacken konnte. Das Tun war ihre St\u00e4rke, weniger das Diskutieren. Kamen Praktikanten ins Pflegeheim mit neuen<br \/>\nIdeen, dann meinte Hedwig: \u00bbDie kommen her, stecken ihre Nase u\u0308berall rein, wollen alles ver\u00e4ndern, dann gehen sie studieren. Uns bleibt die Arbeit, weil sie die Alten v\u00f6llig durcheinanderbringen\u00ab Wer die Pflegestation von Schwester Hedwig fu\u0308r die n\u00e4chste Schicht u\u0308bernahm, konnte sich darauf verlassen, dass alle sauber in frisch bezogenen Betten lagen. Hedwig war das Symbol fu\u0308r die Satt- und Sauberpflege. Sie starb in einem Pflegeheim, in dem es fu\u0308r Hygiene einen Zeitplan gab, fu\u0308r den sich niemand wirklich verantwortlich fu\u0308hlen wollte. Nun hatte die Satt- und Sauberpflege einen geringeren Stellenwert. Alle wollten therapieren, in Gespr\u00e4chsrunden, mit Maltherapie, Basteln, Musiktherapie, Tanz, Veranstaltungen, Ausflu\u0308gen, Filmvorfu\u0308hrungen und Vortr\u00e4gen. Manchmal roch es unter Hedwigs Bettdecke. Dann war sie unruhig, murrte vor sich hin, der Schlaganfall hatte ihr die Sprache genommen. Aber keiner wollte sie verstehen. Einmal wurde sie in den Rollstuhl gesetzt. Es hie\u00df, sie mu\u0308sse besch\u00e4ftigt werden. Sie sollte in die Bastelrunde. Hedwig hatte nie im Leben gebastelt. Pl\u00f6tzlich dr\u00e4ngten Blase und Darm. Sie bat um Hilfe, aber Basteln war angesagt, nicht S\u00e4uberung. Die Therapeutinnen waren fu\u0308r den Schmutz in Hedwigs Unterhose nicht zust\u00e4ndig. Freundlich erinnerte man sie daran, dass sie eine Windel trug. Die Selbstverwirklichung kreativer Mitarbeiter in der Altenpflege bringt Qualit\u00e4tspunkte. Erfolgreich wehrte sich Hedwig von nun an gegen jede Therapie, indem sie wu\u0308tend mit dem noch funktionierenden Arm um sich schlug. Die Scham hatte sie nicht mehr losgelassen. Bald bedr\u00e4ngte sie keiner mehr. Nur wenn sich die Tu\u0308r \u00f6ffnete und der Therapiehund schnu\u0308ffelnd um ihr Bett schlich, lag sie ganz still, liefen Tr\u00e4nen u\u0308ber ihr angespanntes Gesicht, vielleicht, weil sie an ihren Hund dachte und die Zeit der Selbstbestimmtheit zu Hause.<\/p>\n<p><em>Margarete Noack, Berlin<\/em><\/p>\n","protected":false},"excerpt":{"rendered":"<p>Als ich Schwester Hedwig kennenlernte, war sie kurz vor der Rente. Eine kr\u00e4ftige, mittelgro\u00dfe Krankenschwester, die zupacken konnte. Das Tun war ihre St\u00e4rke, weniger das Diskutieren. Kamen Praktikanten ins Pflegeheim mit neuen Ideen, dann meinte Hedwig: \u00bbDie kommen her, stecken ihre Nase u\u0308berall rein, wollen alles ver\u00e4ndern, dann gehen sie studieren. Uns bleibt die Arbeit, [&hellip;]<\/p>\n","protected":false},"author":265,"featured_media":0,"comment_status":"open","ping_status":"open","sticky":false,"template":"","format":"standard","meta":{"_jetpack_memberships_contains_paid_content":false,"footnotes":""},"categories":[1],"tags":[],"class_list":["post-6385","post","type-post","status-publish","format-standard","hentry","category-allgemein"],"yoast_head":"<!-- This site is optimized with the Yoast SEO plugin v21.0 - https:\/\/yoast.com\/wordpress\/plugins\/seo\/ -->\n<title>Erinnerung an Hedwig - ZEIT der Leser<\/title>\n<meta name=\"robots\" content=\"index, follow, max-snippet:-1, max-image-preview:large, max-video-preview:-1\" \/>\n<link rel=\"canonical\" href=\"https:\/\/blog.zeit.de\/zeit-der-leser\/2011\/07\/21\/erinnerung-an-hedwig\/\" \/>\n<meta property=\"og:locale\" content=\"de_DE\" \/>\n<meta property=\"og:type\" content=\"article\" \/>\n<meta property=\"og:title\" content=\"Erinnerung an Hedwig - ZEIT der Leser\" \/>\n<meta property=\"og:description\" content=\"Als ich Schwester Hedwig kennenlernte, war sie kurz vor der Rente. Eine kr\u00e4ftige, mittelgro\u00dfe Krankenschwester, die zupacken konnte. Das Tun war ihre St\u00e4rke, weniger das Diskutieren. Kamen Praktikanten ins Pflegeheim mit neuen Ideen, dann meinte Hedwig: \u00bbDie kommen her, stecken ihre Nase u\u0308berall rein, wollen alles ver\u00e4ndern, dann gehen sie studieren. Uns bleibt die Arbeit, [&hellip;]\" \/>\n<meta property=\"og:url\" content=\"https:\/\/blog.zeit.de\/zeit-der-leser\/2011\/07\/21\/erinnerung-an-hedwig\/\" \/>\n<meta property=\"og:site_name\" content=\"ZEIT der Leser\" \/>\n<meta property=\"article:published_time\" content=\"2011-07-21T08:00:18+00:00\" \/>\n<meta property=\"article:modified_time\" content=\"2011-07-15T08:44:03+00:00\" \/>\n<meta name=\"author\" content=\"&quot;Zeit der Leser&quot;-Redaktion\" \/>\n<meta name=\"twitter:card\" content=\"summary_large_image\" \/>\n<meta name=\"twitter:label1\" content=\"Geschrieben von\" \/>\n\t<meta name=\"twitter:data1\" content=\"\"Zeit der Leser\"-Redaktion\" \/>\n\t<meta name=\"twitter:label2\" content=\"Gesch\u00e4tzte Lesezeit\" \/>\n\t<meta name=\"twitter:data2\" content=\"2\u00a0Minuten\" \/>\n<script type=\"application\/ld+json\" class=\"yoast-schema-graph\">{\"@context\":\"https:\/\/schema.org\",\"@graph\":[{\"@type\":\"WebPage\",\"@id\":\"https:\/\/blog.zeit.de\/zeit-der-leser\/2011\/07\/21\/erinnerung-an-hedwig\/\",\"url\":\"https:\/\/blog.zeit.de\/zeit-der-leser\/2011\/07\/21\/erinnerung-an-hedwig\/\",\"name\":\"Erinnerung an Hedwig - ZEIT der Leser\",\"isPartOf\":{\"@id\":\"https:\/\/blog.zeit.de\/zeit-der-leser\/#website\"},\"datePublished\":\"2011-07-21T08:00:18+00:00\",\"dateModified\":\"2011-07-15T08:44:03+00:00\",\"author\":{\"@id\":\"https:\/\/blog.zeit.de\/zeit-der-leser\/#\/schema\/person\/583b14e5ad6368c23af846ecbde9f20f\"},\"breadcrumb\":{\"@id\":\"https:\/\/blog.zeit.de\/zeit-der-leser\/2011\/07\/21\/erinnerung-an-hedwig\/#breadcrumb\"},\"inLanguage\":\"de\",\"potentialAction\":[{\"@type\":\"ReadAction\",\"target\":[\"https:\/\/blog.zeit.de\/zeit-der-leser\/2011\/07\/21\/erinnerung-an-hedwig\/\"]}]},{\"@type\":\"BreadcrumbList\",\"@id\":\"https:\/\/blog.zeit.de\/zeit-der-leser\/2011\/07\/21\/erinnerung-an-hedwig\/#breadcrumb\",\"itemListElement\":[{\"@type\":\"ListItem\",\"position\":1,\"name\":\"Startseite\",\"item\":\"https:\/\/blog.zeit.de\/zeit-der-leser\/\"},{\"@type\":\"ListItem\",\"position\":2,\"name\":\"Erinnerung an Hedwig\"}]},{\"@type\":\"WebSite\",\"@id\":\"https:\/\/blog.zeit.de\/zeit-der-leser\/#website\",\"url\":\"https:\/\/blog.zeit.de\/zeit-der-leser\/\",\"name\":\"ZEIT der Leser\",\"description\":\"Ein Blog mit Ihren Notizen, Gedichten und Bildern f\u00fcr die gedruckte ZEIT\",\"potentialAction\":[{\"@type\":\"SearchAction\",\"target\":{\"@type\":\"EntryPoint\",\"urlTemplate\":\"https:\/\/blog.zeit.de\/zeit-der-leser\/?s={search_term_string}\"},\"query-input\":\"required name=search_term_string\"}],\"inLanguage\":\"de\"},{\"@type\":\"Person\",\"@id\":\"https:\/\/blog.zeit.de\/zeit-der-leser\/#\/schema\/person\/583b14e5ad6368c23af846ecbde9f20f\",\"name\":\"\\\"Zeit der Leser\\\"-Redaktion\",\"image\":{\"@type\":\"ImageObject\",\"inLanguage\":\"de\",\"@id\":\"https:\/\/blog.zeit.de\/zeit-der-leser\/#\/schema\/person\/image\/\",\"url\":\"https:\/\/secure.gravatar.com\/avatar\/e801a681bd3bbf2345131a815930b48d9f8e0a94de1346b624840dc850f67ad0?s=96&d=mm&r=g\",\"contentUrl\":\"https:\/\/secure.gravatar.com\/avatar\/e801a681bd3bbf2345131a815930b48d9f8e0a94de1346b624840dc850f67ad0?s=96&d=mm&r=g\",\"caption\":\"\\\"Zeit der Leser\\\"-Redaktion\"},\"url\":\"https:\/\/blog.zeit.de\/zeit-der-leser\/author\/zeit-der-leser-redaktion\/\"}]}<\/script>\n<!-- \/ Yoast SEO plugin. -->","yoast_head_json":{"title":"Erinnerung an Hedwig - ZEIT der Leser","robots":{"index":"index","follow":"follow","max-snippet":"max-snippet:-1","max-image-preview":"max-image-preview:large","max-video-preview":"max-video-preview:-1"},"canonical":"https:\/\/blog.zeit.de\/zeit-der-leser\/2011\/07\/21\/erinnerung-an-hedwig\/","og_locale":"de_DE","og_type":"article","og_title":"Erinnerung an Hedwig - ZEIT der Leser","og_description":"Als ich Schwester Hedwig kennenlernte, war sie kurz vor der Rente. Eine kr\u00e4ftige, mittelgro\u00dfe Krankenschwester, die zupacken konnte. Das Tun war ihre St\u00e4rke, weniger das Diskutieren. Kamen Praktikanten ins Pflegeheim mit neuen Ideen, dann meinte Hedwig: \u00bbDie kommen her, stecken ihre Nase u\u0308berall rein, wollen alles ver\u00e4ndern, dann gehen sie studieren. Uns bleibt die Arbeit, [&hellip;]","og_url":"https:\/\/blog.zeit.de\/zeit-der-leser\/2011\/07\/21\/erinnerung-an-hedwig\/","og_site_name":"ZEIT der Leser","article_published_time":"2011-07-21T08:00:18+00:00","article_modified_time":"2011-07-15T08:44:03+00:00","author":"\"Zeit der Leser\"-Redaktion","twitter_card":"summary_large_image","twitter_misc":{"Geschrieben von":"\"Zeit der Leser\"-Redaktion","Gesch\u00e4tzte Lesezeit":"2\u00a0Minuten"},"schema":{"@context":"https:\/\/schema.org","@graph":[{"@type":"WebPage","@id":"https:\/\/blog.zeit.de\/zeit-der-leser\/2011\/07\/21\/erinnerung-an-hedwig\/","url":"https:\/\/blog.zeit.de\/zeit-der-leser\/2011\/07\/21\/erinnerung-an-hedwig\/","name":"Erinnerung an Hedwig - ZEIT der Leser","isPartOf":{"@id":"https:\/\/blog.zeit.de\/zeit-der-leser\/#website"},"datePublished":"2011-07-21T08:00:18+00:00","dateModified":"2011-07-15T08:44:03+00:00","author":{"@id":"https:\/\/blog.zeit.de\/zeit-der-leser\/#\/schema\/person\/583b14e5ad6368c23af846ecbde9f20f"},"breadcrumb":{"@id":"https:\/\/blog.zeit.de\/zeit-der-leser\/2011\/07\/21\/erinnerung-an-hedwig\/#breadcrumb"},"inLanguage":"de","potentialAction":[{"@type":"ReadAction","target":["https:\/\/blog.zeit.de\/zeit-der-leser\/2011\/07\/21\/erinnerung-an-hedwig\/"]}]},{"@type":"BreadcrumbList","@id":"https:\/\/blog.zeit.de\/zeit-der-leser\/2011\/07\/21\/erinnerung-an-hedwig\/#breadcrumb","itemListElement":[{"@type":"ListItem","position":1,"name":"Startseite","item":"https:\/\/blog.zeit.de\/zeit-der-leser\/"},{"@type":"ListItem","position":2,"name":"Erinnerung an Hedwig"}]},{"@type":"WebSite","@id":"https:\/\/blog.zeit.de\/zeit-der-leser\/#website","url":"https:\/\/blog.zeit.de\/zeit-der-leser\/","name":"ZEIT der Leser","description":"Ein Blog mit Ihren Notizen, Gedichten und Bildern f\u00fcr die gedruckte ZEIT","potentialAction":[{"@type":"SearchAction","target":{"@type":"EntryPoint","urlTemplate":"https:\/\/blog.zeit.de\/zeit-der-leser\/?s={search_term_string}"},"query-input":"required name=search_term_string"}],"inLanguage":"de"},{"@type":"Person","@id":"https:\/\/blog.zeit.de\/zeit-der-leser\/#\/schema\/person\/583b14e5ad6368c23af846ecbde9f20f","name":"\"Zeit der Leser\"-Redaktion","image":{"@type":"ImageObject","inLanguage":"de","@id":"https:\/\/blog.zeit.de\/zeit-der-leser\/#\/schema\/person\/image\/","url":"https:\/\/secure.gravatar.com\/avatar\/e801a681bd3bbf2345131a815930b48d9f8e0a94de1346b624840dc850f67ad0?s=96&d=mm&r=g","contentUrl":"https:\/\/secure.gravatar.com\/avatar\/e801a681bd3bbf2345131a815930b48d9f8e0a94de1346b624840dc850f67ad0?s=96&d=mm&r=g","caption":"\"Zeit der Leser\"-Redaktion"},"url":"https:\/\/blog.zeit.de\/zeit-der-leser\/author\/zeit-der-leser-redaktion\/"}]}},"jetpack_featured_media_url":"","jetpack_sharing_enabled":true,"_links":{"self":[{"href":"https:\/\/blog.zeit.de\/zeit-der-leser\/wp-json\/wp\/v2\/posts\/6385","targetHints":{"allow":["GET"]}}],"collection":[{"href":"https:\/\/blog.zeit.de\/zeit-der-leser\/wp-json\/wp\/v2\/posts"}],"about":[{"href":"https:\/\/blog.zeit.de\/zeit-der-leser\/wp-json\/wp\/v2\/types\/post"}],"author":[{"embeddable":true,"href":"https:\/\/blog.zeit.de\/zeit-der-leser\/wp-json\/wp\/v2\/users\/265"}],"replies":[{"embeddable":true,"href":"https:\/\/blog.zeit.de\/zeit-der-leser\/wp-json\/wp\/v2\/comments?post=6385"}],"version-history":[{"count":2,"href":"https:\/\/blog.zeit.de\/zeit-der-leser\/wp-json\/wp\/v2\/posts\/6385\/revisions"}],"predecessor-version":[{"id":6387,"href":"https:\/\/blog.zeit.de\/zeit-der-leser\/wp-json\/wp\/v2\/posts\/6385\/revisions\/6387"}],"wp:attachment":[{"href":"https:\/\/blog.zeit.de\/zeit-der-leser\/wp-json\/wp\/v2\/media?parent=6385"}],"wp:term":[{"taxonomy":"category","embeddable":true,"href":"https:\/\/blog.zeit.de\/zeit-der-leser\/wp-json\/wp\/v2\/categories?post=6385"},{"taxonomy":"post_tag","embeddable":true,"href":"https:\/\/blog.zeit.de\/zeit-der-leser\/wp-json\/wp\/v2\/tags?post=6385"}],"curies":[{"name":"wp","href":"https:\/\/api.w.org\/{rel}","templated":true}]}}