{"id":6396,"date":"2011-07-26T18:00:48","date_gmt":"2011-07-26T16:00:48","guid":{"rendered":"http:\/\/blog.zeit.de\/zeit-der-leser\/?p=6396"},"modified":"2011-07-19T16:35:25","modified_gmt":"2011-07-19T14:35:25","slug":"was-mein-leben-reicher-macht-349","status":"publish","type":"post","link":"https:\/\/blog.zeit.de\/zeit-der-leser\/2011\/07\/26\/was-mein-leben-reicher-macht-349\/","title":{"rendered":"Was mein Leben reicher macht"},"content":{"rendered":"<p>Ich hatte Sommerurlaub und entschloss mich daher, trotz Sommerregens und ohne bestimmtes Vorhaben, nach Trier zu fahren. \ufeffDort angekommen entsschloss ich, mir im ersten Konfektionsgesch\u00e4ft eine zus\u00e4tzliche Jacke zu kaufen, um nicht weiter frieren zu m\u00fcssen. Da ich auf die Schnelle nichts Passendes fand, entschloss ich mich f\u00fcr die g\u00fcnstigere Variante. Gut ger\u00fcstet bezog ich Platz auf der Terrasse der gegen\u00fcberliegenden Eisdiele. Die stabilen Sonnenschirme und M\u00f6bel sch\u00fctzten die G\u00e4ste vor Regen. Hier wollte ich mich von innen w\u00e4rmen, mit einem Kaffee und einem hei\u00dfen Apfelstrudel mit Vanilleso\u00dfe. Ich studierte die Karte von oben nach unten und fand keinen Strudel auf der Karte. Trotzdem bestellte ich ihn bei der netten Bedienung, einer Italienerin im fortgeschrittenen Alter. Sie machte mich freundlich und in gebrochenem Deutsch darauf aufmerksam, dass jetzt die Sommerkarte aktuell sei, Strudel sei ein Angebot der Winterkarte \u2013 auch wenn man bei den momentanen Temperaturen durchaus annehmen k\u00f6nnte, dass Winter sei. \ufeffGut, ich bestellte K\u00e4sekuchen und Kaffee. \ufeffBeim Bezahlen verabschiedete sie mich mit den Worten. &#8222;Wenn du dich noch an Apfelstrudel auf der Karte erinnerst, warst du lange nicht mehr da. Komme wieder, bevor die Winterkarte kommt.&#8220;, so als seien wir gute Bekannte und ich ein Stammgast. \ufeffDiese herzlichen Worte haben mich ber\u00fchrt und den ganzen Tag gew\u00e4rmt.<br \/>\n\ufeff<br \/>\n<em>\ufeffBeate Niewel, Saarburg<\/em><\/p>\n","protected":false},"excerpt":{"rendered":"<p>Ich hatte Sommerurlaub und entschloss mich daher, trotz Sommerregens und ohne bestimmtes Vorhaben, nach Trier zu fahren. \ufeffDort angekommen entsschloss ich, mir im ersten Konfektionsgesch\u00e4ft eine zus\u00e4tzliche Jacke zu kaufen, um nicht weiter frieren zu m\u00fcssen. Da ich auf die Schnelle nichts Passendes fand, entschloss ich mich f\u00fcr die g\u00fcnstigere Variante. Gut ger\u00fcstet bezog ich [&hellip;]<\/p>\n","protected":false},"author":265,"featured_media":0,"comment_status":"open","ping_status":"open","sticky":false,"template":"","format":"standard","meta":{"_jetpack_memberships_contains_paid_content":false,"footnotes":""},"categories":[1871],"tags":[],"class_list":["post-6396","post","type-post","status-publish","format-standard","hentry","category-was-mein-leben-reicher-macht"],"yoast_head":"<!-- This site is optimized with the Yoast SEO plugin v21.0 - https:\/\/yoast.com\/wordpress\/plugins\/seo\/ -->\n<title>Was mein Leben reicher macht - ZEIT der Leser<\/title>\n<meta name=\"robots\" content=\"index, follow, max-snippet:-1, max-image-preview:large, max-video-preview:-1\" \/>\n<link rel=\"canonical\" href=\"https:\/\/blog.zeit.de\/zeit-der-leser\/2011\/07\/26\/was-mein-leben-reicher-macht-349\/\" \/>\n<meta property=\"og:locale\" content=\"de_DE\" \/>\n<meta property=\"og:type\" content=\"article\" \/>\n<meta property=\"og:title\" content=\"Was mein Leben reicher macht - ZEIT der Leser\" \/>\n<meta property=\"og:description\" content=\"Ich hatte Sommerurlaub und entschloss mich daher, trotz Sommerregens und ohne bestimmtes Vorhaben, nach Trier zu fahren. \ufeffDort angekommen entsschloss ich, mir im ersten Konfektionsgesch\u00e4ft eine zus\u00e4tzliche Jacke zu kaufen, um nicht weiter frieren zu m\u00fcssen. Da ich auf die Schnelle nichts Passendes fand, entschloss ich mich f\u00fcr die g\u00fcnstigere Variante. Gut ger\u00fcstet bezog ich [&hellip;]\" \/>\n<meta property=\"og:url\" content=\"https:\/\/blog.zeit.de\/zeit-der-leser\/2011\/07\/26\/was-mein-leben-reicher-macht-349\/\" \/>\n<meta property=\"og:site_name\" content=\"ZEIT der Leser\" \/>\n<meta property=\"article:published_time\" content=\"2011-07-26T16:00:48+00:00\" \/>\n<meta property=\"article:modified_time\" content=\"2011-07-19T14:35:25+00:00\" \/>\n<meta name=\"author\" content=\"&quot;Zeit der Leser&quot;-Redaktion\" \/>\n<meta name=\"twitter:card\" content=\"summary_large_image\" \/>\n<meta name=\"twitter:label1\" content=\"Geschrieben von\" \/>\n\t<meta name=\"twitter:data1\" content=\"\"Zeit der Leser\"-Redaktion\" \/>\n\t<meta name=\"twitter:label2\" content=\"Gesch\u00e4tzte Lesezeit\" \/>\n\t<meta name=\"twitter:data2\" content=\"1\u00a0Minute\" \/>\n<script type=\"application\/ld+json\" class=\"yoast-schema-graph\">{\"@context\":\"https:\/\/schema.org\",\"@graph\":[{\"@type\":\"WebPage\",\"@id\":\"https:\/\/blog.zeit.de\/zeit-der-leser\/2011\/07\/26\/was-mein-leben-reicher-macht-349\/\",\"url\":\"https:\/\/blog.zeit.de\/zeit-der-leser\/2011\/07\/26\/was-mein-leben-reicher-macht-349\/\",\"name\":\"Was mein Leben reicher macht - ZEIT der Leser\",\"isPartOf\":{\"@id\":\"https:\/\/blog.zeit.de\/zeit-der-leser\/#website\"},\"datePublished\":\"2011-07-26T16:00:48+00:00\",\"dateModified\":\"2011-07-19T14:35:25+00:00\",\"author\":{\"@id\":\"https:\/\/blog.zeit.de\/zeit-der-leser\/#\/schema\/person\/583b14e5ad6368c23af846ecbde9f20f\"},\"breadcrumb\":{\"@id\":\"https:\/\/blog.zeit.de\/zeit-der-leser\/2011\/07\/26\/was-mein-leben-reicher-macht-349\/#breadcrumb\"},\"inLanguage\":\"de\",\"potentialAction\":[{\"@type\":\"ReadAction\",\"target\":[\"https:\/\/blog.zeit.de\/zeit-der-leser\/2011\/07\/26\/was-mein-leben-reicher-macht-349\/\"]}]},{\"@type\":\"BreadcrumbList\",\"@id\":\"https:\/\/blog.zeit.de\/zeit-der-leser\/2011\/07\/26\/was-mein-leben-reicher-macht-349\/#breadcrumb\",\"itemListElement\":[{\"@type\":\"ListItem\",\"position\":1,\"name\":\"Startseite\",\"item\":\"https:\/\/blog.zeit.de\/zeit-der-leser\/\"},{\"@type\":\"ListItem\",\"position\":2,\"name\":\"Was mein Leben reicher macht\"}]},{\"@type\":\"WebSite\",\"@id\":\"https:\/\/blog.zeit.de\/zeit-der-leser\/#website\",\"url\":\"https:\/\/blog.zeit.de\/zeit-der-leser\/\",\"name\":\"ZEIT der Leser\",\"description\":\"Ein Blog mit Ihren Notizen, Gedichten und Bildern f\u00fcr die gedruckte ZEIT\",\"potentialAction\":[{\"@type\":\"SearchAction\",\"target\":{\"@type\":\"EntryPoint\",\"urlTemplate\":\"https:\/\/blog.zeit.de\/zeit-der-leser\/?s={search_term_string}\"},\"query-input\":\"required name=search_term_string\"}],\"inLanguage\":\"de\"},{\"@type\":\"Person\",\"@id\":\"https:\/\/blog.zeit.de\/zeit-der-leser\/#\/schema\/person\/583b14e5ad6368c23af846ecbde9f20f\",\"name\":\"\\\"Zeit der Leser\\\"-Redaktion\",\"image\":{\"@type\":\"ImageObject\",\"inLanguage\":\"de\",\"@id\":\"https:\/\/blog.zeit.de\/zeit-der-leser\/#\/schema\/person\/image\/\",\"url\":\"https:\/\/secure.gravatar.com\/avatar\/e801a681bd3bbf2345131a815930b48d9f8e0a94de1346b624840dc850f67ad0?s=96&d=mm&r=g\",\"contentUrl\":\"https:\/\/secure.gravatar.com\/avatar\/e801a681bd3bbf2345131a815930b48d9f8e0a94de1346b624840dc850f67ad0?s=96&d=mm&r=g\",\"caption\":\"\\\"Zeit der Leser\\\"-Redaktion\"},\"url\":\"https:\/\/blog.zeit.de\/zeit-der-leser\/author\/zeit-der-leser-redaktion\/\"}]}<\/script>\n<!-- \/ Yoast SEO plugin. -->","yoast_head_json":{"title":"Was mein Leben reicher macht - ZEIT der Leser","robots":{"index":"index","follow":"follow","max-snippet":"max-snippet:-1","max-image-preview":"max-image-preview:large","max-video-preview":"max-video-preview:-1"},"canonical":"https:\/\/blog.zeit.de\/zeit-der-leser\/2011\/07\/26\/was-mein-leben-reicher-macht-349\/","og_locale":"de_DE","og_type":"article","og_title":"Was mein Leben reicher macht - ZEIT der Leser","og_description":"Ich hatte Sommerurlaub und entschloss mich daher, trotz Sommerregens und ohne bestimmtes Vorhaben, nach Trier zu fahren. \ufeffDort angekommen entsschloss ich, mir im ersten Konfektionsgesch\u00e4ft eine zus\u00e4tzliche Jacke zu kaufen, um nicht weiter frieren zu m\u00fcssen. Da ich auf die Schnelle nichts Passendes fand, entschloss ich mich f\u00fcr die g\u00fcnstigere Variante. Gut ger\u00fcstet bezog ich [&hellip;]","og_url":"https:\/\/blog.zeit.de\/zeit-der-leser\/2011\/07\/26\/was-mein-leben-reicher-macht-349\/","og_site_name":"ZEIT der Leser","article_published_time":"2011-07-26T16:00:48+00:00","article_modified_time":"2011-07-19T14:35:25+00:00","author":"\"Zeit der Leser\"-Redaktion","twitter_card":"summary_large_image","twitter_misc":{"Geschrieben von":"\"Zeit der Leser\"-Redaktion","Gesch\u00e4tzte Lesezeit":"1\u00a0Minute"},"schema":{"@context":"https:\/\/schema.org","@graph":[{"@type":"WebPage","@id":"https:\/\/blog.zeit.de\/zeit-der-leser\/2011\/07\/26\/was-mein-leben-reicher-macht-349\/","url":"https:\/\/blog.zeit.de\/zeit-der-leser\/2011\/07\/26\/was-mein-leben-reicher-macht-349\/","name":"Was mein Leben reicher macht - ZEIT der Leser","isPartOf":{"@id":"https:\/\/blog.zeit.de\/zeit-der-leser\/#website"},"datePublished":"2011-07-26T16:00:48+00:00","dateModified":"2011-07-19T14:35:25+00:00","author":{"@id":"https:\/\/blog.zeit.de\/zeit-der-leser\/#\/schema\/person\/583b14e5ad6368c23af846ecbde9f20f"},"breadcrumb":{"@id":"https:\/\/blog.zeit.de\/zeit-der-leser\/2011\/07\/26\/was-mein-leben-reicher-macht-349\/#breadcrumb"},"inLanguage":"de","potentialAction":[{"@type":"ReadAction","target":["https:\/\/blog.zeit.de\/zeit-der-leser\/2011\/07\/26\/was-mein-leben-reicher-macht-349\/"]}]},{"@type":"BreadcrumbList","@id":"https:\/\/blog.zeit.de\/zeit-der-leser\/2011\/07\/26\/was-mein-leben-reicher-macht-349\/#breadcrumb","itemListElement":[{"@type":"ListItem","position":1,"name":"Startseite","item":"https:\/\/blog.zeit.de\/zeit-der-leser\/"},{"@type":"ListItem","position":2,"name":"Was mein Leben reicher macht"}]},{"@type":"WebSite","@id":"https:\/\/blog.zeit.de\/zeit-der-leser\/#website","url":"https:\/\/blog.zeit.de\/zeit-der-leser\/","name":"ZEIT der Leser","description":"Ein Blog mit Ihren Notizen, Gedichten und Bildern f\u00fcr die gedruckte ZEIT","potentialAction":[{"@type":"SearchAction","target":{"@type":"EntryPoint","urlTemplate":"https:\/\/blog.zeit.de\/zeit-der-leser\/?s={search_term_string}"},"query-input":"required name=search_term_string"}],"inLanguage":"de"},{"@type":"Person","@id":"https:\/\/blog.zeit.de\/zeit-der-leser\/#\/schema\/person\/583b14e5ad6368c23af846ecbde9f20f","name":"\"Zeit der Leser\"-Redaktion","image":{"@type":"ImageObject","inLanguage":"de","@id":"https:\/\/blog.zeit.de\/zeit-der-leser\/#\/schema\/person\/image\/","url":"https:\/\/secure.gravatar.com\/avatar\/e801a681bd3bbf2345131a815930b48d9f8e0a94de1346b624840dc850f67ad0?s=96&d=mm&r=g","contentUrl":"https:\/\/secure.gravatar.com\/avatar\/e801a681bd3bbf2345131a815930b48d9f8e0a94de1346b624840dc850f67ad0?s=96&d=mm&r=g","caption":"\"Zeit der Leser\"-Redaktion"},"url":"https:\/\/blog.zeit.de\/zeit-der-leser\/author\/zeit-der-leser-redaktion\/"}]}},"jetpack_featured_media_url":"","jetpack_sharing_enabled":true,"_links":{"self":[{"href":"https:\/\/blog.zeit.de\/zeit-der-leser\/wp-json\/wp\/v2\/posts\/6396","targetHints":{"allow":["GET"]}}],"collection":[{"href":"https:\/\/blog.zeit.de\/zeit-der-leser\/wp-json\/wp\/v2\/posts"}],"about":[{"href":"https:\/\/blog.zeit.de\/zeit-der-leser\/wp-json\/wp\/v2\/types\/post"}],"author":[{"embeddable":true,"href":"https:\/\/blog.zeit.de\/zeit-der-leser\/wp-json\/wp\/v2\/users\/265"}],"replies":[{"embeddable":true,"href":"https:\/\/blog.zeit.de\/zeit-der-leser\/wp-json\/wp\/v2\/comments?post=6396"}],"version-history":[{"count":3,"href":"https:\/\/blog.zeit.de\/zeit-der-leser\/wp-json\/wp\/v2\/posts\/6396\/revisions"}],"predecessor-version":[{"id":6399,"href":"https:\/\/blog.zeit.de\/zeit-der-leser\/wp-json\/wp\/v2\/posts\/6396\/revisions\/6399"}],"wp:attachment":[{"href":"https:\/\/blog.zeit.de\/zeit-der-leser\/wp-json\/wp\/v2\/media?parent=6396"}],"wp:term":[{"taxonomy":"category","embeddable":true,"href":"https:\/\/blog.zeit.de\/zeit-der-leser\/wp-json\/wp\/v2\/categories?post=6396"},{"taxonomy":"post_tag","embeddable":true,"href":"https:\/\/blog.zeit.de\/zeit-der-leser\/wp-json\/wp\/v2\/tags?post=6396"}],"curies":[{"name":"wp","href":"https:\/\/api.w.org\/{rel}","templated":true}]}}