{"id":640,"date":"2010-04-20T08:51:44","date_gmt":"2010-04-20T06:51:44","guid":{"rendered":"http:\/\/blog.zeit.de\/zeit-der-leser\/?p=640"},"modified":"2010-04-20T08:51:44","modified_gmt":"2010-04-20T06:51:44","slug":"im-digitalen-wahn","status":"publish","type":"post","link":"https:\/\/blog.zeit.de\/zeit-der-leser\/2010\/04\/20\/im-digitalen-wahn\/","title":{"rendered":"Im digitalen Wahn"},"content":{"rendered":"<p>Jede der Erfindungen mit dem kleinen &#8222;i&#8220; am Anfang soll die Menschheit auf eine neue Evolutionsstufe heben, Gewohnheiten ver\u00e4ndern und uns zusammenfu\u0308hren. Digital, natu\u0308rlich. Keine dieser Erfindungen hat mein Leben revolutioniert. Ich nutze immer noch einen Station\u00e4ren PC, anstatt eines Laptops und telefoniere noch immer ohne &#8222;i&#8220;.<\/p>\n<p>Es gibt weitaus schnellere Mobiltelefone, u\u0308berwiegend sogar mit besserer Ausstattung &#8211; und doch dr\u00e4ngen sich die Ju\u0308nger des &#8222;einen\u201c Mobiltelefons bei Verkaufsstart vor den Tu\u0308ren bekannter Elektronikfachm\u00e4rkte oder bestellen Wochen oder Monate im Voraus online ihr Exemplar vor. Weshalb?<\/p>\n<p>Aus demselben Grund, weshalb man sich in sozialen Netzwerken u\u0308ber die eigene Unterw\u00e4sche oder die Qualit\u00e4t des Mittagpausenkaffees unterh\u00e4lt. Aus demselben Grund, warum wir ku\u0308nftig Apps unter dem Weihnachtsbaum finden werden. Aus demselben Grund, weshalb man einen neuen Begriff fu\u0308r Online-Freunde finden muss, die oftmals nur ein paar hundert Meter entfernt von uns sind: Dabei sein. Es ist das Gefu\u0308hl, etwas zu verpassen.<\/p>\n<p>Neulich im Elektronikfachmarkt: Ich teste und vergleiche Telefone, denn auch in Zeiten schneller Preisvergleiche kann mir keine Internetseite die Menu\u0308fu\u0308hrung oder Haptik eines Mobiltelefons verdeutlichen. Ich werde Zeuge eines Ph\u00e4nomens: Ein Junge drangsaliert seine Eltern mit seiner Forderung nach dem einen Telefon. Sonst k\u00f6nne er nicht mehr mitreden. Und u\u0308berhaupt seien die Eltern v\u00f6llig hinterm Mond und zu arm, ihm endlich sein Handy mit dem &#8222;i&#8220; zu kaufen (Neupreis ohne Vertrag ca. 950\u20ac und damit nahezu drei Monate Single Hartz-IV).<\/p>\n<p>Verst\u00e4ndlicherweise waren seine Eltern mit den Anspru\u0308chen und dem Werteverst\u00e4ndnis des Jungen u\u0308berfordert. Ich auch. Als ich jung war \u2013 und man sollte meinen, das sei noch nicht allzu lange her \u2013 habe ich mit sieben Jahren noch mit Puppen gespielt oder war mit meinen Freunden ganz traditionell offline zusammen. Fassungslos und ein wenig belustigt stellte sich mir die Frage: Bin ich mit 24 Jahren schon zu alt fu\u0308r die Welt?<\/p>\n<p><em>Sarah Moser<\/em><\/p>\n","protected":false},"excerpt":{"rendered":"<p>Jede der Erfindungen mit dem kleinen &#8222;i&#8220; am Anfang soll die Menschheit auf eine neue Evolutionsstufe heben, Gewohnheiten ver\u00e4ndern und uns zusammenfu\u0308hren. Digital, natu\u0308rlich. Keine dieser Erfindungen hat mein Leben revolutioniert. Ich nutze immer noch einen Station\u00e4ren PC, anstatt eines Laptops und telefoniere noch immer ohne &#8222;i&#8220;. Es gibt weitaus schnellere Mobiltelefone, u\u0308berwiegend sogar mit [&hellip;]<\/p>\n","protected":false},"author":264,"featured_media":0,"comment_status":"open","ping_status":"open","sticky":false,"template":"","format":"standard","meta":{"_jetpack_memberships_contains_paid_content":false,"footnotes":""},"categories":[1869],"tags":[],"class_list":["post-640","post","type-post","status-publish","format-standard","hentry","category-das-regt-mich-auf"],"yoast_head":"<!-- This site is optimized with the Yoast SEO plugin v21.0 - https:\/\/yoast.com\/wordpress\/plugins\/seo\/ -->\n<title>Im digitalen Wahn - ZEIT der Leser<\/title>\n<meta name=\"robots\" content=\"index, follow, max-snippet:-1, max-image-preview:large, max-video-preview:-1\" \/>\n<link rel=\"canonical\" href=\"https:\/\/blog.zeit.de\/zeit-der-leser\/2010\/04\/20\/im-digitalen-wahn\/\" \/>\n<meta property=\"og:locale\" content=\"de_DE\" \/>\n<meta property=\"og:type\" content=\"article\" \/>\n<meta property=\"og:title\" content=\"Im digitalen Wahn - ZEIT der Leser\" \/>\n<meta property=\"og:description\" content=\"Jede der Erfindungen mit dem kleinen &#8222;i&#8220; am Anfang soll die Menschheit auf eine neue Evolutionsstufe heben, Gewohnheiten ver\u00e4ndern und uns zusammenfu\u0308hren. Digital, natu\u0308rlich. Keine dieser Erfindungen hat mein Leben revolutioniert. Ich nutze immer noch einen Station\u00e4ren PC, anstatt eines Laptops und telefoniere noch immer ohne &#8222;i&#8220;. Es gibt weitaus schnellere Mobiltelefone, u\u0308berwiegend sogar mit [&hellip;]\" \/>\n<meta property=\"og:url\" content=\"https:\/\/blog.zeit.de\/zeit-der-leser\/2010\/04\/20\/im-digitalen-wahn\/\" \/>\n<meta property=\"og:site_name\" content=\"ZEIT der Leser\" \/>\n<meta property=\"article:published_time\" content=\"2010-04-20T06:51:44+00:00\" \/>\n<meta name=\"author\" content=\"Zeit der Leser\" \/>\n<meta name=\"twitter:card\" content=\"summary_large_image\" \/>\n<meta name=\"twitter:label1\" content=\"Geschrieben von\" \/>\n\t<meta name=\"twitter:data1\" content=\"Zeit der Leser\" \/>\n\t<meta name=\"twitter:label2\" content=\"Gesch\u00e4tzte Lesezeit\" \/>\n\t<meta name=\"twitter:data2\" content=\"2\u00a0Minuten\" \/>\n<script type=\"application\/ld+json\" class=\"yoast-schema-graph\">{\"@context\":\"https:\/\/schema.org\",\"@graph\":[{\"@type\":\"WebPage\",\"@id\":\"https:\/\/blog.zeit.de\/zeit-der-leser\/2010\/04\/20\/im-digitalen-wahn\/\",\"url\":\"https:\/\/blog.zeit.de\/zeit-der-leser\/2010\/04\/20\/im-digitalen-wahn\/\",\"name\":\"Im digitalen Wahn - ZEIT der Leser\",\"isPartOf\":{\"@id\":\"https:\/\/blog.zeit.de\/zeit-der-leser\/#website\"},\"datePublished\":\"2010-04-20T06:51:44+00:00\",\"dateModified\":\"2010-04-20T06:51:44+00:00\",\"author\":{\"@id\":\"https:\/\/blog.zeit.de\/zeit-der-leser\/#\/schema\/person\/e248c7ff5a10552f6a3bd5e9385b3667\"},\"breadcrumb\":{\"@id\":\"https:\/\/blog.zeit.de\/zeit-der-leser\/2010\/04\/20\/im-digitalen-wahn\/#breadcrumb\"},\"inLanguage\":\"de\",\"potentialAction\":[{\"@type\":\"ReadAction\",\"target\":[\"https:\/\/blog.zeit.de\/zeit-der-leser\/2010\/04\/20\/im-digitalen-wahn\/\"]}]},{\"@type\":\"BreadcrumbList\",\"@id\":\"https:\/\/blog.zeit.de\/zeit-der-leser\/2010\/04\/20\/im-digitalen-wahn\/#breadcrumb\",\"itemListElement\":[{\"@type\":\"ListItem\",\"position\":1,\"name\":\"Startseite\",\"item\":\"https:\/\/blog.zeit.de\/zeit-der-leser\/\"},{\"@type\":\"ListItem\",\"position\":2,\"name\":\"Im digitalen Wahn\"}]},{\"@type\":\"WebSite\",\"@id\":\"https:\/\/blog.zeit.de\/zeit-der-leser\/#website\",\"url\":\"https:\/\/blog.zeit.de\/zeit-der-leser\/\",\"name\":\"ZEIT der Leser\",\"description\":\"Ein Blog mit Ihren Notizen, Gedichten und Bildern f\u00fcr die gedruckte ZEIT\",\"potentialAction\":[{\"@type\":\"SearchAction\",\"target\":{\"@type\":\"EntryPoint\",\"urlTemplate\":\"https:\/\/blog.zeit.de\/zeit-der-leser\/?s={search_term_string}\"},\"query-input\":\"required name=search_term_string\"}],\"inLanguage\":\"de\"},{\"@type\":\"Person\",\"@id\":\"https:\/\/blog.zeit.de\/zeit-der-leser\/#\/schema\/person\/e248c7ff5a10552f6a3bd5e9385b3667\",\"name\":\"Zeit der Leser\",\"image\":{\"@type\":\"ImageObject\",\"inLanguage\":\"de\",\"@id\":\"https:\/\/blog.zeit.de\/zeit-der-leser\/#\/schema\/person\/image\/\",\"url\":\"https:\/\/secure.gravatar.com\/avatar\/529bb2731085995bda6c8ba0e4da7e528ea8be4e6c7abdd217f176e2309035f6?s=96&d=mm&r=g\",\"contentUrl\":\"https:\/\/secure.gravatar.com\/avatar\/529bb2731085995bda6c8ba0e4da7e528ea8be4e6c7abdd217f176e2309035f6?s=96&d=mm&r=g\",\"caption\":\"Zeit der Leser\"},\"url\":\"https:\/\/blog.zeit.de\/zeit-der-leser\/author\/zeit-der-leser\/\"}]}<\/script>\n<!-- \/ Yoast SEO plugin. -->","yoast_head_json":{"title":"Im digitalen Wahn - ZEIT der Leser","robots":{"index":"index","follow":"follow","max-snippet":"max-snippet:-1","max-image-preview":"max-image-preview:large","max-video-preview":"max-video-preview:-1"},"canonical":"https:\/\/blog.zeit.de\/zeit-der-leser\/2010\/04\/20\/im-digitalen-wahn\/","og_locale":"de_DE","og_type":"article","og_title":"Im digitalen Wahn - ZEIT der Leser","og_description":"Jede der Erfindungen mit dem kleinen &#8222;i&#8220; am Anfang soll die Menschheit auf eine neue Evolutionsstufe heben, Gewohnheiten ver\u00e4ndern und uns zusammenfu\u0308hren. Digital, natu\u0308rlich. Keine dieser Erfindungen hat mein Leben revolutioniert. Ich nutze immer noch einen Station\u00e4ren PC, anstatt eines Laptops und telefoniere noch immer ohne &#8222;i&#8220;. Es gibt weitaus schnellere Mobiltelefone, u\u0308berwiegend sogar mit [&hellip;]","og_url":"https:\/\/blog.zeit.de\/zeit-der-leser\/2010\/04\/20\/im-digitalen-wahn\/","og_site_name":"ZEIT der Leser","article_published_time":"2010-04-20T06:51:44+00:00","author":"Zeit der Leser","twitter_card":"summary_large_image","twitter_misc":{"Geschrieben von":"Zeit der Leser","Gesch\u00e4tzte Lesezeit":"2\u00a0Minuten"},"schema":{"@context":"https:\/\/schema.org","@graph":[{"@type":"WebPage","@id":"https:\/\/blog.zeit.de\/zeit-der-leser\/2010\/04\/20\/im-digitalen-wahn\/","url":"https:\/\/blog.zeit.de\/zeit-der-leser\/2010\/04\/20\/im-digitalen-wahn\/","name":"Im digitalen Wahn - ZEIT der Leser","isPartOf":{"@id":"https:\/\/blog.zeit.de\/zeit-der-leser\/#website"},"datePublished":"2010-04-20T06:51:44+00:00","dateModified":"2010-04-20T06:51:44+00:00","author":{"@id":"https:\/\/blog.zeit.de\/zeit-der-leser\/#\/schema\/person\/e248c7ff5a10552f6a3bd5e9385b3667"},"breadcrumb":{"@id":"https:\/\/blog.zeit.de\/zeit-der-leser\/2010\/04\/20\/im-digitalen-wahn\/#breadcrumb"},"inLanguage":"de","potentialAction":[{"@type":"ReadAction","target":["https:\/\/blog.zeit.de\/zeit-der-leser\/2010\/04\/20\/im-digitalen-wahn\/"]}]},{"@type":"BreadcrumbList","@id":"https:\/\/blog.zeit.de\/zeit-der-leser\/2010\/04\/20\/im-digitalen-wahn\/#breadcrumb","itemListElement":[{"@type":"ListItem","position":1,"name":"Startseite","item":"https:\/\/blog.zeit.de\/zeit-der-leser\/"},{"@type":"ListItem","position":2,"name":"Im digitalen Wahn"}]},{"@type":"WebSite","@id":"https:\/\/blog.zeit.de\/zeit-der-leser\/#website","url":"https:\/\/blog.zeit.de\/zeit-der-leser\/","name":"ZEIT der Leser","description":"Ein Blog mit Ihren Notizen, Gedichten und Bildern f\u00fcr die gedruckte ZEIT","potentialAction":[{"@type":"SearchAction","target":{"@type":"EntryPoint","urlTemplate":"https:\/\/blog.zeit.de\/zeit-der-leser\/?s={search_term_string}"},"query-input":"required name=search_term_string"}],"inLanguage":"de"},{"@type":"Person","@id":"https:\/\/blog.zeit.de\/zeit-der-leser\/#\/schema\/person\/e248c7ff5a10552f6a3bd5e9385b3667","name":"Zeit der Leser","image":{"@type":"ImageObject","inLanguage":"de","@id":"https:\/\/blog.zeit.de\/zeit-der-leser\/#\/schema\/person\/image\/","url":"https:\/\/secure.gravatar.com\/avatar\/529bb2731085995bda6c8ba0e4da7e528ea8be4e6c7abdd217f176e2309035f6?s=96&d=mm&r=g","contentUrl":"https:\/\/secure.gravatar.com\/avatar\/529bb2731085995bda6c8ba0e4da7e528ea8be4e6c7abdd217f176e2309035f6?s=96&d=mm&r=g","caption":"Zeit der Leser"},"url":"https:\/\/blog.zeit.de\/zeit-der-leser\/author\/zeit-der-leser\/"}]}},"jetpack_featured_media_url":"","jetpack_sharing_enabled":true,"_links":{"self":[{"href":"https:\/\/blog.zeit.de\/zeit-der-leser\/wp-json\/wp\/v2\/posts\/640","targetHints":{"allow":["GET"]}}],"collection":[{"href":"https:\/\/blog.zeit.de\/zeit-der-leser\/wp-json\/wp\/v2\/posts"}],"about":[{"href":"https:\/\/blog.zeit.de\/zeit-der-leser\/wp-json\/wp\/v2\/types\/post"}],"author":[{"embeddable":true,"href":"https:\/\/blog.zeit.de\/zeit-der-leser\/wp-json\/wp\/v2\/users\/264"}],"replies":[{"embeddable":true,"href":"https:\/\/blog.zeit.de\/zeit-der-leser\/wp-json\/wp\/v2\/comments?post=640"}],"version-history":[{"count":0,"href":"https:\/\/blog.zeit.de\/zeit-der-leser\/wp-json\/wp\/v2\/posts\/640\/revisions"}],"wp:attachment":[{"href":"https:\/\/blog.zeit.de\/zeit-der-leser\/wp-json\/wp\/v2\/media?parent=640"}],"wp:term":[{"taxonomy":"category","embeddable":true,"href":"https:\/\/blog.zeit.de\/zeit-der-leser\/wp-json\/wp\/v2\/categories?post=640"},{"taxonomy":"post_tag","embeddable":true,"href":"https:\/\/blog.zeit.de\/zeit-der-leser\/wp-json\/wp\/v2\/tags?post=640"}],"curies":[{"name":"wp","href":"https:\/\/api.w.org\/{rel}","templated":true}]}}