{"id":6400,"date":"2011-07-24T18:00:12","date_gmt":"2011-07-24T16:00:12","guid":{"rendered":"http:\/\/blog.zeit.de\/zeit-der-leser\/?p=6400"},"modified":"2011-07-19T16:52:51","modified_gmt":"2011-07-19T14:52:51","slug":"was-mein-leben-reicher-macht-350","status":"publish","type":"post","link":"https:\/\/blog.zeit.de\/zeit-der-leser\/2011\/07\/24\/was-mein-leben-reicher-macht-350\/","title":{"rendered":"Was mein Leben reicher macht"},"content":{"rendered":"<p>Das Gewitter, das sich mit taghellem Wetterleuchten in der Nacht bemerkbar machte und dann mit enormem Grollen aus den Rocky Mountains ins Tal rollte. Der B\u00e4r, der im Fr\u00fchnebel nach dem Gewitter vor dem Haus auftauchte und sich quer \u00fcber die Wiese in Richtung Sportplatz trollte. Auf dem gepflegten Rasen des Sportplatzes fand ein Fu\u00dfballturnier f\u00fcr  M\u00e4dchen statt. Die Luft war voll von begeisterten Rufen und  Freundlichkeit. Die Eltern sa\u00dfen auf dem Rasen, feuerten ihre Kinder an und trockneten  auch die Tr\u00e4nen der Gegner. Ein M\u00e4dchen schoss den Fu\u00dfball aus dem Spielfeld,\u00a0 ich schoss ihn unbeholfen \u00fcber den Zaun zur\u00fcck und entschuldigte mich daf\u00fcr bei ihr. \u201eMacht nichts. Du hast den Ball \u00fcber den Zaun zur\u00fcckbekommen. Das ist toll.\u201c<\/p>\n<p>Gerade spielte eine Frauenmannschaft in Deutschland Fu\u00dfball. Vielleicht haben sie einmal Fu\u00dfball gespielt wie diese M\u00e4dchen.<\/p>\n<p><em>Sigrun Seidel-Petry, Rostock<\/em><\/p>\n","protected":false},"excerpt":{"rendered":"<p>Das Gewitter, das sich mit taghellem Wetterleuchten in der Nacht bemerkbar machte und dann mit enormem Grollen aus den Rocky Mountains ins Tal rollte. Der B\u00e4r, der im Fr\u00fchnebel nach dem Gewitter vor dem Haus auftauchte und sich quer \u00fcber die Wiese in Richtung Sportplatz trollte. Auf dem gepflegten Rasen des Sportplatzes fand ein Fu\u00dfballturnier [&hellip;]<\/p>\n","protected":false},"author":265,"featured_media":0,"comment_status":"open","ping_status":"open","sticky":false,"template":"","format":"standard","meta":{"_jetpack_memberships_contains_paid_content":false,"footnotes":""},"categories":[1871],"tags":[],"class_list":["post-6400","post","type-post","status-publish","format-standard","hentry","category-was-mein-leben-reicher-macht"],"yoast_head":"<!-- This site is optimized with the Yoast SEO plugin v21.0 - https:\/\/yoast.com\/wordpress\/plugins\/seo\/ -->\n<title>Was mein Leben reicher macht - ZEIT der Leser<\/title>\n<meta name=\"robots\" content=\"index, follow, max-snippet:-1, max-image-preview:large, max-video-preview:-1\" \/>\n<link rel=\"canonical\" href=\"https:\/\/blog.zeit.de\/zeit-der-leser\/2011\/07\/24\/was-mein-leben-reicher-macht-350\/\" \/>\n<meta property=\"og:locale\" content=\"de_DE\" \/>\n<meta property=\"og:type\" content=\"article\" \/>\n<meta property=\"og:title\" content=\"Was mein Leben reicher macht - ZEIT der Leser\" \/>\n<meta property=\"og:description\" content=\"Das Gewitter, das sich mit taghellem Wetterleuchten in der Nacht bemerkbar machte und dann mit enormem Grollen aus den Rocky Mountains ins Tal rollte. Der B\u00e4r, der im Fr\u00fchnebel nach dem Gewitter vor dem Haus auftauchte und sich quer \u00fcber die Wiese in Richtung Sportplatz trollte. Auf dem gepflegten Rasen des Sportplatzes fand ein Fu\u00dfballturnier [&hellip;]\" \/>\n<meta property=\"og:url\" content=\"https:\/\/blog.zeit.de\/zeit-der-leser\/2011\/07\/24\/was-mein-leben-reicher-macht-350\/\" \/>\n<meta property=\"og:site_name\" content=\"ZEIT der Leser\" \/>\n<meta property=\"article:published_time\" content=\"2011-07-24T16:00:12+00:00\" \/>\n<meta property=\"article:modified_time\" content=\"2011-07-19T14:52:51+00:00\" \/>\n<meta name=\"author\" content=\"&quot;Zeit der Leser&quot;-Redaktion\" \/>\n<meta name=\"twitter:card\" content=\"summary_large_image\" \/>\n<meta name=\"twitter:label1\" content=\"Geschrieben von\" \/>\n\t<meta name=\"twitter:data1\" content=\"\"Zeit der Leser\"-Redaktion\" \/>\n\t<meta name=\"twitter:label2\" content=\"Gesch\u00e4tzte Lesezeit\" \/>\n\t<meta name=\"twitter:data2\" content=\"1\u00a0Minute\" \/>\n<script type=\"application\/ld+json\" class=\"yoast-schema-graph\">{\"@context\":\"https:\/\/schema.org\",\"@graph\":[{\"@type\":\"WebPage\",\"@id\":\"https:\/\/blog.zeit.de\/zeit-der-leser\/2011\/07\/24\/was-mein-leben-reicher-macht-350\/\",\"url\":\"https:\/\/blog.zeit.de\/zeit-der-leser\/2011\/07\/24\/was-mein-leben-reicher-macht-350\/\",\"name\":\"Was mein Leben reicher macht - ZEIT der Leser\",\"isPartOf\":{\"@id\":\"https:\/\/blog.zeit.de\/zeit-der-leser\/#website\"},\"datePublished\":\"2011-07-24T16:00:12+00:00\",\"dateModified\":\"2011-07-19T14:52:51+00:00\",\"author\":{\"@id\":\"https:\/\/blog.zeit.de\/zeit-der-leser\/#\/schema\/person\/583b14e5ad6368c23af846ecbde9f20f\"},\"breadcrumb\":{\"@id\":\"https:\/\/blog.zeit.de\/zeit-der-leser\/2011\/07\/24\/was-mein-leben-reicher-macht-350\/#breadcrumb\"},\"inLanguage\":\"de\",\"potentialAction\":[{\"@type\":\"ReadAction\",\"target\":[\"https:\/\/blog.zeit.de\/zeit-der-leser\/2011\/07\/24\/was-mein-leben-reicher-macht-350\/\"]}]},{\"@type\":\"BreadcrumbList\",\"@id\":\"https:\/\/blog.zeit.de\/zeit-der-leser\/2011\/07\/24\/was-mein-leben-reicher-macht-350\/#breadcrumb\",\"itemListElement\":[{\"@type\":\"ListItem\",\"position\":1,\"name\":\"Startseite\",\"item\":\"https:\/\/blog.zeit.de\/zeit-der-leser\/\"},{\"@type\":\"ListItem\",\"position\":2,\"name\":\"Was mein Leben reicher macht\"}]},{\"@type\":\"WebSite\",\"@id\":\"https:\/\/blog.zeit.de\/zeit-der-leser\/#website\",\"url\":\"https:\/\/blog.zeit.de\/zeit-der-leser\/\",\"name\":\"ZEIT der Leser\",\"description\":\"Ein Blog mit Ihren Notizen, Gedichten und Bildern f\u00fcr die gedruckte ZEIT\",\"potentialAction\":[{\"@type\":\"SearchAction\",\"target\":{\"@type\":\"EntryPoint\",\"urlTemplate\":\"https:\/\/blog.zeit.de\/zeit-der-leser\/?s={search_term_string}\"},\"query-input\":\"required name=search_term_string\"}],\"inLanguage\":\"de\"},{\"@type\":\"Person\",\"@id\":\"https:\/\/blog.zeit.de\/zeit-der-leser\/#\/schema\/person\/583b14e5ad6368c23af846ecbde9f20f\",\"name\":\"\\\"Zeit der Leser\\\"-Redaktion\",\"image\":{\"@type\":\"ImageObject\",\"inLanguage\":\"de\",\"@id\":\"https:\/\/blog.zeit.de\/zeit-der-leser\/#\/schema\/person\/image\/\",\"url\":\"https:\/\/secure.gravatar.com\/avatar\/e801a681bd3bbf2345131a815930b48d9f8e0a94de1346b624840dc850f67ad0?s=96&d=mm&r=g\",\"contentUrl\":\"https:\/\/secure.gravatar.com\/avatar\/e801a681bd3bbf2345131a815930b48d9f8e0a94de1346b624840dc850f67ad0?s=96&d=mm&r=g\",\"caption\":\"\\\"Zeit der Leser\\\"-Redaktion\"},\"url\":\"https:\/\/blog.zeit.de\/zeit-der-leser\/author\/zeit-der-leser-redaktion\/\"}]}<\/script>\n<!-- \/ Yoast SEO plugin. -->","yoast_head_json":{"title":"Was mein Leben reicher macht - ZEIT der Leser","robots":{"index":"index","follow":"follow","max-snippet":"max-snippet:-1","max-image-preview":"max-image-preview:large","max-video-preview":"max-video-preview:-1"},"canonical":"https:\/\/blog.zeit.de\/zeit-der-leser\/2011\/07\/24\/was-mein-leben-reicher-macht-350\/","og_locale":"de_DE","og_type":"article","og_title":"Was mein Leben reicher macht - ZEIT der Leser","og_description":"Das Gewitter, das sich mit taghellem Wetterleuchten in der Nacht bemerkbar machte und dann mit enormem Grollen aus den Rocky Mountains ins Tal rollte. Der B\u00e4r, der im Fr\u00fchnebel nach dem Gewitter vor dem Haus auftauchte und sich quer \u00fcber die Wiese in Richtung Sportplatz trollte. Auf dem gepflegten Rasen des Sportplatzes fand ein Fu\u00dfballturnier [&hellip;]","og_url":"https:\/\/blog.zeit.de\/zeit-der-leser\/2011\/07\/24\/was-mein-leben-reicher-macht-350\/","og_site_name":"ZEIT der Leser","article_published_time":"2011-07-24T16:00:12+00:00","article_modified_time":"2011-07-19T14:52:51+00:00","author":"\"Zeit der Leser\"-Redaktion","twitter_card":"summary_large_image","twitter_misc":{"Geschrieben von":"\"Zeit der Leser\"-Redaktion","Gesch\u00e4tzte Lesezeit":"1\u00a0Minute"},"schema":{"@context":"https:\/\/schema.org","@graph":[{"@type":"WebPage","@id":"https:\/\/blog.zeit.de\/zeit-der-leser\/2011\/07\/24\/was-mein-leben-reicher-macht-350\/","url":"https:\/\/blog.zeit.de\/zeit-der-leser\/2011\/07\/24\/was-mein-leben-reicher-macht-350\/","name":"Was mein Leben reicher macht - ZEIT der Leser","isPartOf":{"@id":"https:\/\/blog.zeit.de\/zeit-der-leser\/#website"},"datePublished":"2011-07-24T16:00:12+00:00","dateModified":"2011-07-19T14:52:51+00:00","author":{"@id":"https:\/\/blog.zeit.de\/zeit-der-leser\/#\/schema\/person\/583b14e5ad6368c23af846ecbde9f20f"},"breadcrumb":{"@id":"https:\/\/blog.zeit.de\/zeit-der-leser\/2011\/07\/24\/was-mein-leben-reicher-macht-350\/#breadcrumb"},"inLanguage":"de","potentialAction":[{"@type":"ReadAction","target":["https:\/\/blog.zeit.de\/zeit-der-leser\/2011\/07\/24\/was-mein-leben-reicher-macht-350\/"]}]},{"@type":"BreadcrumbList","@id":"https:\/\/blog.zeit.de\/zeit-der-leser\/2011\/07\/24\/was-mein-leben-reicher-macht-350\/#breadcrumb","itemListElement":[{"@type":"ListItem","position":1,"name":"Startseite","item":"https:\/\/blog.zeit.de\/zeit-der-leser\/"},{"@type":"ListItem","position":2,"name":"Was mein Leben reicher macht"}]},{"@type":"WebSite","@id":"https:\/\/blog.zeit.de\/zeit-der-leser\/#website","url":"https:\/\/blog.zeit.de\/zeit-der-leser\/","name":"ZEIT der Leser","description":"Ein Blog mit Ihren Notizen, Gedichten und Bildern f\u00fcr die gedruckte ZEIT","potentialAction":[{"@type":"SearchAction","target":{"@type":"EntryPoint","urlTemplate":"https:\/\/blog.zeit.de\/zeit-der-leser\/?s={search_term_string}"},"query-input":"required name=search_term_string"}],"inLanguage":"de"},{"@type":"Person","@id":"https:\/\/blog.zeit.de\/zeit-der-leser\/#\/schema\/person\/583b14e5ad6368c23af846ecbde9f20f","name":"\"Zeit der Leser\"-Redaktion","image":{"@type":"ImageObject","inLanguage":"de","@id":"https:\/\/blog.zeit.de\/zeit-der-leser\/#\/schema\/person\/image\/","url":"https:\/\/secure.gravatar.com\/avatar\/e801a681bd3bbf2345131a815930b48d9f8e0a94de1346b624840dc850f67ad0?s=96&d=mm&r=g","contentUrl":"https:\/\/secure.gravatar.com\/avatar\/e801a681bd3bbf2345131a815930b48d9f8e0a94de1346b624840dc850f67ad0?s=96&d=mm&r=g","caption":"\"Zeit der Leser\"-Redaktion"},"url":"https:\/\/blog.zeit.de\/zeit-der-leser\/author\/zeit-der-leser-redaktion\/"}]}},"jetpack_featured_media_url":"","jetpack_sharing_enabled":true,"_links":{"self":[{"href":"https:\/\/blog.zeit.de\/zeit-der-leser\/wp-json\/wp\/v2\/posts\/6400","targetHints":{"allow":["GET"]}}],"collection":[{"href":"https:\/\/blog.zeit.de\/zeit-der-leser\/wp-json\/wp\/v2\/posts"}],"about":[{"href":"https:\/\/blog.zeit.de\/zeit-der-leser\/wp-json\/wp\/v2\/types\/post"}],"author":[{"embeddable":true,"href":"https:\/\/blog.zeit.de\/zeit-der-leser\/wp-json\/wp\/v2\/users\/265"}],"replies":[{"embeddable":true,"href":"https:\/\/blog.zeit.de\/zeit-der-leser\/wp-json\/wp\/v2\/comments?post=6400"}],"version-history":[{"count":3,"href":"https:\/\/blog.zeit.de\/zeit-der-leser\/wp-json\/wp\/v2\/posts\/6400\/revisions"}],"predecessor-version":[{"id":6403,"href":"https:\/\/blog.zeit.de\/zeit-der-leser\/wp-json\/wp\/v2\/posts\/6400\/revisions\/6403"}],"wp:attachment":[{"href":"https:\/\/blog.zeit.de\/zeit-der-leser\/wp-json\/wp\/v2\/media?parent=6400"}],"wp:term":[{"taxonomy":"category","embeddable":true,"href":"https:\/\/blog.zeit.de\/zeit-der-leser\/wp-json\/wp\/v2\/categories?post=6400"},{"taxonomy":"post_tag","embeddable":true,"href":"https:\/\/blog.zeit.de\/zeit-der-leser\/wp-json\/wp\/v2\/tags?post=6400"}],"curies":[{"name":"wp","href":"https:\/\/api.w.org\/{rel}","templated":true}]}}