{"id":6410,"date":"2011-07-25T10:00:59","date_gmt":"2011-07-25T08:00:59","guid":{"rendered":"http:\/\/blog.zeit.de\/zeit-der-leser\/?p=6410"},"modified":"2011-07-22T12:51:42","modified_gmt":"2011-07-22T10:51:42","slug":"zwei-welten","status":"publish","type":"post","link":"https:\/\/blog.zeit.de\/zeit-der-leser\/2011\/07\/25\/zwei-welten\/","title":{"rendered":"Zwei Welten"},"content":{"rendered":"<p><a href=\"https:\/\/blog.zeit.de\/zeit-der-leser\/files\/2011\/07\/strassenbild_frauen.jpg\"><img loading=\"lazy\" decoding=\"async\" class=\"aligncenter size-full wp-image-6411\" title=\"strassenbild_frauen\" src=\"https:\/\/blog.zeit.de\/zeit-der-leser\/files\/2011\/07\/strassenbild_frauen.jpg\" alt=\"\" width=\"540\" height=\"492\" srcset=\"https:\/\/blog.zeit.de\/zeit-der-leser\/files\/2011\/07\/strassenbild_frauen.jpg 540w, https:\/\/blog.zeit.de\/zeit-der-leser\/files\/2011\/07\/strassenbild_frauen-300x273.jpg 300w\" sizes=\"auto, (max-width: 540px) 100vw, 540px\" \/><\/a>Mein Stra\u00dfenbild ist eigentlich eher ein Frauen-Bild. Es ist eine Momentaufnahme aus Moskau. Ich habe die letzten Jahre in Osteuropa gelebt und gearbeitet und war<br \/>\nfasziniert vom Nebeneinander typisch sowjetischer und moderner Dinge im Alltag der Menschen. Das Gestern und Morgen spiegelte sich auch im (\u00e4u\u00dferen) Frauenbild der Generationen wider. Mir gef\u00e4llt das Foto, weil es dieses Zusammentreffen beider Welten zeigt: Hier die \u00e4lteren Frauen bei ihrem landestypischen \u00bbbisness\u00ab-Kleinhandel aus einem Eimer oder umgedrehten Pappkarton am Stra\u00dfenrand, dort das hochglanzgestylte und kaum bekleidete Model auf einer Werbetafel.<br \/>\nUnd doch scheint sie etwas zu verbinden. Das Frauen-Bild ist eben vielf\u00e4ltig!<\/p>\n<p><em>Ragna Bey\u00e9, London<\/em><\/p>\n","protected":false},"excerpt":{"rendered":"<p>Mein Stra\u00dfenbild ist eigentlich eher ein Frauen-Bild. Es ist eine Momentaufnahme aus Moskau. Ich habe die letzten Jahre in Osteuropa gelebt und gearbeitet und war fasziniert vom Nebeneinander typisch sowjetischer und moderner Dinge im Alltag der Menschen. Das Gestern und Morgen spiegelte sich auch im (\u00e4u\u00dferen) Frauenbild der Generationen wider. Mir gef\u00e4llt das Foto, weil [&hellip;]<\/p>\n","protected":false},"author":265,"featured_media":0,"comment_status":"open","ping_status":"open","sticky":false,"template":"","format":"standard","meta":{"_jetpack_memberships_contains_paid_content":false,"footnotes":""},"categories":[5688],"tags":[],"class_list":["post-6410","post","type-post","status-publish","format-standard","hentry","category-strasenbild"],"yoast_head":"<!-- This site is optimized with the Yoast SEO plugin v21.0 - https:\/\/yoast.com\/wordpress\/plugins\/seo\/ -->\n<title>Zwei Welten - ZEIT der Leser<\/title>\n<meta name=\"robots\" content=\"index, follow, max-snippet:-1, max-image-preview:large, max-video-preview:-1\" \/>\n<link rel=\"canonical\" href=\"https:\/\/blog.zeit.de\/zeit-der-leser\/2011\/07\/25\/zwei-welten\/\" \/>\n<meta property=\"og:locale\" content=\"de_DE\" \/>\n<meta property=\"og:type\" content=\"article\" \/>\n<meta property=\"og:title\" content=\"Zwei Welten - ZEIT der Leser\" \/>\n<meta property=\"og:description\" content=\"Mein Stra\u00dfenbild ist eigentlich eher ein Frauen-Bild. Es ist eine Momentaufnahme aus Moskau. Ich habe die letzten Jahre in Osteuropa gelebt und gearbeitet und war fasziniert vom Nebeneinander typisch sowjetischer und moderner Dinge im Alltag der Menschen. Das Gestern und Morgen spiegelte sich auch im (\u00e4u\u00dferen) Frauenbild der Generationen wider. Mir gef\u00e4llt das Foto, weil [&hellip;]\" \/>\n<meta property=\"og:url\" content=\"https:\/\/blog.zeit.de\/zeit-der-leser\/2011\/07\/25\/zwei-welten\/\" \/>\n<meta property=\"og:site_name\" content=\"ZEIT der Leser\" \/>\n<meta property=\"article:published_time\" content=\"2011-07-25T08:00:59+00:00\" \/>\n<meta property=\"article:modified_time\" content=\"2011-07-22T10:51:42+00:00\" \/>\n<meta property=\"og:image\" content=\"https:\/\/blog.zeit.de\/zeit-der-leser\/files\/2011\/07\/strassenbild_frauen.jpg\" \/>\n<meta name=\"author\" content=\"&quot;Zeit der Leser&quot;-Redaktion\" \/>\n<meta name=\"twitter:card\" content=\"summary_large_image\" \/>\n<meta name=\"twitter:label1\" content=\"Geschrieben von\" \/>\n\t<meta name=\"twitter:data1\" content=\"\"Zeit der Leser\"-Redaktion\" \/>\n\t<meta name=\"twitter:label2\" content=\"Gesch\u00e4tzte Lesezeit\" \/>\n\t<meta name=\"twitter:data2\" content=\"1\u00a0Minute\" \/>\n<script type=\"application\/ld+json\" class=\"yoast-schema-graph\">{\"@context\":\"https:\/\/schema.org\",\"@graph\":[{\"@type\":\"WebPage\",\"@id\":\"https:\/\/blog.zeit.de\/zeit-der-leser\/2011\/07\/25\/zwei-welten\/\",\"url\":\"https:\/\/blog.zeit.de\/zeit-der-leser\/2011\/07\/25\/zwei-welten\/\",\"name\":\"Zwei Welten - ZEIT der Leser\",\"isPartOf\":{\"@id\":\"https:\/\/blog.zeit.de\/zeit-der-leser\/#website\"},\"datePublished\":\"2011-07-25T08:00:59+00:00\",\"dateModified\":\"2011-07-22T10:51:42+00:00\",\"author\":{\"@id\":\"https:\/\/blog.zeit.de\/zeit-der-leser\/#\/schema\/person\/583b14e5ad6368c23af846ecbde9f20f\"},\"breadcrumb\":{\"@id\":\"https:\/\/blog.zeit.de\/zeit-der-leser\/2011\/07\/25\/zwei-welten\/#breadcrumb\"},\"inLanguage\":\"de\",\"potentialAction\":[{\"@type\":\"ReadAction\",\"target\":[\"https:\/\/blog.zeit.de\/zeit-der-leser\/2011\/07\/25\/zwei-welten\/\"]}]},{\"@type\":\"BreadcrumbList\",\"@id\":\"https:\/\/blog.zeit.de\/zeit-der-leser\/2011\/07\/25\/zwei-welten\/#breadcrumb\",\"itemListElement\":[{\"@type\":\"ListItem\",\"position\":1,\"name\":\"Startseite\",\"item\":\"https:\/\/blog.zeit.de\/zeit-der-leser\/\"},{\"@type\":\"ListItem\",\"position\":2,\"name\":\"Zwei Welten\"}]},{\"@type\":\"WebSite\",\"@id\":\"https:\/\/blog.zeit.de\/zeit-der-leser\/#website\",\"url\":\"https:\/\/blog.zeit.de\/zeit-der-leser\/\",\"name\":\"ZEIT der Leser\",\"description\":\"Ein Blog mit Ihren Notizen, Gedichten und Bildern f\u00fcr die gedruckte ZEIT\",\"potentialAction\":[{\"@type\":\"SearchAction\",\"target\":{\"@type\":\"EntryPoint\",\"urlTemplate\":\"https:\/\/blog.zeit.de\/zeit-der-leser\/?s={search_term_string}\"},\"query-input\":\"required name=search_term_string\"}],\"inLanguage\":\"de\"},{\"@type\":\"Person\",\"@id\":\"https:\/\/blog.zeit.de\/zeit-der-leser\/#\/schema\/person\/583b14e5ad6368c23af846ecbde9f20f\",\"name\":\"\\\"Zeit der Leser\\\"-Redaktion\",\"image\":{\"@type\":\"ImageObject\",\"inLanguage\":\"de\",\"@id\":\"https:\/\/blog.zeit.de\/zeit-der-leser\/#\/schema\/person\/image\/\",\"url\":\"https:\/\/secure.gravatar.com\/avatar\/e801a681bd3bbf2345131a815930b48d9f8e0a94de1346b624840dc850f67ad0?s=96&d=mm&r=g\",\"contentUrl\":\"https:\/\/secure.gravatar.com\/avatar\/e801a681bd3bbf2345131a815930b48d9f8e0a94de1346b624840dc850f67ad0?s=96&d=mm&r=g\",\"caption\":\"\\\"Zeit der Leser\\\"-Redaktion\"},\"url\":\"https:\/\/blog.zeit.de\/zeit-der-leser\/author\/zeit-der-leser-redaktion\/\"}]}<\/script>\n<!-- \/ Yoast SEO plugin. -->","yoast_head_json":{"title":"Zwei Welten - ZEIT der Leser","robots":{"index":"index","follow":"follow","max-snippet":"max-snippet:-1","max-image-preview":"max-image-preview:large","max-video-preview":"max-video-preview:-1"},"canonical":"https:\/\/blog.zeit.de\/zeit-der-leser\/2011\/07\/25\/zwei-welten\/","og_locale":"de_DE","og_type":"article","og_title":"Zwei Welten - ZEIT der Leser","og_description":"Mein Stra\u00dfenbild ist eigentlich eher ein Frauen-Bild. Es ist eine Momentaufnahme aus Moskau. Ich habe die letzten Jahre in Osteuropa gelebt und gearbeitet und war fasziniert vom Nebeneinander typisch sowjetischer und moderner Dinge im Alltag der Menschen. Das Gestern und Morgen spiegelte sich auch im (\u00e4u\u00dferen) Frauenbild der Generationen wider. Mir gef\u00e4llt das Foto, weil [&hellip;]","og_url":"https:\/\/blog.zeit.de\/zeit-der-leser\/2011\/07\/25\/zwei-welten\/","og_site_name":"ZEIT der Leser","article_published_time":"2011-07-25T08:00:59+00:00","article_modified_time":"2011-07-22T10:51:42+00:00","og_image":[{"url":"https:\/\/blog.zeit.de\/zeit-der-leser\/files\/2011\/07\/strassenbild_frauen.jpg"}],"author":"\"Zeit der Leser\"-Redaktion","twitter_card":"summary_large_image","twitter_misc":{"Geschrieben von":"\"Zeit der Leser\"-Redaktion","Gesch\u00e4tzte Lesezeit":"1\u00a0Minute"},"schema":{"@context":"https:\/\/schema.org","@graph":[{"@type":"WebPage","@id":"https:\/\/blog.zeit.de\/zeit-der-leser\/2011\/07\/25\/zwei-welten\/","url":"https:\/\/blog.zeit.de\/zeit-der-leser\/2011\/07\/25\/zwei-welten\/","name":"Zwei Welten - ZEIT der Leser","isPartOf":{"@id":"https:\/\/blog.zeit.de\/zeit-der-leser\/#website"},"datePublished":"2011-07-25T08:00:59+00:00","dateModified":"2011-07-22T10:51:42+00:00","author":{"@id":"https:\/\/blog.zeit.de\/zeit-der-leser\/#\/schema\/person\/583b14e5ad6368c23af846ecbde9f20f"},"breadcrumb":{"@id":"https:\/\/blog.zeit.de\/zeit-der-leser\/2011\/07\/25\/zwei-welten\/#breadcrumb"},"inLanguage":"de","potentialAction":[{"@type":"ReadAction","target":["https:\/\/blog.zeit.de\/zeit-der-leser\/2011\/07\/25\/zwei-welten\/"]}]},{"@type":"BreadcrumbList","@id":"https:\/\/blog.zeit.de\/zeit-der-leser\/2011\/07\/25\/zwei-welten\/#breadcrumb","itemListElement":[{"@type":"ListItem","position":1,"name":"Startseite","item":"https:\/\/blog.zeit.de\/zeit-der-leser\/"},{"@type":"ListItem","position":2,"name":"Zwei Welten"}]},{"@type":"WebSite","@id":"https:\/\/blog.zeit.de\/zeit-der-leser\/#website","url":"https:\/\/blog.zeit.de\/zeit-der-leser\/","name":"ZEIT der Leser","description":"Ein Blog mit Ihren Notizen, Gedichten und Bildern f\u00fcr die gedruckte ZEIT","potentialAction":[{"@type":"SearchAction","target":{"@type":"EntryPoint","urlTemplate":"https:\/\/blog.zeit.de\/zeit-der-leser\/?s={search_term_string}"},"query-input":"required name=search_term_string"}],"inLanguage":"de"},{"@type":"Person","@id":"https:\/\/blog.zeit.de\/zeit-der-leser\/#\/schema\/person\/583b14e5ad6368c23af846ecbde9f20f","name":"\"Zeit der Leser\"-Redaktion","image":{"@type":"ImageObject","inLanguage":"de","@id":"https:\/\/blog.zeit.de\/zeit-der-leser\/#\/schema\/person\/image\/","url":"https:\/\/secure.gravatar.com\/avatar\/e801a681bd3bbf2345131a815930b48d9f8e0a94de1346b624840dc850f67ad0?s=96&d=mm&r=g","contentUrl":"https:\/\/secure.gravatar.com\/avatar\/e801a681bd3bbf2345131a815930b48d9f8e0a94de1346b624840dc850f67ad0?s=96&d=mm&r=g","caption":"\"Zeit der Leser\"-Redaktion"},"url":"https:\/\/blog.zeit.de\/zeit-der-leser\/author\/zeit-der-leser-redaktion\/"}]}},"jetpack_featured_media_url":"","jetpack_sharing_enabled":true,"_links":{"self":[{"href":"https:\/\/blog.zeit.de\/zeit-der-leser\/wp-json\/wp\/v2\/posts\/6410","targetHints":{"allow":["GET"]}}],"collection":[{"href":"https:\/\/blog.zeit.de\/zeit-der-leser\/wp-json\/wp\/v2\/posts"}],"about":[{"href":"https:\/\/blog.zeit.de\/zeit-der-leser\/wp-json\/wp\/v2\/types\/post"}],"author":[{"embeddable":true,"href":"https:\/\/blog.zeit.de\/zeit-der-leser\/wp-json\/wp\/v2\/users\/265"}],"replies":[{"embeddable":true,"href":"https:\/\/blog.zeit.de\/zeit-der-leser\/wp-json\/wp\/v2\/comments?post=6410"}],"version-history":[{"count":2,"href":"https:\/\/blog.zeit.de\/zeit-der-leser\/wp-json\/wp\/v2\/posts\/6410\/revisions"}],"predecessor-version":[{"id":6413,"href":"https:\/\/blog.zeit.de\/zeit-der-leser\/wp-json\/wp\/v2\/posts\/6410\/revisions\/6413"}],"wp:attachment":[{"href":"https:\/\/blog.zeit.de\/zeit-der-leser\/wp-json\/wp\/v2\/media?parent=6410"}],"wp:term":[{"taxonomy":"category","embeddable":true,"href":"https:\/\/blog.zeit.de\/zeit-der-leser\/wp-json\/wp\/v2\/categories?post=6410"},{"taxonomy":"post_tag","embeddable":true,"href":"https:\/\/blog.zeit.de\/zeit-der-leser\/wp-json\/wp\/v2\/tags?post=6410"}],"curies":[{"name":"wp","href":"https:\/\/api.w.org\/{rel}","templated":true}]}}