{"id":6418,"date":"2011-07-27T10:00:42","date_gmt":"2011-07-27T08:00:42","guid":{"rendered":"http:\/\/blog.zeit.de\/zeit-der-leser\/?p=6418"},"modified":"2011-07-22T12:57:54","modified_gmt":"2011-07-22T10:57:54","slug":"zeitsprung-19","status":"publish","type":"post","link":"https:\/\/blog.zeit.de\/zeit-der-leser\/2011\/07\/27\/zeitsprung-19\/","title":{"rendered":"Zeitsprung"},"content":{"rendered":"<p><figure id=\"attachment_6424\" aria-describedby=\"caption-attachment-6424\" style=\"width: 180px\" class=\"wp-caption alignleft\"><a href=\"https:\/\/blog.zeit.de\/zeit-der-leser\/files\/2011\/07\/zeitsprung-vorher1.jpg\"><img loading=\"lazy\" decoding=\"async\" class=\"size-full wp-image-6424\" title=\"zeitsprung-vorher\" src=\"https:\/\/blog.zeit.de\/zeit-der-leser\/files\/2011\/07\/zeitsprung-vorher1.jpg\" alt=\"\" width=\"180\" height=\"260\" \/><\/a><figcaption id=\"caption-attachment-6424\" class=\"wp-caption-text\">1940<\/figcaption><\/figure><\/p>\n<p><figure id=\"attachment_6425\" aria-describedby=\"caption-attachment-6425\" style=\"width: 180px\" class=\"wp-caption alignleft\"><a href=\"https:\/\/blog.zeit.de\/zeit-der-leser\/files\/2011\/07\/zeitsprung-nachher1.jpg\"><img loading=\"lazy\" decoding=\"async\" class=\"size-full wp-image-6425\" title=\"zeitsprung-nachher\" src=\"https:\/\/blog.zeit.de\/zeit-der-leser\/files\/2011\/07\/zeitsprung-nachher1.jpg\" alt=\"\" width=\"180\" height=\"254\" \/><\/a><figcaption id=\"caption-attachment-6425\" class=\"wp-caption-text\">2010<\/figcaption><\/figure><\/p>\n<p>Viel hat sich beim Blick von der Bastei auf die Elbe in der S\u00e4chsischen Schweiz gar nicht ver\u00e4ndert. Aber wer das aktuelle Bild genau betrachtet, entdeckt rechts am Felsen eine helle, glatte Fl\u00e4che: Dort ereignete sich im November 2000 ein Felssturz; mehr als 300 Kubikmeter Gestein stu\u0308rzten vom Wartturm-Felsen 60 Meter in die Tiefe. Knapp zehn Jahre danach<br \/>\nhabe ich die Aussicht ins Elbtal mit dem beliebten Kletterfelsen aufgenommen. Als Vergleichsaufnahme diente das Schwarz- Wei\u00df-Foto von 1940 aus dem alten Familienalbum.<br \/>\n<em>Klaus Beuermann, Brilon<\/em><\/p>\n","protected":false},"excerpt":{"rendered":"<p>Viel hat sich beim Blick von der Bastei auf die Elbe in der S\u00e4chsischen Schweiz gar nicht ver\u00e4ndert. Aber wer das aktuelle Bild genau betrachtet, entdeckt rechts am Felsen eine helle, glatte Fl\u00e4che: Dort ereignete sich im November 2000 ein Felssturz; mehr als 300 Kubikmeter Gestein stu\u0308rzten vom Wartturm-Felsen 60 Meter in die Tiefe. Knapp [&hellip;]<\/p>\n","protected":false},"author":265,"featured_media":0,"comment_status":"open","ping_status":"open","sticky":false,"template":"","format":"standard","meta":{"_jetpack_memberships_contains_paid_content":false,"footnotes":""},"categories":[1878],"tags":[],"class_list":["post-6418","post","type-post","status-publish","format-standard","hentry","category-zeitsprung"],"yoast_head":"<!-- This site is optimized with the Yoast SEO plugin v21.0 - https:\/\/yoast.com\/wordpress\/plugins\/seo\/ -->\n<title>Zeitsprung - ZEIT der Leser<\/title>\n<meta name=\"robots\" content=\"index, follow, max-snippet:-1, max-image-preview:large, max-video-preview:-1\" \/>\n<link rel=\"canonical\" href=\"https:\/\/blog.zeit.de\/zeit-der-leser\/2011\/07\/27\/zeitsprung-19\/\" \/>\n<meta property=\"og:locale\" content=\"de_DE\" \/>\n<meta property=\"og:type\" content=\"article\" \/>\n<meta property=\"og:title\" content=\"Zeitsprung - ZEIT der Leser\" \/>\n<meta property=\"og:description\" content=\"Viel hat sich beim Blick von der Bastei auf die Elbe in der S\u00e4chsischen Schweiz gar nicht ver\u00e4ndert. Aber wer das aktuelle Bild genau betrachtet, entdeckt rechts am Felsen eine helle, glatte Fl\u00e4che: Dort ereignete sich im November 2000 ein Felssturz; mehr als 300 Kubikmeter Gestein stu\u0308rzten vom Wartturm-Felsen 60 Meter in die Tiefe. Knapp [&hellip;]\" \/>\n<meta property=\"og:url\" content=\"https:\/\/blog.zeit.de\/zeit-der-leser\/2011\/07\/27\/zeitsprung-19\/\" \/>\n<meta property=\"og:site_name\" content=\"ZEIT der Leser\" \/>\n<meta property=\"article:published_time\" content=\"2011-07-27T08:00:42+00:00\" \/>\n<meta property=\"article:modified_time\" content=\"2011-07-22T10:57:54+00:00\" \/>\n<meta property=\"og:image\" content=\"https:\/\/blog.zeit.de\/zeit-der-leser\/files\/2011\/07\/zeitsprung-vorher1.jpg\" \/>\n<meta name=\"author\" content=\"&quot;Zeit der Leser&quot;-Redaktion\" \/>\n<meta name=\"twitter:card\" content=\"summary_large_image\" \/>\n<meta name=\"twitter:label1\" content=\"Geschrieben von\" \/>\n\t<meta name=\"twitter:data1\" content=\"\"Zeit der Leser\"-Redaktion\" \/>\n\t<meta name=\"twitter:label2\" content=\"Gesch\u00e4tzte Lesezeit\" \/>\n\t<meta name=\"twitter:data2\" content=\"1\u00a0Minute\" \/>\n<script type=\"application\/ld+json\" class=\"yoast-schema-graph\">{\"@context\":\"https:\/\/schema.org\",\"@graph\":[{\"@type\":\"WebPage\",\"@id\":\"https:\/\/blog.zeit.de\/zeit-der-leser\/2011\/07\/27\/zeitsprung-19\/\",\"url\":\"https:\/\/blog.zeit.de\/zeit-der-leser\/2011\/07\/27\/zeitsprung-19\/\",\"name\":\"Zeitsprung - ZEIT der Leser\",\"isPartOf\":{\"@id\":\"https:\/\/blog.zeit.de\/zeit-der-leser\/#website\"},\"datePublished\":\"2011-07-27T08:00:42+00:00\",\"dateModified\":\"2011-07-22T10:57:54+00:00\",\"author\":{\"@id\":\"https:\/\/blog.zeit.de\/zeit-der-leser\/#\/schema\/person\/583b14e5ad6368c23af846ecbde9f20f\"},\"breadcrumb\":{\"@id\":\"https:\/\/blog.zeit.de\/zeit-der-leser\/2011\/07\/27\/zeitsprung-19\/#breadcrumb\"},\"inLanguage\":\"de\",\"potentialAction\":[{\"@type\":\"ReadAction\",\"target\":[\"https:\/\/blog.zeit.de\/zeit-der-leser\/2011\/07\/27\/zeitsprung-19\/\"]}]},{\"@type\":\"BreadcrumbList\",\"@id\":\"https:\/\/blog.zeit.de\/zeit-der-leser\/2011\/07\/27\/zeitsprung-19\/#breadcrumb\",\"itemListElement\":[{\"@type\":\"ListItem\",\"position\":1,\"name\":\"Startseite\",\"item\":\"https:\/\/blog.zeit.de\/zeit-der-leser\/\"},{\"@type\":\"ListItem\",\"position\":2,\"name\":\"Zeitsprung\"}]},{\"@type\":\"WebSite\",\"@id\":\"https:\/\/blog.zeit.de\/zeit-der-leser\/#website\",\"url\":\"https:\/\/blog.zeit.de\/zeit-der-leser\/\",\"name\":\"ZEIT der Leser\",\"description\":\"Ein Blog mit Ihren Notizen, Gedichten und Bildern f\u00fcr die gedruckte ZEIT\",\"potentialAction\":[{\"@type\":\"SearchAction\",\"target\":{\"@type\":\"EntryPoint\",\"urlTemplate\":\"https:\/\/blog.zeit.de\/zeit-der-leser\/?s={search_term_string}\"},\"query-input\":\"required name=search_term_string\"}],\"inLanguage\":\"de\"},{\"@type\":\"Person\",\"@id\":\"https:\/\/blog.zeit.de\/zeit-der-leser\/#\/schema\/person\/583b14e5ad6368c23af846ecbde9f20f\",\"name\":\"\\\"Zeit der Leser\\\"-Redaktion\",\"image\":{\"@type\":\"ImageObject\",\"inLanguage\":\"de\",\"@id\":\"https:\/\/blog.zeit.de\/zeit-der-leser\/#\/schema\/person\/image\/\",\"url\":\"https:\/\/secure.gravatar.com\/avatar\/e801a681bd3bbf2345131a815930b48d9f8e0a94de1346b624840dc850f67ad0?s=96&d=mm&r=g\",\"contentUrl\":\"https:\/\/secure.gravatar.com\/avatar\/e801a681bd3bbf2345131a815930b48d9f8e0a94de1346b624840dc850f67ad0?s=96&d=mm&r=g\",\"caption\":\"\\\"Zeit der Leser\\\"-Redaktion\"},\"url\":\"https:\/\/blog.zeit.de\/zeit-der-leser\/author\/zeit-der-leser-redaktion\/\"}]}<\/script>\n<!-- \/ Yoast SEO plugin. -->","yoast_head_json":{"title":"Zeitsprung - ZEIT der Leser","robots":{"index":"index","follow":"follow","max-snippet":"max-snippet:-1","max-image-preview":"max-image-preview:large","max-video-preview":"max-video-preview:-1"},"canonical":"https:\/\/blog.zeit.de\/zeit-der-leser\/2011\/07\/27\/zeitsprung-19\/","og_locale":"de_DE","og_type":"article","og_title":"Zeitsprung - ZEIT der Leser","og_description":"Viel hat sich beim Blick von der Bastei auf die Elbe in der S\u00e4chsischen Schweiz gar nicht ver\u00e4ndert. Aber wer das aktuelle Bild genau betrachtet, entdeckt rechts am Felsen eine helle, glatte Fl\u00e4che: Dort ereignete sich im November 2000 ein Felssturz; mehr als 300 Kubikmeter Gestein stu\u0308rzten vom Wartturm-Felsen 60 Meter in die Tiefe. Knapp [&hellip;]","og_url":"https:\/\/blog.zeit.de\/zeit-der-leser\/2011\/07\/27\/zeitsprung-19\/","og_site_name":"ZEIT der Leser","article_published_time":"2011-07-27T08:00:42+00:00","article_modified_time":"2011-07-22T10:57:54+00:00","og_image":[{"url":"https:\/\/blog.zeit.de\/zeit-der-leser\/files\/2011\/07\/zeitsprung-vorher1.jpg"}],"author":"\"Zeit der Leser\"-Redaktion","twitter_card":"summary_large_image","twitter_misc":{"Geschrieben von":"\"Zeit der Leser\"-Redaktion","Gesch\u00e4tzte Lesezeit":"1\u00a0Minute"},"schema":{"@context":"https:\/\/schema.org","@graph":[{"@type":"WebPage","@id":"https:\/\/blog.zeit.de\/zeit-der-leser\/2011\/07\/27\/zeitsprung-19\/","url":"https:\/\/blog.zeit.de\/zeit-der-leser\/2011\/07\/27\/zeitsprung-19\/","name":"Zeitsprung - ZEIT der Leser","isPartOf":{"@id":"https:\/\/blog.zeit.de\/zeit-der-leser\/#website"},"datePublished":"2011-07-27T08:00:42+00:00","dateModified":"2011-07-22T10:57:54+00:00","author":{"@id":"https:\/\/blog.zeit.de\/zeit-der-leser\/#\/schema\/person\/583b14e5ad6368c23af846ecbde9f20f"},"breadcrumb":{"@id":"https:\/\/blog.zeit.de\/zeit-der-leser\/2011\/07\/27\/zeitsprung-19\/#breadcrumb"},"inLanguage":"de","potentialAction":[{"@type":"ReadAction","target":["https:\/\/blog.zeit.de\/zeit-der-leser\/2011\/07\/27\/zeitsprung-19\/"]}]},{"@type":"BreadcrumbList","@id":"https:\/\/blog.zeit.de\/zeit-der-leser\/2011\/07\/27\/zeitsprung-19\/#breadcrumb","itemListElement":[{"@type":"ListItem","position":1,"name":"Startseite","item":"https:\/\/blog.zeit.de\/zeit-der-leser\/"},{"@type":"ListItem","position":2,"name":"Zeitsprung"}]},{"@type":"WebSite","@id":"https:\/\/blog.zeit.de\/zeit-der-leser\/#website","url":"https:\/\/blog.zeit.de\/zeit-der-leser\/","name":"ZEIT der Leser","description":"Ein Blog mit Ihren Notizen, Gedichten und Bildern f\u00fcr die gedruckte ZEIT","potentialAction":[{"@type":"SearchAction","target":{"@type":"EntryPoint","urlTemplate":"https:\/\/blog.zeit.de\/zeit-der-leser\/?s={search_term_string}"},"query-input":"required name=search_term_string"}],"inLanguage":"de"},{"@type":"Person","@id":"https:\/\/blog.zeit.de\/zeit-der-leser\/#\/schema\/person\/583b14e5ad6368c23af846ecbde9f20f","name":"\"Zeit der Leser\"-Redaktion","image":{"@type":"ImageObject","inLanguage":"de","@id":"https:\/\/blog.zeit.de\/zeit-der-leser\/#\/schema\/person\/image\/","url":"https:\/\/secure.gravatar.com\/avatar\/e801a681bd3bbf2345131a815930b48d9f8e0a94de1346b624840dc850f67ad0?s=96&d=mm&r=g","contentUrl":"https:\/\/secure.gravatar.com\/avatar\/e801a681bd3bbf2345131a815930b48d9f8e0a94de1346b624840dc850f67ad0?s=96&d=mm&r=g","caption":"\"Zeit der Leser\"-Redaktion"},"url":"https:\/\/blog.zeit.de\/zeit-der-leser\/author\/zeit-der-leser-redaktion\/"}]}},"jetpack_featured_media_url":"","jetpack_sharing_enabled":true,"_links":{"self":[{"href":"https:\/\/blog.zeit.de\/zeit-der-leser\/wp-json\/wp\/v2\/posts\/6418","targetHints":{"allow":["GET"]}}],"collection":[{"href":"https:\/\/blog.zeit.de\/zeit-der-leser\/wp-json\/wp\/v2\/posts"}],"about":[{"href":"https:\/\/blog.zeit.de\/zeit-der-leser\/wp-json\/wp\/v2\/types\/post"}],"author":[{"embeddable":true,"href":"https:\/\/blog.zeit.de\/zeit-der-leser\/wp-json\/wp\/v2\/users\/265"}],"replies":[{"embeddable":true,"href":"https:\/\/blog.zeit.de\/zeit-der-leser\/wp-json\/wp\/v2\/comments?post=6418"}],"version-history":[{"count":4,"href":"https:\/\/blog.zeit.de\/zeit-der-leser\/wp-json\/wp\/v2\/posts\/6418\/revisions"}],"predecessor-version":[{"id":6423,"href":"https:\/\/blog.zeit.de\/zeit-der-leser\/wp-json\/wp\/v2\/posts\/6418\/revisions\/6423"}],"wp:attachment":[{"href":"https:\/\/blog.zeit.de\/zeit-der-leser\/wp-json\/wp\/v2\/media?parent=6418"}],"wp:term":[{"taxonomy":"category","embeddable":true,"href":"https:\/\/blog.zeit.de\/zeit-der-leser\/wp-json\/wp\/v2\/categories?post=6418"},{"taxonomy":"post_tag","embeddable":true,"href":"https:\/\/blog.zeit.de\/zeit-der-leser\/wp-json\/wp\/v2\/tags?post=6418"}],"curies":[{"name":"wp","href":"https:\/\/api.w.org\/{rel}","templated":true}]}}