{"id":6427,"date":"2011-07-27T18:00:04","date_gmt":"2011-07-27T16:00:04","guid":{"rendered":"http:\/\/blog.zeit.de\/zeit-der-leser\/?p=6427"},"modified":"2011-07-26T13:54:40","modified_gmt":"2011-07-26T11:54:40","slug":"sehr-geehrter-herr-wulff","status":"publish","type":"post","link":"https:\/\/blog.zeit.de\/zeit-der-leser\/2011\/07\/27\/sehr-geehrter-herr-wulff\/","title":{"rendered":"Sehr geehrter Herr Wulff,"},"content":{"rendered":"<p>k\u00fcrzlich hat Barack Obama den Dalai Lama empfangen und mit ihm \u00fcber die Situation in Tibet und China im Hinblick auf Demokratie und Menschenrechte gesprochen. Sind Sie nicht auch der Meinung, dass es jetzt, nach den deutsch-chinesischen Regierungskonsultationen Ende Juni, an Ihnen w\u00e4re, ebenfalls ein Zeichen zu setzten? Sie k\u00f6nnten eine offizielle Einladung an Ai Weiwei aussprechen, die Freilassung Liu Xiaobos \u00f6ffentlich fordern oder den derzeit in Deutschland weilenden chinesischen Dissidenten Liao Yiwu empfangen. Sie als Bundespr\u00e4sident haben diese M\u00f6glichkeit!<\/p>\n<p><em>Franziska von Haaren, Heidelberg.<\/em><\/p>\n","protected":false},"excerpt":{"rendered":"<p>k\u00fcrzlich hat Barack Obama den Dalai Lama empfangen und mit ihm \u00fcber die Situation in Tibet und China im Hinblick auf Demokratie und Menschenrechte gesprochen. Sind Sie nicht auch der Meinung, dass es jetzt, nach den deutsch-chinesischen Regierungskonsultationen Ende Juni, an Ihnen w\u00e4re, ebenfalls ein Zeichen zu setzten? Sie k\u00f6nnten eine offizielle Einladung an Ai [&hellip;]<\/p>\n","protected":false},"author":265,"featured_media":0,"comment_status":"open","ping_status":"open","sticky":false,"template":"","format":"standard","meta":{"_jetpack_memberships_contains_paid_content":false,"footnotes":""},"categories":[1875],"tags":[],"class_list":["post-6427","post","type-post","status-publish","format-standard","hentry","category-schone-gruse"],"yoast_head":"<!-- This site is optimized with the Yoast SEO plugin v21.0 - https:\/\/yoast.com\/wordpress\/plugins\/seo\/ -->\n<title>Sehr geehrter Herr Wulff, - ZEIT der Leser<\/title>\n<meta name=\"robots\" content=\"index, follow, max-snippet:-1, max-image-preview:large, max-video-preview:-1\" \/>\n<link rel=\"canonical\" href=\"https:\/\/blog.zeit.de\/zeit-der-leser\/2011\/07\/27\/sehr-geehrter-herr-wulff\/\" \/>\n<meta property=\"og:locale\" content=\"de_DE\" \/>\n<meta property=\"og:type\" content=\"article\" \/>\n<meta property=\"og:title\" content=\"Sehr geehrter Herr Wulff, - ZEIT der Leser\" \/>\n<meta property=\"og:description\" content=\"k\u00fcrzlich hat Barack Obama den Dalai Lama empfangen und mit ihm \u00fcber die Situation in Tibet und China im Hinblick auf Demokratie und Menschenrechte gesprochen. Sind Sie nicht auch der Meinung, dass es jetzt, nach den deutsch-chinesischen Regierungskonsultationen Ende Juni, an Ihnen w\u00e4re, ebenfalls ein Zeichen zu setzten? Sie k\u00f6nnten eine offizielle Einladung an Ai [&hellip;]\" \/>\n<meta property=\"og:url\" content=\"https:\/\/blog.zeit.de\/zeit-der-leser\/2011\/07\/27\/sehr-geehrter-herr-wulff\/\" \/>\n<meta property=\"og:site_name\" content=\"ZEIT der Leser\" \/>\n<meta property=\"article:published_time\" content=\"2011-07-27T16:00:04+00:00\" \/>\n<meta property=\"article:modified_time\" content=\"2011-07-26T11:54:40+00:00\" \/>\n<meta name=\"author\" content=\"&quot;Zeit der Leser&quot;-Redaktion\" \/>\n<meta name=\"twitter:card\" content=\"summary_large_image\" \/>\n<meta name=\"twitter:label1\" content=\"Geschrieben von\" \/>\n\t<meta name=\"twitter:data1\" content=\"\"Zeit der Leser\"-Redaktion\" \/>\n<script type=\"application\/ld+json\" class=\"yoast-schema-graph\">{\"@context\":\"https:\/\/schema.org\",\"@graph\":[{\"@type\":\"WebPage\",\"@id\":\"https:\/\/blog.zeit.de\/zeit-der-leser\/2011\/07\/27\/sehr-geehrter-herr-wulff\/\",\"url\":\"https:\/\/blog.zeit.de\/zeit-der-leser\/2011\/07\/27\/sehr-geehrter-herr-wulff\/\",\"name\":\"Sehr geehrter Herr Wulff, - ZEIT der Leser\",\"isPartOf\":{\"@id\":\"https:\/\/blog.zeit.de\/zeit-der-leser\/#website\"},\"datePublished\":\"2011-07-27T16:00:04+00:00\",\"dateModified\":\"2011-07-26T11:54:40+00:00\",\"author\":{\"@id\":\"https:\/\/blog.zeit.de\/zeit-der-leser\/#\/schema\/person\/583b14e5ad6368c23af846ecbde9f20f\"},\"breadcrumb\":{\"@id\":\"https:\/\/blog.zeit.de\/zeit-der-leser\/2011\/07\/27\/sehr-geehrter-herr-wulff\/#breadcrumb\"},\"inLanguage\":\"de\",\"potentialAction\":[{\"@type\":\"ReadAction\",\"target\":[\"https:\/\/blog.zeit.de\/zeit-der-leser\/2011\/07\/27\/sehr-geehrter-herr-wulff\/\"]}]},{\"@type\":\"BreadcrumbList\",\"@id\":\"https:\/\/blog.zeit.de\/zeit-der-leser\/2011\/07\/27\/sehr-geehrter-herr-wulff\/#breadcrumb\",\"itemListElement\":[{\"@type\":\"ListItem\",\"position\":1,\"name\":\"Startseite\",\"item\":\"https:\/\/blog.zeit.de\/zeit-der-leser\/\"},{\"@type\":\"ListItem\",\"position\":2,\"name\":\"Sehr geehrter Herr Wulff,\"}]},{\"@type\":\"WebSite\",\"@id\":\"https:\/\/blog.zeit.de\/zeit-der-leser\/#website\",\"url\":\"https:\/\/blog.zeit.de\/zeit-der-leser\/\",\"name\":\"ZEIT der Leser\",\"description\":\"Ein Blog mit Ihren Notizen, Gedichten und Bildern f\u00fcr die gedruckte ZEIT\",\"potentialAction\":[{\"@type\":\"SearchAction\",\"target\":{\"@type\":\"EntryPoint\",\"urlTemplate\":\"https:\/\/blog.zeit.de\/zeit-der-leser\/?s={search_term_string}\"},\"query-input\":\"required name=search_term_string\"}],\"inLanguage\":\"de\"},{\"@type\":\"Person\",\"@id\":\"https:\/\/blog.zeit.de\/zeit-der-leser\/#\/schema\/person\/583b14e5ad6368c23af846ecbde9f20f\",\"name\":\"\\\"Zeit der Leser\\\"-Redaktion\",\"image\":{\"@type\":\"ImageObject\",\"inLanguage\":\"de\",\"@id\":\"https:\/\/blog.zeit.de\/zeit-der-leser\/#\/schema\/person\/image\/\",\"url\":\"https:\/\/secure.gravatar.com\/avatar\/e801a681bd3bbf2345131a815930b48d9f8e0a94de1346b624840dc850f67ad0?s=96&d=mm&r=g\",\"contentUrl\":\"https:\/\/secure.gravatar.com\/avatar\/e801a681bd3bbf2345131a815930b48d9f8e0a94de1346b624840dc850f67ad0?s=96&d=mm&r=g\",\"caption\":\"\\\"Zeit der Leser\\\"-Redaktion\"},\"url\":\"https:\/\/blog.zeit.de\/zeit-der-leser\/author\/zeit-der-leser-redaktion\/\"}]}<\/script>\n<!-- \/ Yoast SEO plugin. -->","yoast_head_json":{"title":"Sehr geehrter Herr Wulff, - ZEIT der Leser","robots":{"index":"index","follow":"follow","max-snippet":"max-snippet:-1","max-image-preview":"max-image-preview:large","max-video-preview":"max-video-preview:-1"},"canonical":"https:\/\/blog.zeit.de\/zeit-der-leser\/2011\/07\/27\/sehr-geehrter-herr-wulff\/","og_locale":"de_DE","og_type":"article","og_title":"Sehr geehrter Herr Wulff, - ZEIT der Leser","og_description":"k\u00fcrzlich hat Barack Obama den Dalai Lama empfangen und mit ihm \u00fcber die Situation in Tibet und China im Hinblick auf Demokratie und Menschenrechte gesprochen. Sind Sie nicht auch der Meinung, dass es jetzt, nach den deutsch-chinesischen Regierungskonsultationen Ende Juni, an Ihnen w\u00e4re, ebenfalls ein Zeichen zu setzten? Sie k\u00f6nnten eine offizielle Einladung an Ai [&hellip;]","og_url":"https:\/\/blog.zeit.de\/zeit-der-leser\/2011\/07\/27\/sehr-geehrter-herr-wulff\/","og_site_name":"ZEIT der Leser","article_published_time":"2011-07-27T16:00:04+00:00","article_modified_time":"2011-07-26T11:54:40+00:00","author":"\"Zeit der Leser\"-Redaktion","twitter_card":"summary_large_image","twitter_misc":{"Geschrieben von":"\"Zeit der Leser\"-Redaktion"},"schema":{"@context":"https:\/\/schema.org","@graph":[{"@type":"WebPage","@id":"https:\/\/blog.zeit.de\/zeit-der-leser\/2011\/07\/27\/sehr-geehrter-herr-wulff\/","url":"https:\/\/blog.zeit.de\/zeit-der-leser\/2011\/07\/27\/sehr-geehrter-herr-wulff\/","name":"Sehr geehrter Herr Wulff, - ZEIT der Leser","isPartOf":{"@id":"https:\/\/blog.zeit.de\/zeit-der-leser\/#website"},"datePublished":"2011-07-27T16:00:04+00:00","dateModified":"2011-07-26T11:54:40+00:00","author":{"@id":"https:\/\/blog.zeit.de\/zeit-der-leser\/#\/schema\/person\/583b14e5ad6368c23af846ecbde9f20f"},"breadcrumb":{"@id":"https:\/\/blog.zeit.de\/zeit-der-leser\/2011\/07\/27\/sehr-geehrter-herr-wulff\/#breadcrumb"},"inLanguage":"de","potentialAction":[{"@type":"ReadAction","target":["https:\/\/blog.zeit.de\/zeit-der-leser\/2011\/07\/27\/sehr-geehrter-herr-wulff\/"]}]},{"@type":"BreadcrumbList","@id":"https:\/\/blog.zeit.de\/zeit-der-leser\/2011\/07\/27\/sehr-geehrter-herr-wulff\/#breadcrumb","itemListElement":[{"@type":"ListItem","position":1,"name":"Startseite","item":"https:\/\/blog.zeit.de\/zeit-der-leser\/"},{"@type":"ListItem","position":2,"name":"Sehr geehrter Herr Wulff,"}]},{"@type":"WebSite","@id":"https:\/\/blog.zeit.de\/zeit-der-leser\/#website","url":"https:\/\/blog.zeit.de\/zeit-der-leser\/","name":"ZEIT der Leser","description":"Ein Blog mit Ihren Notizen, Gedichten und Bildern f\u00fcr die gedruckte ZEIT","potentialAction":[{"@type":"SearchAction","target":{"@type":"EntryPoint","urlTemplate":"https:\/\/blog.zeit.de\/zeit-der-leser\/?s={search_term_string}"},"query-input":"required name=search_term_string"}],"inLanguage":"de"},{"@type":"Person","@id":"https:\/\/blog.zeit.de\/zeit-der-leser\/#\/schema\/person\/583b14e5ad6368c23af846ecbde9f20f","name":"\"Zeit der Leser\"-Redaktion","image":{"@type":"ImageObject","inLanguage":"de","@id":"https:\/\/blog.zeit.de\/zeit-der-leser\/#\/schema\/person\/image\/","url":"https:\/\/secure.gravatar.com\/avatar\/e801a681bd3bbf2345131a815930b48d9f8e0a94de1346b624840dc850f67ad0?s=96&d=mm&r=g","contentUrl":"https:\/\/secure.gravatar.com\/avatar\/e801a681bd3bbf2345131a815930b48d9f8e0a94de1346b624840dc850f67ad0?s=96&d=mm&r=g","caption":"\"Zeit der Leser\"-Redaktion"},"url":"https:\/\/blog.zeit.de\/zeit-der-leser\/author\/zeit-der-leser-redaktion\/"}]}},"jetpack_featured_media_url":"","jetpack_sharing_enabled":true,"_links":{"self":[{"href":"https:\/\/blog.zeit.de\/zeit-der-leser\/wp-json\/wp\/v2\/posts\/6427","targetHints":{"allow":["GET"]}}],"collection":[{"href":"https:\/\/blog.zeit.de\/zeit-der-leser\/wp-json\/wp\/v2\/posts"}],"about":[{"href":"https:\/\/blog.zeit.de\/zeit-der-leser\/wp-json\/wp\/v2\/types\/post"}],"author":[{"embeddable":true,"href":"https:\/\/blog.zeit.de\/zeit-der-leser\/wp-json\/wp\/v2\/users\/265"}],"replies":[{"embeddable":true,"href":"https:\/\/blog.zeit.de\/zeit-der-leser\/wp-json\/wp\/v2\/comments?post=6427"}],"version-history":[{"count":3,"href":"https:\/\/blog.zeit.de\/zeit-der-leser\/wp-json\/wp\/v2\/posts\/6427\/revisions"}],"predecessor-version":[{"id":6430,"href":"https:\/\/blog.zeit.de\/zeit-der-leser\/wp-json\/wp\/v2\/posts\/6427\/revisions\/6430"}],"wp:attachment":[{"href":"https:\/\/blog.zeit.de\/zeit-der-leser\/wp-json\/wp\/v2\/media?parent=6427"}],"wp:term":[{"taxonomy":"category","embeddable":true,"href":"https:\/\/blog.zeit.de\/zeit-der-leser\/wp-json\/wp\/v2\/categories?post=6427"},{"taxonomy":"post_tag","embeddable":true,"href":"https:\/\/blog.zeit.de\/zeit-der-leser\/wp-json\/wp\/v2\/tags?post=6427"}],"curies":[{"name":"wp","href":"https:\/\/api.w.org\/{rel}","templated":true}]}}