{"id":6585,"date":"2011-08-13T10:00:34","date_gmt":"2011-08-13T08:00:34","guid":{"rendered":"http:\/\/blog.zeit.de\/zeit-der-leser\/?p=6585"},"modified":"2011-08-04T16:05:57","modified_gmt":"2011-08-04T14:05:57","slug":"das-nilpferd","status":"publish","type":"post","link":"https:\/\/blog.zeit.de\/zeit-der-leser\/2011\/08\/13\/das-nilpferd\/","title":{"rendered":"Das Nilpferd"},"content":{"rendered":"<p>Die Stadtbu\u0308cherei hat eine einladende Kinderbuchabteilung mit Sesseln, Kissen und Spielzeug. Ein Vater h\u00e4lt sich dort mit seiner etwa zweij\u00e4hrigen Tochter auf, sie spielt mit Stofftieren. Ich sitze mit meinem Sohn einige Meter entfernt. \u00bbPapa, Nilpferd!\u00ab Die Kleine strahlt und schleppt ein gro\u00dfes, gru\u0308nes Stoffnilpferd zu<br \/>\nihrem Vater. \u00bbNein, das ist ein Krokodil!\u00ab Der Ton ist u\u0308berraschend streng. Das Kind stutzt, beharrt jedoch auf \u00bbNilpferd\u00ab. Ich werde aufmerksam. \u00bbDas ist ein Krokodil! \u00ab, behauptet der Vater mit Nachdruck, aber ohne Humor. Das Tier ist gru\u0308n, mag sein, doch ohne Zweifel ist es ein Nilpferd: plumper K\u00f6rper, kurze, st\u00e4mmige Beine, breites Maul, du\u0308nner Schwanz. Ein Nilpferd, aber gru\u0308n. Macht ja nichts: Der kleine blaue Elefant ist ja auch ein Elefant. Stofftiere du\u0308rfen das. Das wei\u00df auch das Kind. Der Vater wei\u00df es nicht und setzt an, das fragend schauende M\u00e4dchen mit seinem st\u00e4rksten Argument zu u\u0308berzeugen: \u00bbIch habe schon mehr Tierfilme gesehen als du, und ich wei\u00df, wie ein Krokodil aussieht. Das ist ein Krokodil.\u00ab Er legt das Nilpferd zur Seite, nimmt seine Tochter bei der Hand, und sie gehen. Ich blicke ihnen nach. Ach, kleines M\u00e4dchen, ich wu\u0308nsche dir Mut zum Widerspruch, ein Leben lang!<\/p>\n<p><em>Friederike Schwencke, Braunschweig<\/em><\/p>\n","protected":false},"excerpt":{"rendered":"<p>Die Stadtbu\u0308cherei hat eine einladende Kinderbuchabteilung mit Sesseln, Kissen und Spielzeug. Ein Vater h\u00e4lt sich dort mit seiner etwa zweij\u00e4hrigen Tochter auf, sie spielt mit Stofftieren. Ich sitze mit meinem Sohn einige Meter entfernt. \u00bbPapa, Nilpferd!\u00ab Die Kleine strahlt und schleppt ein gro\u00dfes, gru\u0308nes Stoffnilpferd zu ihrem Vater. \u00bbNein, das ist ein Krokodil!\u00ab Der Ton [&hellip;]<\/p>\n","protected":false},"author":323,"featured_media":0,"comment_status":"open","ping_status":"open","sticky":false,"template":"","format":"standard","meta":{"_jetpack_memberships_contains_paid_content":false,"footnotes":""},"categories":[1],"tags":[],"class_list":["post-6585","post","type-post","status-publish","format-standard","hentry","category-allgemein"],"yoast_head":"<!-- This site is optimized with the Yoast SEO plugin v21.0 - https:\/\/yoast.com\/wordpress\/plugins\/seo\/ -->\n<title>Das Nilpferd - ZEIT der Leser<\/title>\n<meta name=\"robots\" content=\"index, follow, max-snippet:-1, max-image-preview:large, max-video-preview:-1\" \/>\n<link rel=\"canonical\" href=\"https:\/\/blog.zeit.de\/zeit-der-leser\/2011\/08\/13\/das-nilpferd\/\" \/>\n<meta property=\"og:locale\" content=\"de_DE\" \/>\n<meta property=\"og:type\" content=\"article\" \/>\n<meta property=\"og:title\" content=\"Das Nilpferd - ZEIT der Leser\" \/>\n<meta property=\"og:description\" content=\"Die Stadtbu\u0308cherei hat eine einladende Kinderbuchabteilung mit Sesseln, Kissen und Spielzeug. Ein Vater h\u00e4lt sich dort mit seiner etwa zweij\u00e4hrigen Tochter auf, sie spielt mit Stofftieren. Ich sitze mit meinem Sohn einige Meter entfernt. \u00bbPapa, Nilpferd!\u00ab Die Kleine strahlt und schleppt ein gro\u00dfes, gru\u0308nes Stoffnilpferd zu ihrem Vater. \u00bbNein, das ist ein Krokodil!\u00ab Der Ton [&hellip;]\" \/>\n<meta property=\"og:url\" content=\"https:\/\/blog.zeit.de\/zeit-der-leser\/2011\/08\/13\/das-nilpferd\/\" \/>\n<meta property=\"og:site_name\" content=\"ZEIT der Leser\" \/>\n<meta property=\"article:published_time\" content=\"2011-08-13T08:00:34+00:00\" \/>\n<meta property=\"article:modified_time\" content=\"2011-08-04T14:05:57+00:00\" \/>\n<meta name=\"author\" content=\"Franziska Kelch\" \/>\n<meta name=\"twitter:card\" content=\"summary_large_image\" \/>\n<meta name=\"twitter:label1\" content=\"Geschrieben von\" \/>\n\t<meta name=\"twitter:data1\" content=\"Franziska Kelch\" \/>\n\t<meta name=\"twitter:label2\" content=\"Gesch\u00e4tzte Lesezeit\" \/>\n\t<meta name=\"twitter:data2\" content=\"1\u00a0Minute\" \/>\n<script type=\"application\/ld+json\" class=\"yoast-schema-graph\">{\"@context\":\"https:\/\/schema.org\",\"@graph\":[{\"@type\":\"WebPage\",\"@id\":\"https:\/\/blog.zeit.de\/zeit-der-leser\/2011\/08\/13\/das-nilpferd\/\",\"url\":\"https:\/\/blog.zeit.de\/zeit-der-leser\/2011\/08\/13\/das-nilpferd\/\",\"name\":\"Das Nilpferd - ZEIT der Leser\",\"isPartOf\":{\"@id\":\"https:\/\/blog.zeit.de\/zeit-der-leser\/#website\"},\"datePublished\":\"2011-08-13T08:00:34+00:00\",\"dateModified\":\"2011-08-04T14:05:57+00:00\",\"author\":{\"@id\":\"https:\/\/blog.zeit.de\/zeit-der-leser\/#\/schema\/person\/eaa3c3ed8f838c4aafcd25e9710fcc68\"},\"breadcrumb\":{\"@id\":\"https:\/\/blog.zeit.de\/zeit-der-leser\/2011\/08\/13\/das-nilpferd\/#breadcrumb\"},\"inLanguage\":\"de\",\"potentialAction\":[{\"@type\":\"ReadAction\",\"target\":[\"https:\/\/blog.zeit.de\/zeit-der-leser\/2011\/08\/13\/das-nilpferd\/\"]}]},{\"@type\":\"BreadcrumbList\",\"@id\":\"https:\/\/blog.zeit.de\/zeit-der-leser\/2011\/08\/13\/das-nilpferd\/#breadcrumb\",\"itemListElement\":[{\"@type\":\"ListItem\",\"position\":1,\"name\":\"Startseite\",\"item\":\"https:\/\/blog.zeit.de\/zeit-der-leser\/\"},{\"@type\":\"ListItem\",\"position\":2,\"name\":\"Das Nilpferd\"}]},{\"@type\":\"WebSite\",\"@id\":\"https:\/\/blog.zeit.de\/zeit-der-leser\/#website\",\"url\":\"https:\/\/blog.zeit.de\/zeit-der-leser\/\",\"name\":\"ZEIT der Leser\",\"description\":\"Ein Blog mit Ihren Notizen, Gedichten und Bildern f\u00fcr die gedruckte ZEIT\",\"potentialAction\":[{\"@type\":\"SearchAction\",\"target\":{\"@type\":\"EntryPoint\",\"urlTemplate\":\"https:\/\/blog.zeit.de\/zeit-der-leser\/?s={search_term_string}\"},\"query-input\":\"required name=search_term_string\"}],\"inLanguage\":\"de\"},{\"@type\":\"Person\",\"@id\":\"https:\/\/blog.zeit.de\/zeit-der-leser\/#\/schema\/person\/eaa3c3ed8f838c4aafcd25e9710fcc68\",\"name\":\"Franziska Kelch\",\"image\":{\"@type\":\"ImageObject\",\"inLanguage\":\"de\",\"@id\":\"https:\/\/blog.zeit.de\/zeit-der-leser\/#\/schema\/person\/image\/\",\"url\":\"https:\/\/secure.gravatar.com\/avatar\/d7ae2b2bfc4c5c08ed3435dc2ecf53fcb6d4234c0aa486b8b64ce6549a61a378?s=96&d=mm&r=g\",\"contentUrl\":\"https:\/\/secure.gravatar.com\/avatar\/d7ae2b2bfc4c5c08ed3435dc2ecf53fcb6d4234c0aa486b8b64ce6549a61a378?s=96&d=mm&r=g\",\"caption\":\"Franziska Kelch\"},\"url\":\"https:\/\/blog.zeit.de\/zeit-der-leser\/author\/franziska-kelch\/\"}]}<\/script>\n<!-- \/ Yoast SEO plugin. -->","yoast_head_json":{"title":"Das Nilpferd - ZEIT der Leser","robots":{"index":"index","follow":"follow","max-snippet":"max-snippet:-1","max-image-preview":"max-image-preview:large","max-video-preview":"max-video-preview:-1"},"canonical":"https:\/\/blog.zeit.de\/zeit-der-leser\/2011\/08\/13\/das-nilpferd\/","og_locale":"de_DE","og_type":"article","og_title":"Das Nilpferd - ZEIT der Leser","og_description":"Die Stadtbu\u0308cherei hat eine einladende Kinderbuchabteilung mit Sesseln, Kissen und Spielzeug. Ein Vater h\u00e4lt sich dort mit seiner etwa zweij\u00e4hrigen Tochter auf, sie spielt mit Stofftieren. Ich sitze mit meinem Sohn einige Meter entfernt. \u00bbPapa, Nilpferd!\u00ab Die Kleine strahlt und schleppt ein gro\u00dfes, gru\u0308nes Stoffnilpferd zu ihrem Vater. \u00bbNein, das ist ein Krokodil!\u00ab Der Ton [&hellip;]","og_url":"https:\/\/blog.zeit.de\/zeit-der-leser\/2011\/08\/13\/das-nilpferd\/","og_site_name":"ZEIT der Leser","article_published_time":"2011-08-13T08:00:34+00:00","article_modified_time":"2011-08-04T14:05:57+00:00","author":"Franziska Kelch","twitter_card":"summary_large_image","twitter_misc":{"Geschrieben von":"Franziska Kelch","Gesch\u00e4tzte Lesezeit":"1\u00a0Minute"},"schema":{"@context":"https:\/\/schema.org","@graph":[{"@type":"WebPage","@id":"https:\/\/blog.zeit.de\/zeit-der-leser\/2011\/08\/13\/das-nilpferd\/","url":"https:\/\/blog.zeit.de\/zeit-der-leser\/2011\/08\/13\/das-nilpferd\/","name":"Das Nilpferd - ZEIT der Leser","isPartOf":{"@id":"https:\/\/blog.zeit.de\/zeit-der-leser\/#website"},"datePublished":"2011-08-13T08:00:34+00:00","dateModified":"2011-08-04T14:05:57+00:00","author":{"@id":"https:\/\/blog.zeit.de\/zeit-der-leser\/#\/schema\/person\/eaa3c3ed8f838c4aafcd25e9710fcc68"},"breadcrumb":{"@id":"https:\/\/blog.zeit.de\/zeit-der-leser\/2011\/08\/13\/das-nilpferd\/#breadcrumb"},"inLanguage":"de","potentialAction":[{"@type":"ReadAction","target":["https:\/\/blog.zeit.de\/zeit-der-leser\/2011\/08\/13\/das-nilpferd\/"]}]},{"@type":"BreadcrumbList","@id":"https:\/\/blog.zeit.de\/zeit-der-leser\/2011\/08\/13\/das-nilpferd\/#breadcrumb","itemListElement":[{"@type":"ListItem","position":1,"name":"Startseite","item":"https:\/\/blog.zeit.de\/zeit-der-leser\/"},{"@type":"ListItem","position":2,"name":"Das Nilpferd"}]},{"@type":"WebSite","@id":"https:\/\/blog.zeit.de\/zeit-der-leser\/#website","url":"https:\/\/blog.zeit.de\/zeit-der-leser\/","name":"ZEIT der Leser","description":"Ein Blog mit Ihren Notizen, Gedichten und Bildern f\u00fcr die gedruckte ZEIT","potentialAction":[{"@type":"SearchAction","target":{"@type":"EntryPoint","urlTemplate":"https:\/\/blog.zeit.de\/zeit-der-leser\/?s={search_term_string}"},"query-input":"required name=search_term_string"}],"inLanguage":"de"},{"@type":"Person","@id":"https:\/\/blog.zeit.de\/zeit-der-leser\/#\/schema\/person\/eaa3c3ed8f838c4aafcd25e9710fcc68","name":"Franziska Kelch","image":{"@type":"ImageObject","inLanguage":"de","@id":"https:\/\/blog.zeit.de\/zeit-der-leser\/#\/schema\/person\/image\/","url":"https:\/\/secure.gravatar.com\/avatar\/d7ae2b2bfc4c5c08ed3435dc2ecf53fcb6d4234c0aa486b8b64ce6549a61a378?s=96&d=mm&r=g","contentUrl":"https:\/\/secure.gravatar.com\/avatar\/d7ae2b2bfc4c5c08ed3435dc2ecf53fcb6d4234c0aa486b8b64ce6549a61a378?s=96&d=mm&r=g","caption":"Franziska Kelch"},"url":"https:\/\/blog.zeit.de\/zeit-der-leser\/author\/franziska-kelch\/"}]}},"jetpack_featured_media_url":"","jetpack_sharing_enabled":true,"_links":{"self":[{"href":"https:\/\/blog.zeit.de\/zeit-der-leser\/wp-json\/wp\/v2\/posts\/6585","targetHints":{"allow":["GET"]}}],"collection":[{"href":"https:\/\/blog.zeit.de\/zeit-der-leser\/wp-json\/wp\/v2\/posts"}],"about":[{"href":"https:\/\/blog.zeit.de\/zeit-der-leser\/wp-json\/wp\/v2\/types\/post"}],"author":[{"embeddable":true,"href":"https:\/\/blog.zeit.de\/zeit-der-leser\/wp-json\/wp\/v2\/users\/323"}],"replies":[{"embeddable":true,"href":"https:\/\/blog.zeit.de\/zeit-der-leser\/wp-json\/wp\/v2\/comments?post=6585"}],"version-history":[{"count":2,"href":"https:\/\/blog.zeit.de\/zeit-der-leser\/wp-json\/wp\/v2\/posts\/6585\/revisions"}],"predecessor-version":[{"id":6587,"href":"https:\/\/blog.zeit.de\/zeit-der-leser\/wp-json\/wp\/v2\/posts\/6585\/revisions\/6587"}],"wp:attachment":[{"href":"https:\/\/blog.zeit.de\/zeit-der-leser\/wp-json\/wp\/v2\/media?parent=6585"}],"wp:term":[{"taxonomy":"category","embeddable":true,"href":"https:\/\/blog.zeit.de\/zeit-der-leser\/wp-json\/wp\/v2\/categories?post=6585"},{"taxonomy":"post_tag","embeddable":true,"href":"https:\/\/blog.zeit.de\/zeit-der-leser\/wp-json\/wp\/v2\/tags?post=6585"}],"curies":[{"name":"wp","href":"https:\/\/api.w.org\/{rel}","templated":true}]}}