{"id":6589,"date":"2011-08-10T13:00:32","date_gmt":"2011-08-10T11:00:32","guid":{"rendered":"http:\/\/blog.zeit.de\/zeit-der-leser\/?p=6589"},"modified":"2011-08-09T13:19:22","modified_gmt":"2011-08-09T11:19:22","slug":"65-jahre-die-zeit-33","status":"publish","type":"post","link":"https:\/\/blog.zeit.de\/zeit-der-leser\/2011\/08\/10\/65-jahre-die-zeit-33\/","title":{"rendered":"65 Jahre DIE ZEIT"},"content":{"rendered":"<p>Durch seine interessante und sch\u00f6n bebilderte Einsendung hatte Ulrich Hartmann \u00fcberzeugt: ZEIT-Reporter Stephan Lebert besuchte ihn in M\u00fcnchen und freute sich auf ein Gespr\u00e4ch \u00fcber die langj\u00e4hrige Erfahrung eines ZEIT-Lesers mit seiner Zeitung. \u201eWenn es einen roten Faden durch den Tag gab, so war das vielleicht eine \u201aBlattkritik\u2019 an einer imagin\u00e4ren Referenzausgabe, die meine rund 25 Jahre mit der ZEIT zusammenfasst\u201c, sagte Ulrich Hartmann nach dem Treffen.<\/p>\n<p><figure id=\"attachment_6600\" aria-describedby=\"caption-attachment-6600\" style=\"width: 180px\" class=\"wp-caption aligncenter\"><a href=\"https:\/\/blog.zeit.de\/zeit-der-leser\/files\/2011\/08\/Wickeltasche1.jpg\"><img loading=\"lazy\" decoding=\"async\" class=\"size-full wp-image-6600\" title=\"Wickeltasche1\" src=\"https:\/\/blog.zeit.de\/zeit-der-leser\/files\/2011\/08\/Wickeltasche1.jpg\" alt=\"\" width=\"180\" height=\"240\" \/><\/a><figcaption id=\"caption-attachment-6600\" class=\"wp-caption-text\">&quot;Genie\u00dfen Sie DIE ZEIT&quot;-Wickeltaschen in Wien 2008 \u2013  eines der Fotos, mit dem Ulrich Hartmann \u00fcberzeugte <\/figcaption><\/figure><\/p>\n<p>Gemeinsam erinnerten sich die beiden im M\u00fcnchner Hofgarten an den ein oder anderen Text, dargestellte Personen sowie Autoren. Ulrich Hartmann nutzte die Gelegenheit den Reporter \u00fcber das Innenleben der ZEIT auszufragen: Wie werden in der Redaktion Themen bzw. Schwerpunkte ausgew\u00e4hlt, wie Gespr\u00e4chspartner f\u00fcr Interviews? Wie gibt man den Lesern mit, dass es auch noch etwas zwischen den Zeilen zu lesen gibt? Welche Atmosph\u00e4re herrschte bei einzelnen Interviews? Wie kam der ein oder andere \u2013 insbesondere freie \u2013 Autor \u00fcberhaupt mit der ZEIT in Verbindung?<\/p>\n<p><figure id=\"attachment_6601\" aria-describedby=\"caption-attachment-6601\" style=\"width: 540px\" class=\"wp-caption aligncenter\"><a href=\"https:\/\/blog.zeit.de\/zeit-der-leser\/files\/2011\/08\/wickeltasche2.jpg\"><img loading=\"lazy\" decoding=\"async\" class=\"size-full wp-image-6601\" title=\"wickeltasche2\" src=\"https:\/\/blog.zeit.de\/zeit-der-leser\/files\/2011\/08\/wickeltasche2.jpg\" alt=\"\" width=\"540\" height=\"304\" srcset=\"https:\/\/blog.zeit.de\/zeit-der-leser\/files\/2011\/08\/wickeltasche2.jpg 540w, https:\/\/blog.zeit.de\/zeit-der-leser\/files\/2011\/08\/wickeltasche2-300x168.jpg 300w\" sizes=\"auto, (max-width: 540px) 100vw, 540px\" \/><\/a><figcaption id=\"caption-attachment-6601\" class=\"wp-caption-text\">V. l.: Ulrich Hartmann und Stephan Lebert in M\u00fcnchen<\/figcaption><\/figure><\/p>\n<p>So verflogen vier Stunden und Ulrich Hartmann res\u00fcmierte: \u201eZusammen mit Autoren wie Ijoma Mangold, Wolfgang Schmidbauer, Renate Just, Herlinde K\u00f6lbl und Louis Lewitan, aber gerade auch mit Giovanni di Lorenzo, machen Sie, lieber Stephan Lebert, eine Zeitung, die das Lebensgef\u00fchl meiner Familie ziemlich gut aufgreift. Sie machen diese ZEIT aber nat\u00fcrlich nicht nur f\u00fcr uns Schwabinger, sondern auch f\u00fcr unsere Freunde in Hamburg, Berlin und Z\u00fcrich. Und Sie w\u00fcrden sie auch so oder so \u00e4hnlich machen, dabei jedoch immer unverwechselbar, wenn wir eines Tages im Allg\u00e4u oder im Chiemgau leben w\u00fcrden \u2013 oder die ZEIT von Kalifornien aus nur im Internet lesen k\u00f6nnten.\u201c<\/p>\n","protected":false},"excerpt":{"rendered":"<p>Durch seine interessante und sch\u00f6n bebilderte Einsendung hatte Ulrich Hartmann \u00fcberzeugt: ZEIT-Reporter Stephan Lebert besuchte ihn in M\u00fcnchen und freute sich auf ein Gespr\u00e4ch \u00fcber die langj\u00e4hrige Erfahrung eines ZEIT-Lesers mit seiner Zeitung. \u201eWenn es einen roten Faden durch den Tag gab, so war das vielleicht eine \u201aBlattkritik\u2019 an einer imagin\u00e4ren Referenzausgabe, die meine rund [&hellip;]<\/p>\n","protected":false},"author":265,"featured_media":0,"comment_status":"open","ping_status":"open","sticky":false,"template":"","format":"standard","meta":{"_jetpack_memberships_contains_paid_content":false,"footnotes":""},"categories":[5686],"tags":[],"class_list":["post-6589","post","type-post","status-publish","format-standard","hentry","category-65-jahre-die-zeit"],"yoast_head":"<!-- This site is optimized with the Yoast SEO plugin v21.0 - https:\/\/yoast.com\/wordpress\/plugins\/seo\/ -->\n<title>65 Jahre DIE ZEIT - ZEIT der Leser<\/title>\n<meta name=\"robots\" content=\"index, follow, max-snippet:-1, max-image-preview:large, max-video-preview:-1\" \/>\n<link rel=\"canonical\" href=\"https:\/\/blog.zeit.de\/zeit-der-leser\/2011\/08\/10\/65-jahre-die-zeit-33\/\" \/>\n<meta property=\"og:locale\" content=\"de_DE\" \/>\n<meta property=\"og:type\" content=\"article\" \/>\n<meta property=\"og:title\" content=\"65 Jahre DIE ZEIT - ZEIT der Leser\" \/>\n<meta property=\"og:description\" content=\"Durch seine interessante und sch\u00f6n bebilderte Einsendung hatte Ulrich Hartmann \u00fcberzeugt: ZEIT-Reporter Stephan Lebert besuchte ihn in M\u00fcnchen und freute sich auf ein Gespr\u00e4ch \u00fcber die langj\u00e4hrige Erfahrung eines ZEIT-Lesers mit seiner Zeitung. \u201eWenn es einen roten Faden durch den Tag gab, so war das vielleicht eine \u201aBlattkritik\u2019 an einer imagin\u00e4ren Referenzausgabe, die meine rund [&hellip;]\" \/>\n<meta property=\"og:url\" content=\"https:\/\/blog.zeit.de\/zeit-der-leser\/2011\/08\/10\/65-jahre-die-zeit-33\/\" \/>\n<meta property=\"og:site_name\" content=\"ZEIT der Leser\" \/>\n<meta property=\"article:published_time\" content=\"2011-08-10T11:00:32+00:00\" \/>\n<meta property=\"article:modified_time\" content=\"2011-08-09T11:19:22+00:00\" \/>\n<meta property=\"og:image\" content=\"https:\/\/blog.zeit.de\/zeit-der-leser\/files\/2011\/08\/Wickeltasche1.jpg\" \/>\n<meta name=\"author\" content=\"&quot;Zeit der Leser&quot;-Redaktion\" \/>\n<meta name=\"twitter:card\" content=\"summary_large_image\" \/>\n<meta name=\"twitter:label1\" content=\"Geschrieben von\" \/>\n\t<meta name=\"twitter:data1\" content=\"\"Zeit der Leser\"-Redaktion\" \/>\n\t<meta name=\"twitter:label2\" content=\"Gesch\u00e4tzte Lesezeit\" \/>\n\t<meta name=\"twitter:data2\" content=\"2\u00a0Minuten\" \/>\n<script type=\"application\/ld+json\" class=\"yoast-schema-graph\">{\"@context\":\"https:\/\/schema.org\",\"@graph\":[{\"@type\":\"WebPage\",\"@id\":\"https:\/\/blog.zeit.de\/zeit-der-leser\/2011\/08\/10\/65-jahre-die-zeit-33\/\",\"url\":\"https:\/\/blog.zeit.de\/zeit-der-leser\/2011\/08\/10\/65-jahre-die-zeit-33\/\",\"name\":\"65 Jahre DIE ZEIT - ZEIT der Leser\",\"isPartOf\":{\"@id\":\"https:\/\/blog.zeit.de\/zeit-der-leser\/#website\"},\"datePublished\":\"2011-08-10T11:00:32+00:00\",\"dateModified\":\"2011-08-09T11:19:22+00:00\",\"author\":{\"@id\":\"https:\/\/blog.zeit.de\/zeit-der-leser\/#\/schema\/person\/583b14e5ad6368c23af846ecbde9f20f\"},\"breadcrumb\":{\"@id\":\"https:\/\/blog.zeit.de\/zeit-der-leser\/2011\/08\/10\/65-jahre-die-zeit-33\/#breadcrumb\"},\"inLanguage\":\"de\",\"potentialAction\":[{\"@type\":\"ReadAction\",\"target\":[\"https:\/\/blog.zeit.de\/zeit-der-leser\/2011\/08\/10\/65-jahre-die-zeit-33\/\"]}]},{\"@type\":\"BreadcrumbList\",\"@id\":\"https:\/\/blog.zeit.de\/zeit-der-leser\/2011\/08\/10\/65-jahre-die-zeit-33\/#breadcrumb\",\"itemListElement\":[{\"@type\":\"ListItem\",\"position\":1,\"name\":\"Startseite\",\"item\":\"https:\/\/blog.zeit.de\/zeit-der-leser\/\"},{\"@type\":\"ListItem\",\"position\":2,\"name\":\"65 Jahre DIE ZEIT\"}]},{\"@type\":\"WebSite\",\"@id\":\"https:\/\/blog.zeit.de\/zeit-der-leser\/#website\",\"url\":\"https:\/\/blog.zeit.de\/zeit-der-leser\/\",\"name\":\"ZEIT der Leser\",\"description\":\"Ein Blog mit Ihren Notizen, Gedichten und Bildern f\u00fcr die gedruckte ZEIT\",\"potentialAction\":[{\"@type\":\"SearchAction\",\"target\":{\"@type\":\"EntryPoint\",\"urlTemplate\":\"https:\/\/blog.zeit.de\/zeit-der-leser\/?s={search_term_string}\"},\"query-input\":\"required name=search_term_string\"}],\"inLanguage\":\"de\"},{\"@type\":\"Person\",\"@id\":\"https:\/\/blog.zeit.de\/zeit-der-leser\/#\/schema\/person\/583b14e5ad6368c23af846ecbde9f20f\",\"name\":\"\\\"Zeit der Leser\\\"-Redaktion\",\"image\":{\"@type\":\"ImageObject\",\"inLanguage\":\"de\",\"@id\":\"https:\/\/blog.zeit.de\/zeit-der-leser\/#\/schema\/person\/image\/\",\"url\":\"https:\/\/secure.gravatar.com\/avatar\/e801a681bd3bbf2345131a815930b48d9f8e0a94de1346b624840dc850f67ad0?s=96&d=mm&r=g\",\"contentUrl\":\"https:\/\/secure.gravatar.com\/avatar\/e801a681bd3bbf2345131a815930b48d9f8e0a94de1346b624840dc850f67ad0?s=96&d=mm&r=g\",\"caption\":\"\\\"Zeit der Leser\\\"-Redaktion\"},\"url\":\"https:\/\/blog.zeit.de\/zeit-der-leser\/author\/zeit-der-leser-redaktion\/\"}]}<\/script>\n<!-- \/ Yoast SEO plugin. -->","yoast_head_json":{"title":"65 Jahre DIE ZEIT - ZEIT der Leser","robots":{"index":"index","follow":"follow","max-snippet":"max-snippet:-1","max-image-preview":"max-image-preview:large","max-video-preview":"max-video-preview:-1"},"canonical":"https:\/\/blog.zeit.de\/zeit-der-leser\/2011\/08\/10\/65-jahre-die-zeit-33\/","og_locale":"de_DE","og_type":"article","og_title":"65 Jahre DIE ZEIT - ZEIT der Leser","og_description":"Durch seine interessante und sch\u00f6n bebilderte Einsendung hatte Ulrich Hartmann \u00fcberzeugt: ZEIT-Reporter Stephan Lebert besuchte ihn in M\u00fcnchen und freute sich auf ein Gespr\u00e4ch \u00fcber die langj\u00e4hrige Erfahrung eines ZEIT-Lesers mit seiner Zeitung. \u201eWenn es einen roten Faden durch den Tag gab, so war das vielleicht eine \u201aBlattkritik\u2019 an einer imagin\u00e4ren Referenzausgabe, die meine rund [&hellip;]","og_url":"https:\/\/blog.zeit.de\/zeit-der-leser\/2011\/08\/10\/65-jahre-die-zeit-33\/","og_site_name":"ZEIT der Leser","article_published_time":"2011-08-10T11:00:32+00:00","article_modified_time":"2011-08-09T11:19:22+00:00","og_image":[{"url":"https:\/\/blog.zeit.de\/zeit-der-leser\/files\/2011\/08\/Wickeltasche1.jpg"}],"author":"\"Zeit der Leser\"-Redaktion","twitter_card":"summary_large_image","twitter_misc":{"Geschrieben von":"\"Zeit der Leser\"-Redaktion","Gesch\u00e4tzte Lesezeit":"2\u00a0Minuten"},"schema":{"@context":"https:\/\/schema.org","@graph":[{"@type":"WebPage","@id":"https:\/\/blog.zeit.de\/zeit-der-leser\/2011\/08\/10\/65-jahre-die-zeit-33\/","url":"https:\/\/blog.zeit.de\/zeit-der-leser\/2011\/08\/10\/65-jahre-die-zeit-33\/","name":"65 Jahre DIE ZEIT - ZEIT der Leser","isPartOf":{"@id":"https:\/\/blog.zeit.de\/zeit-der-leser\/#website"},"datePublished":"2011-08-10T11:00:32+00:00","dateModified":"2011-08-09T11:19:22+00:00","author":{"@id":"https:\/\/blog.zeit.de\/zeit-der-leser\/#\/schema\/person\/583b14e5ad6368c23af846ecbde9f20f"},"breadcrumb":{"@id":"https:\/\/blog.zeit.de\/zeit-der-leser\/2011\/08\/10\/65-jahre-die-zeit-33\/#breadcrumb"},"inLanguage":"de","potentialAction":[{"@type":"ReadAction","target":["https:\/\/blog.zeit.de\/zeit-der-leser\/2011\/08\/10\/65-jahre-die-zeit-33\/"]}]},{"@type":"BreadcrumbList","@id":"https:\/\/blog.zeit.de\/zeit-der-leser\/2011\/08\/10\/65-jahre-die-zeit-33\/#breadcrumb","itemListElement":[{"@type":"ListItem","position":1,"name":"Startseite","item":"https:\/\/blog.zeit.de\/zeit-der-leser\/"},{"@type":"ListItem","position":2,"name":"65 Jahre DIE ZEIT"}]},{"@type":"WebSite","@id":"https:\/\/blog.zeit.de\/zeit-der-leser\/#website","url":"https:\/\/blog.zeit.de\/zeit-der-leser\/","name":"ZEIT der Leser","description":"Ein Blog mit Ihren Notizen, Gedichten und Bildern f\u00fcr die gedruckte ZEIT","potentialAction":[{"@type":"SearchAction","target":{"@type":"EntryPoint","urlTemplate":"https:\/\/blog.zeit.de\/zeit-der-leser\/?s={search_term_string}"},"query-input":"required name=search_term_string"}],"inLanguage":"de"},{"@type":"Person","@id":"https:\/\/blog.zeit.de\/zeit-der-leser\/#\/schema\/person\/583b14e5ad6368c23af846ecbde9f20f","name":"\"Zeit der Leser\"-Redaktion","image":{"@type":"ImageObject","inLanguage":"de","@id":"https:\/\/blog.zeit.de\/zeit-der-leser\/#\/schema\/person\/image\/","url":"https:\/\/secure.gravatar.com\/avatar\/e801a681bd3bbf2345131a815930b48d9f8e0a94de1346b624840dc850f67ad0?s=96&d=mm&r=g","contentUrl":"https:\/\/secure.gravatar.com\/avatar\/e801a681bd3bbf2345131a815930b48d9f8e0a94de1346b624840dc850f67ad0?s=96&d=mm&r=g","caption":"\"Zeit der Leser\"-Redaktion"},"url":"https:\/\/blog.zeit.de\/zeit-der-leser\/author\/zeit-der-leser-redaktion\/"}]}},"jetpack_featured_media_url":"","jetpack_sharing_enabled":true,"_links":{"self":[{"href":"https:\/\/blog.zeit.de\/zeit-der-leser\/wp-json\/wp\/v2\/posts\/6589","targetHints":{"allow":["GET"]}}],"collection":[{"href":"https:\/\/blog.zeit.de\/zeit-der-leser\/wp-json\/wp\/v2\/posts"}],"about":[{"href":"https:\/\/blog.zeit.de\/zeit-der-leser\/wp-json\/wp\/v2\/types\/post"}],"author":[{"embeddable":true,"href":"https:\/\/blog.zeit.de\/zeit-der-leser\/wp-json\/wp\/v2\/users\/265"}],"replies":[{"embeddable":true,"href":"https:\/\/blog.zeit.de\/zeit-der-leser\/wp-json\/wp\/v2\/comments?post=6589"}],"version-history":[{"count":3,"href":"https:\/\/blog.zeit.de\/zeit-der-leser\/wp-json\/wp\/v2\/posts\/6589\/revisions"}],"predecessor-version":[{"id":6602,"href":"https:\/\/blog.zeit.de\/zeit-der-leser\/wp-json\/wp\/v2\/posts\/6589\/revisions\/6602"}],"wp:attachment":[{"href":"https:\/\/blog.zeit.de\/zeit-der-leser\/wp-json\/wp\/v2\/media?parent=6589"}],"wp:term":[{"taxonomy":"category","embeddable":true,"href":"https:\/\/blog.zeit.de\/zeit-der-leser\/wp-json\/wp\/v2\/categories?post=6589"},{"taxonomy":"post_tag","embeddable":true,"href":"https:\/\/blog.zeit.de\/zeit-der-leser\/wp-json\/wp\/v2\/tags?post=6589"}],"curies":[{"name":"wp","href":"https:\/\/api.w.org\/{rel}","templated":true}]}}