{"id":6591,"date":"2011-08-09T13:00:36","date_gmt":"2011-08-09T11:00:36","guid":{"rendered":"http:\/\/blog.zeit.de\/zeit-der-leser\/?p=6591"},"modified":"2011-08-12T16:29:23","modified_gmt":"2011-08-12T14:29:23","slug":"65-jahre-die-zeit-34","status":"publish","type":"post","link":"https:\/\/blog.zeit.de\/zeit-der-leser\/2011\/08\/09\/65-jahre-die-zeit-34\/","title":{"rendered":"65 Jahre DIE ZEIT"},"content":{"rendered":"<p>Am 30. Juli feierte Annemarie Eilhardt aus Bad Frankenhausen ihren 85. Geburtstag. Von Hamburg aus machte sich Silvie Rundel, Leiterin der Presse- und \u00d6ffentlichkeitsarbeit der ZEIT, auf den Weg nach Th\u00fcringen, um ihr zu gratulieren. Birgit Burtchen, Tochter der Jubilarin, hatte sich den Besuch von der ZEIT gew\u00fcnscht, um ihre Mutter zu \u00fcberraschen und ihr eine Freude zu bereiten. Dank der Unterst\u00fctzung von Familie, Freunden, Nachbarn und Pflegern, lebt die 85J\u00e4hrige nach wie vor in ihrer Wohnung<\/p>\n<p><figure id=\"attachment_6593\" aria-describedby=\"caption-attachment-6593\" style=\"width: 540px\" class=\"wp-caption aligncenter\"><a href=\"https:\/\/blog.zeit.de\/zeit-der-leser\/files\/2011\/08\/rundel11.jpg\"><img loading=\"lazy\" decoding=\"async\" class=\"size-full wp-image-6593\" title=\"rundel1\" src=\"https:\/\/blog.zeit.de\/zeit-der-leser\/files\/2011\/08\/rundel11.jpg\" alt=\"\" width=\"540\" height=\"304\" srcset=\"https:\/\/blog.zeit.de\/zeit-der-leser\/files\/2011\/08\/rundel11.jpg 540w, https:\/\/blog.zeit.de\/zeit-der-leser\/files\/2011\/08\/rundel11-300x168.jpg 300w\" sizes=\"auto, (max-width: 540px) 100vw, 540px\" \/><\/a><figcaption id=\"caption-attachment-6593\" class=\"wp-caption-text\">V. l. : Silvie Rundel, Birgit Burtchen und Annemarie Eilhardt<\/figcaption><\/figure><\/p>\n<p>Der Besuch startete mit einer kleinen Stadtrundfahrt: vom Geburtshaus in Richtung Panoramadenkmal, zum Aussichtsplateau am Hotel Residenz, an der schiefen Oberkirche vorbei, zum Schausieden, dem Quellgrund mit der solehaltigen Elisabethquelle, zum Rathausplatz, zum Kriegsgr\u00e4berdenkmal und der Schokoladenmanufaktur. Unterwegs erz\u00e4hlte Annemarie Eilhardt, wie sich die Stadt im Laufe der Jahre gewandelt hat und brachte kleine Anekdoten aus ihrem Leben zum Besten: Zum Beispiel die Geschichte vom Fliederbaum, den ihre Mutter mit ihr im Alter von sieben Jahren gepflanzt hatte.<\/p>\n<p><a href=\"https:\/\/blog.zeit.de\/zeit-der-leser\/files\/2011\/08\/rundel2flieder.jpg\"><\/a><\/p>\n<p><figure id=\"attachment_6595\" aria-describedby=\"caption-attachment-6595\" style=\"width: 180px\" class=\"wp-caption aligncenter\"><a href=\"https:\/\/blog.zeit.de\/zeit-der-leser\/files\/2011\/08\/rundel2flieder1.jpg\"><img loading=\"lazy\" decoding=\"async\" class=\"size-full wp-image-6595\" title=\"rundel2flieder\" src=\"https:\/\/blog.zeit.de\/zeit-der-leser\/files\/2011\/08\/rundel2flieder1.jpg\" alt=\"\" width=\"180\" height=\"240\" \/><\/a><figcaption id=\"caption-attachment-6595\" class=\"wp-caption-text\">Der Fliederbaum heute in voller Bl\u00fcte<\/figcaption><\/figure><\/p>\n<p>Kaum zuhause, kamen bereits die eingeladenen G\u00e4ste, um Annemarie Eilhardt <a href=\"http:\/\/www.youtube.com\/watch?v=FnObvwXjs2w\" target=\"_blank\">ein St\u00e4ndchen zu singen<\/a> und mit ihr anzusto\u00dfen. \u201eWir sangen, klangen und schwangen so gut miteinander, als ob wir das seit Jahren gemeinsam tun w\u00fcrden\u201c, berichtet Birgit Burtchen. Im Anschluss hatten sich alle ein St\u00fcck von der aus Hamburg mitgebrachten Geburtstagstorte verdient \u2013 Schokolade und Marzipan, ganz nach dem Geschmack der Jubilarin.<\/p>\n<p><figure id=\"attachment_6596\" aria-describedby=\"caption-attachment-6596\" style=\"width: 540px\" class=\"wp-caption aligncenter\"><a href=\"https:\/\/blog.zeit.de\/zeit-der-leser\/files\/2011\/08\/rundel3.jpg\"><img loading=\"lazy\" decoding=\"async\" class=\"size-full wp-image-6596\" title=\"rundel3\" src=\"https:\/\/blog.zeit.de\/zeit-der-leser\/files\/2011\/08\/rundel3.jpg\" alt=\"\" width=\"540\" height=\"304\" srcset=\"https:\/\/blog.zeit.de\/zeit-der-leser\/files\/2011\/08\/rundel3.jpg 540w, https:\/\/blog.zeit.de\/zeit-der-leser\/files\/2011\/08\/rundel3-300x168.jpg 300w\" sizes=\"auto, (max-width: 540px) 100vw, 540px\" \/><\/a><figcaption id=\"caption-attachment-6596\" class=\"wp-caption-text\">Gemeinsamer Besuch der Salzsole in Bad Frankenhausen<\/figcaption><\/figure><\/p>\n<p>Die \u00dcberraschung war gelungen. Solch eine sch\u00f6ne Geburtstagsfeier hatte die 85J\u00e4hrige nicht erwartet, erz\u00e4hlt ihre Tochter. Sie fand besonders sch\u00f6n, \u201edass ein Wunsch f\u00fcr einen \u00e4lteren Menschen, einer einfachen Frau aus dem Alltagsleben, zu Ehren ihres 85. Geburtstages ausgew\u00e4hlt wurde. Ohne das Ansinnen scharfsinniger Fragen und Antworten zu erwarten, sondern einfach zu erleben wie die Dinge funktionieren, nicht zu beurteilen, philosophieren und diskutieren. Frau Rundel konnte live erfahren, wie das Leben von Frau Eilhardt daheim funktioniert, ohne das Angeh\u00f6rige in ihrer Wohnortn\u00e4he leben.\u201c<\/p>\n","protected":false},"excerpt":{"rendered":"<p>Am 30. Juli feierte Annemarie Eilhardt aus Bad Frankenhausen ihren 85. Geburtstag. Von Hamburg aus machte sich Silvie Rundel, Leiterin der Presse- und \u00d6ffentlichkeitsarbeit der ZEIT, auf den Weg nach Th\u00fcringen, um ihr zu gratulieren. Birgit Burtchen, Tochter der Jubilarin, hatte sich den Besuch von der ZEIT gew\u00fcnscht, um ihre Mutter zu \u00fcberraschen und ihr [&hellip;]<\/p>\n","protected":false},"author":265,"featured_media":0,"comment_status":"open","ping_status":"open","sticky":false,"template":"","format":"standard","meta":{"_jetpack_memberships_contains_paid_content":false,"footnotes":""},"categories":[5686],"tags":[],"class_list":["post-6591","post","type-post","status-publish","format-standard","hentry","category-65-jahre-die-zeit"],"yoast_head":"<!-- This site is optimized with the Yoast SEO plugin v21.0 - https:\/\/yoast.com\/wordpress\/plugins\/seo\/ -->\n<title>65 Jahre DIE ZEIT - ZEIT der Leser<\/title>\n<meta name=\"robots\" content=\"index, follow, max-snippet:-1, max-image-preview:large, max-video-preview:-1\" \/>\n<link rel=\"canonical\" href=\"https:\/\/blog.zeit.de\/zeit-der-leser\/2011\/08\/09\/65-jahre-die-zeit-34\/\" \/>\n<meta property=\"og:locale\" content=\"de_DE\" \/>\n<meta property=\"og:type\" content=\"article\" \/>\n<meta property=\"og:title\" content=\"65 Jahre DIE ZEIT - ZEIT der Leser\" \/>\n<meta property=\"og:description\" content=\"Am 30. Juli feierte Annemarie Eilhardt aus Bad Frankenhausen ihren 85. Geburtstag. Von Hamburg aus machte sich Silvie Rundel, Leiterin der Presse- und \u00d6ffentlichkeitsarbeit der ZEIT, auf den Weg nach Th\u00fcringen, um ihr zu gratulieren. Birgit Burtchen, Tochter der Jubilarin, hatte sich den Besuch von der ZEIT gew\u00fcnscht, um ihre Mutter zu \u00fcberraschen und ihr [&hellip;]\" \/>\n<meta property=\"og:url\" content=\"https:\/\/blog.zeit.de\/zeit-der-leser\/2011\/08\/09\/65-jahre-die-zeit-34\/\" \/>\n<meta property=\"og:site_name\" content=\"ZEIT der Leser\" \/>\n<meta property=\"article:published_time\" content=\"2011-08-09T11:00:36+00:00\" \/>\n<meta property=\"article:modified_time\" content=\"2011-08-12T14:29:23+00:00\" \/>\n<meta property=\"og:image\" content=\"https:\/\/blog.zeit.de\/zeit-der-leser\/files\/2011\/08\/rundel11.jpg\" \/>\n<meta name=\"author\" content=\"&quot;Zeit der Leser&quot;-Redaktion\" \/>\n<meta name=\"twitter:card\" content=\"summary_large_image\" \/>\n<meta name=\"twitter:label1\" content=\"Geschrieben von\" \/>\n\t<meta name=\"twitter:data1\" content=\"\"Zeit der Leser\"-Redaktion\" \/>\n\t<meta name=\"twitter:label2\" content=\"Gesch\u00e4tzte Lesezeit\" \/>\n\t<meta name=\"twitter:data2\" content=\"2\u00a0Minuten\" \/>\n<script type=\"application\/ld+json\" class=\"yoast-schema-graph\">{\"@context\":\"https:\/\/schema.org\",\"@graph\":[{\"@type\":\"WebPage\",\"@id\":\"https:\/\/blog.zeit.de\/zeit-der-leser\/2011\/08\/09\/65-jahre-die-zeit-34\/\",\"url\":\"https:\/\/blog.zeit.de\/zeit-der-leser\/2011\/08\/09\/65-jahre-die-zeit-34\/\",\"name\":\"65 Jahre DIE ZEIT - ZEIT der Leser\",\"isPartOf\":{\"@id\":\"https:\/\/blog.zeit.de\/zeit-der-leser\/#website\"},\"datePublished\":\"2011-08-09T11:00:36+00:00\",\"dateModified\":\"2011-08-12T14:29:23+00:00\",\"author\":{\"@id\":\"https:\/\/blog.zeit.de\/zeit-der-leser\/#\/schema\/person\/583b14e5ad6368c23af846ecbde9f20f\"},\"breadcrumb\":{\"@id\":\"https:\/\/blog.zeit.de\/zeit-der-leser\/2011\/08\/09\/65-jahre-die-zeit-34\/#breadcrumb\"},\"inLanguage\":\"de\",\"potentialAction\":[{\"@type\":\"ReadAction\",\"target\":[\"https:\/\/blog.zeit.de\/zeit-der-leser\/2011\/08\/09\/65-jahre-die-zeit-34\/\"]}]},{\"@type\":\"BreadcrumbList\",\"@id\":\"https:\/\/blog.zeit.de\/zeit-der-leser\/2011\/08\/09\/65-jahre-die-zeit-34\/#breadcrumb\",\"itemListElement\":[{\"@type\":\"ListItem\",\"position\":1,\"name\":\"Startseite\",\"item\":\"https:\/\/blog.zeit.de\/zeit-der-leser\/\"},{\"@type\":\"ListItem\",\"position\":2,\"name\":\"65 Jahre DIE ZEIT\"}]},{\"@type\":\"WebSite\",\"@id\":\"https:\/\/blog.zeit.de\/zeit-der-leser\/#website\",\"url\":\"https:\/\/blog.zeit.de\/zeit-der-leser\/\",\"name\":\"ZEIT der Leser\",\"description\":\"Ein Blog mit Ihren Notizen, Gedichten und Bildern f\u00fcr die gedruckte ZEIT\",\"potentialAction\":[{\"@type\":\"SearchAction\",\"target\":{\"@type\":\"EntryPoint\",\"urlTemplate\":\"https:\/\/blog.zeit.de\/zeit-der-leser\/?s={search_term_string}\"},\"query-input\":\"required name=search_term_string\"}],\"inLanguage\":\"de\"},{\"@type\":\"Person\",\"@id\":\"https:\/\/blog.zeit.de\/zeit-der-leser\/#\/schema\/person\/583b14e5ad6368c23af846ecbde9f20f\",\"name\":\"\\\"Zeit der Leser\\\"-Redaktion\",\"image\":{\"@type\":\"ImageObject\",\"inLanguage\":\"de\",\"@id\":\"https:\/\/blog.zeit.de\/zeit-der-leser\/#\/schema\/person\/image\/\",\"url\":\"https:\/\/secure.gravatar.com\/avatar\/e801a681bd3bbf2345131a815930b48d9f8e0a94de1346b624840dc850f67ad0?s=96&d=mm&r=g\",\"contentUrl\":\"https:\/\/secure.gravatar.com\/avatar\/e801a681bd3bbf2345131a815930b48d9f8e0a94de1346b624840dc850f67ad0?s=96&d=mm&r=g\",\"caption\":\"\\\"Zeit der Leser\\\"-Redaktion\"},\"url\":\"https:\/\/blog.zeit.de\/zeit-der-leser\/author\/zeit-der-leser-redaktion\/\"}]}<\/script>\n<!-- \/ Yoast SEO plugin. -->","yoast_head_json":{"title":"65 Jahre DIE ZEIT - ZEIT der Leser","robots":{"index":"index","follow":"follow","max-snippet":"max-snippet:-1","max-image-preview":"max-image-preview:large","max-video-preview":"max-video-preview:-1"},"canonical":"https:\/\/blog.zeit.de\/zeit-der-leser\/2011\/08\/09\/65-jahre-die-zeit-34\/","og_locale":"de_DE","og_type":"article","og_title":"65 Jahre DIE ZEIT - ZEIT der Leser","og_description":"Am 30. Juli feierte Annemarie Eilhardt aus Bad Frankenhausen ihren 85. Geburtstag. Von Hamburg aus machte sich Silvie Rundel, Leiterin der Presse- und \u00d6ffentlichkeitsarbeit der ZEIT, auf den Weg nach Th\u00fcringen, um ihr zu gratulieren. Birgit Burtchen, Tochter der Jubilarin, hatte sich den Besuch von der ZEIT gew\u00fcnscht, um ihre Mutter zu \u00fcberraschen und ihr [&hellip;]","og_url":"https:\/\/blog.zeit.de\/zeit-der-leser\/2011\/08\/09\/65-jahre-die-zeit-34\/","og_site_name":"ZEIT der Leser","article_published_time":"2011-08-09T11:00:36+00:00","article_modified_time":"2011-08-12T14:29:23+00:00","og_image":[{"url":"https:\/\/blog.zeit.de\/zeit-der-leser\/files\/2011\/08\/rundel11.jpg"}],"author":"\"Zeit der Leser\"-Redaktion","twitter_card":"summary_large_image","twitter_misc":{"Geschrieben von":"\"Zeit der Leser\"-Redaktion","Gesch\u00e4tzte Lesezeit":"2\u00a0Minuten"},"schema":{"@context":"https:\/\/schema.org","@graph":[{"@type":"WebPage","@id":"https:\/\/blog.zeit.de\/zeit-der-leser\/2011\/08\/09\/65-jahre-die-zeit-34\/","url":"https:\/\/blog.zeit.de\/zeit-der-leser\/2011\/08\/09\/65-jahre-die-zeit-34\/","name":"65 Jahre DIE ZEIT - ZEIT der Leser","isPartOf":{"@id":"https:\/\/blog.zeit.de\/zeit-der-leser\/#website"},"datePublished":"2011-08-09T11:00:36+00:00","dateModified":"2011-08-12T14:29:23+00:00","author":{"@id":"https:\/\/blog.zeit.de\/zeit-der-leser\/#\/schema\/person\/583b14e5ad6368c23af846ecbde9f20f"},"breadcrumb":{"@id":"https:\/\/blog.zeit.de\/zeit-der-leser\/2011\/08\/09\/65-jahre-die-zeit-34\/#breadcrumb"},"inLanguage":"de","potentialAction":[{"@type":"ReadAction","target":["https:\/\/blog.zeit.de\/zeit-der-leser\/2011\/08\/09\/65-jahre-die-zeit-34\/"]}]},{"@type":"BreadcrumbList","@id":"https:\/\/blog.zeit.de\/zeit-der-leser\/2011\/08\/09\/65-jahre-die-zeit-34\/#breadcrumb","itemListElement":[{"@type":"ListItem","position":1,"name":"Startseite","item":"https:\/\/blog.zeit.de\/zeit-der-leser\/"},{"@type":"ListItem","position":2,"name":"65 Jahre DIE ZEIT"}]},{"@type":"WebSite","@id":"https:\/\/blog.zeit.de\/zeit-der-leser\/#website","url":"https:\/\/blog.zeit.de\/zeit-der-leser\/","name":"ZEIT der Leser","description":"Ein Blog mit Ihren Notizen, Gedichten und Bildern f\u00fcr die gedruckte ZEIT","potentialAction":[{"@type":"SearchAction","target":{"@type":"EntryPoint","urlTemplate":"https:\/\/blog.zeit.de\/zeit-der-leser\/?s={search_term_string}"},"query-input":"required name=search_term_string"}],"inLanguage":"de"},{"@type":"Person","@id":"https:\/\/blog.zeit.de\/zeit-der-leser\/#\/schema\/person\/583b14e5ad6368c23af846ecbde9f20f","name":"\"Zeit der Leser\"-Redaktion","image":{"@type":"ImageObject","inLanguage":"de","@id":"https:\/\/blog.zeit.de\/zeit-der-leser\/#\/schema\/person\/image\/","url":"https:\/\/secure.gravatar.com\/avatar\/e801a681bd3bbf2345131a815930b48d9f8e0a94de1346b624840dc850f67ad0?s=96&d=mm&r=g","contentUrl":"https:\/\/secure.gravatar.com\/avatar\/e801a681bd3bbf2345131a815930b48d9f8e0a94de1346b624840dc850f67ad0?s=96&d=mm&r=g","caption":"\"Zeit der Leser\"-Redaktion"},"url":"https:\/\/blog.zeit.de\/zeit-der-leser\/author\/zeit-der-leser-redaktion\/"}]}},"jetpack_featured_media_url":"","jetpack_sharing_enabled":true,"_links":{"self":[{"href":"https:\/\/blog.zeit.de\/zeit-der-leser\/wp-json\/wp\/v2\/posts\/6591","targetHints":{"allow":["GET"]}}],"collection":[{"href":"https:\/\/blog.zeit.de\/zeit-der-leser\/wp-json\/wp\/v2\/posts"}],"about":[{"href":"https:\/\/blog.zeit.de\/zeit-der-leser\/wp-json\/wp\/v2\/types\/post"}],"author":[{"embeddable":true,"href":"https:\/\/blog.zeit.de\/zeit-der-leser\/wp-json\/wp\/v2\/users\/265"}],"replies":[{"embeddable":true,"href":"https:\/\/blog.zeit.de\/zeit-der-leser\/wp-json\/wp\/v2\/comments?post=6591"}],"version-history":[{"count":5,"href":"https:\/\/blog.zeit.de\/zeit-der-leser\/wp-json\/wp\/v2\/posts\/6591\/revisions"}],"predecessor-version":[{"id":6599,"href":"https:\/\/blog.zeit.de\/zeit-der-leser\/wp-json\/wp\/v2\/posts\/6591\/revisions\/6599"}],"wp:attachment":[{"href":"https:\/\/blog.zeit.de\/zeit-der-leser\/wp-json\/wp\/v2\/media?parent=6591"}],"wp:term":[{"taxonomy":"category","embeddable":true,"href":"https:\/\/blog.zeit.de\/zeit-der-leser\/wp-json\/wp\/v2\/categories?post=6591"},{"taxonomy":"post_tag","embeddable":true,"href":"https:\/\/blog.zeit.de\/zeit-der-leser\/wp-json\/wp\/v2\/tags?post=6591"}],"curies":[{"name":"wp","href":"https:\/\/api.w.org\/{rel}","templated":true}]}}