{"id":6666,"date":"2011-08-19T10:00:34","date_gmt":"2011-08-19T08:00:34","guid":{"rendered":"http:\/\/blog.zeit.de\/zeit-der-leser\/?p=6666"},"modified":"2015-02-24T17:57:39","modified_gmt":"2015-02-24T16:57:39","slug":"mein-wort-schatz-techtelmechtel","status":"publish","type":"post","link":"https:\/\/blog.zeit.de\/zeit-der-leser\/2011\/08\/19\/mein-wort-schatz-techtelmechtel\/","title":{"rendered":"Techtelmechtel: Mein Wort-Schatz"},"content":{"rendered":"<p>Eines der liebenswertesten W\u00f6rter ist das <strong>Techtelmechtel<\/strong>. Es erinnert mich an eine Menge wirklich sch\u00f6ner Stunden, in denen es keinen Ernstfall gab, auch keinen Herzschmerz, der einen l\u00e4hmen konnte, nur ein bisschen Sehnsucht, ein bisschen Versprechen und etwas, das fast eine Beru\u0308hrung war, aber nichts Endgu\u0308ltiges und kein Dr\u00e4ngen nach mehr. Aber immer gab es auch eine Hoffnung, es k\u00f6nnte sich immerhin Wundersch\u00f6nes ergeben trotz des Wissens um m\u00f6gliche Unm\u00f6glichkeiten.<br \/>\nMeist machte man sich sch\u00f6ne Augen und spielte Eifersucht, wenn ein anderer ins Blickfeld geriet, versandte zur Strafe Zornesblicke, die aber schnell wieder verschwinden konnten, sobald man sich wiedersah. Es war eben nur ein Techtelmechtel. Wehe dem, der es ernst nahm!<\/p>\n<p><strong>Eva Schwarz<\/strong>, Berlin<\/p>\n","protected":false},"excerpt":{"rendered":"<p>Eines der liebenswertesten W\u00f6rter ist das Techtelmechtel. Es erinnert mich an eine Menge wirklich sch\u00f6ner Stunden, in denen es keinen Ernstfall gab, auch keinen Herzschmerz, der einen l\u00e4hmen konnte, nur ein bisschen Sehnsucht, ein bisschen Versprechen und etwas, das fast eine Beru\u0308hrung war, aber nichts Endgu\u0308ltiges und kein Dr\u00e4ngen nach mehr. Aber immer gab es [&hellip;]<\/p>\n","protected":false},"author":265,"featured_media":0,"comment_status":"open","ping_status":"open","sticky":false,"template":"","format":"standard","meta":{"_jetpack_memberships_contains_paid_content":false,"footnotes":""},"categories":[5687],"tags":[],"class_list":["post-6666","post","type-post","status-publish","format-standard","hentry","category-mein-wort-schatz"],"yoast_head":"<!-- This site is optimized with the Yoast SEO plugin v21.0 - https:\/\/yoast.com\/wordpress\/plugins\/seo\/ -->\n<title>Techtelmechtel: Mein Wort-Schatz - ZEIT der Leser<\/title>\n<meta name=\"robots\" content=\"index, follow, max-snippet:-1, max-image-preview:large, max-video-preview:-1\" \/>\n<link rel=\"canonical\" href=\"https:\/\/blog.zeit.de\/zeit-der-leser\/2011\/08\/19\/mein-wort-schatz-techtelmechtel\/\" \/>\n<meta property=\"og:locale\" content=\"de_DE\" \/>\n<meta property=\"og:type\" content=\"article\" \/>\n<meta property=\"og:title\" content=\"Techtelmechtel: Mein Wort-Schatz - ZEIT der Leser\" \/>\n<meta property=\"og:description\" content=\"Eines der liebenswertesten W\u00f6rter ist das Techtelmechtel. Es erinnert mich an eine Menge wirklich sch\u00f6ner Stunden, in denen es keinen Ernstfall gab, auch keinen Herzschmerz, der einen l\u00e4hmen konnte, nur ein bisschen Sehnsucht, ein bisschen Versprechen und etwas, das fast eine Beru\u0308hrung war, aber nichts Endgu\u0308ltiges und kein Dr\u00e4ngen nach mehr. Aber immer gab es [&hellip;]\" \/>\n<meta property=\"og:url\" content=\"https:\/\/blog.zeit.de\/zeit-der-leser\/2011\/08\/19\/mein-wort-schatz-techtelmechtel\/\" \/>\n<meta property=\"og:site_name\" content=\"ZEIT der Leser\" \/>\n<meta property=\"article:published_time\" content=\"2011-08-19T08:00:34+00:00\" \/>\n<meta property=\"article:modified_time\" content=\"2015-02-24T16:57:39+00:00\" \/>\n<meta name=\"author\" content=\"&quot;Zeit der Leser&quot;-Redaktion\" \/>\n<meta name=\"twitter:card\" content=\"summary_large_image\" \/>\n<meta name=\"twitter:label1\" content=\"Geschrieben von\" \/>\n\t<meta name=\"twitter:data1\" content=\"\"Zeit der Leser\"-Redaktion\" \/>\n\t<meta name=\"twitter:label2\" content=\"Gesch\u00e4tzte Lesezeit\" \/>\n\t<meta name=\"twitter:data2\" content=\"1\u00a0Minute\" \/>\n<script type=\"application\/ld+json\" class=\"yoast-schema-graph\">{\"@context\":\"https:\/\/schema.org\",\"@graph\":[{\"@type\":\"WebPage\",\"@id\":\"https:\/\/blog.zeit.de\/zeit-der-leser\/2011\/08\/19\/mein-wort-schatz-techtelmechtel\/\",\"url\":\"https:\/\/blog.zeit.de\/zeit-der-leser\/2011\/08\/19\/mein-wort-schatz-techtelmechtel\/\",\"name\":\"Techtelmechtel: Mein Wort-Schatz - ZEIT der Leser\",\"isPartOf\":{\"@id\":\"https:\/\/blog.zeit.de\/zeit-der-leser\/#website\"},\"datePublished\":\"2011-08-19T08:00:34+00:00\",\"dateModified\":\"2015-02-24T16:57:39+00:00\",\"author\":{\"@id\":\"https:\/\/blog.zeit.de\/zeit-der-leser\/#\/schema\/person\/583b14e5ad6368c23af846ecbde9f20f\"},\"breadcrumb\":{\"@id\":\"https:\/\/blog.zeit.de\/zeit-der-leser\/2011\/08\/19\/mein-wort-schatz-techtelmechtel\/#breadcrumb\"},\"inLanguage\":\"de\",\"potentialAction\":[{\"@type\":\"ReadAction\",\"target\":[\"https:\/\/blog.zeit.de\/zeit-der-leser\/2011\/08\/19\/mein-wort-schatz-techtelmechtel\/\"]}]},{\"@type\":\"BreadcrumbList\",\"@id\":\"https:\/\/blog.zeit.de\/zeit-der-leser\/2011\/08\/19\/mein-wort-schatz-techtelmechtel\/#breadcrumb\",\"itemListElement\":[{\"@type\":\"ListItem\",\"position\":1,\"name\":\"Startseite\",\"item\":\"https:\/\/blog.zeit.de\/zeit-der-leser\/\"},{\"@type\":\"ListItem\",\"position\":2,\"name\":\"Techtelmechtel: Mein Wort-Schatz\"}]},{\"@type\":\"WebSite\",\"@id\":\"https:\/\/blog.zeit.de\/zeit-der-leser\/#website\",\"url\":\"https:\/\/blog.zeit.de\/zeit-der-leser\/\",\"name\":\"ZEIT der Leser\",\"description\":\"Ein Blog mit Ihren Notizen, Gedichten und Bildern f\u00fcr die gedruckte ZEIT\",\"potentialAction\":[{\"@type\":\"SearchAction\",\"target\":{\"@type\":\"EntryPoint\",\"urlTemplate\":\"https:\/\/blog.zeit.de\/zeit-der-leser\/?s={search_term_string}\"},\"query-input\":\"required name=search_term_string\"}],\"inLanguage\":\"de\"},{\"@type\":\"Person\",\"@id\":\"https:\/\/blog.zeit.de\/zeit-der-leser\/#\/schema\/person\/583b14e5ad6368c23af846ecbde9f20f\",\"name\":\"\\\"Zeit der Leser\\\"-Redaktion\",\"image\":{\"@type\":\"ImageObject\",\"inLanguage\":\"de\",\"@id\":\"https:\/\/blog.zeit.de\/zeit-der-leser\/#\/schema\/person\/image\/\",\"url\":\"https:\/\/secure.gravatar.com\/avatar\/e801a681bd3bbf2345131a815930b48d9f8e0a94de1346b624840dc850f67ad0?s=96&d=mm&r=g\",\"contentUrl\":\"https:\/\/secure.gravatar.com\/avatar\/e801a681bd3bbf2345131a815930b48d9f8e0a94de1346b624840dc850f67ad0?s=96&d=mm&r=g\",\"caption\":\"\\\"Zeit der Leser\\\"-Redaktion\"},\"url\":\"https:\/\/blog.zeit.de\/zeit-der-leser\/author\/zeit-der-leser-redaktion\/\"}]}<\/script>\n<!-- \/ Yoast SEO plugin. -->","yoast_head_json":{"title":"Techtelmechtel: Mein Wort-Schatz - ZEIT der Leser","robots":{"index":"index","follow":"follow","max-snippet":"max-snippet:-1","max-image-preview":"max-image-preview:large","max-video-preview":"max-video-preview:-1"},"canonical":"https:\/\/blog.zeit.de\/zeit-der-leser\/2011\/08\/19\/mein-wort-schatz-techtelmechtel\/","og_locale":"de_DE","og_type":"article","og_title":"Techtelmechtel: Mein Wort-Schatz - ZEIT der Leser","og_description":"Eines der liebenswertesten W\u00f6rter ist das Techtelmechtel. Es erinnert mich an eine Menge wirklich sch\u00f6ner Stunden, in denen es keinen Ernstfall gab, auch keinen Herzschmerz, der einen l\u00e4hmen konnte, nur ein bisschen Sehnsucht, ein bisschen Versprechen und etwas, das fast eine Beru\u0308hrung war, aber nichts Endgu\u0308ltiges und kein Dr\u00e4ngen nach mehr. Aber immer gab es [&hellip;]","og_url":"https:\/\/blog.zeit.de\/zeit-der-leser\/2011\/08\/19\/mein-wort-schatz-techtelmechtel\/","og_site_name":"ZEIT der Leser","article_published_time":"2011-08-19T08:00:34+00:00","article_modified_time":"2015-02-24T16:57:39+00:00","author":"\"Zeit der Leser\"-Redaktion","twitter_card":"summary_large_image","twitter_misc":{"Geschrieben von":"\"Zeit der Leser\"-Redaktion","Gesch\u00e4tzte Lesezeit":"1\u00a0Minute"},"schema":{"@context":"https:\/\/schema.org","@graph":[{"@type":"WebPage","@id":"https:\/\/blog.zeit.de\/zeit-der-leser\/2011\/08\/19\/mein-wort-schatz-techtelmechtel\/","url":"https:\/\/blog.zeit.de\/zeit-der-leser\/2011\/08\/19\/mein-wort-schatz-techtelmechtel\/","name":"Techtelmechtel: Mein Wort-Schatz - ZEIT der Leser","isPartOf":{"@id":"https:\/\/blog.zeit.de\/zeit-der-leser\/#website"},"datePublished":"2011-08-19T08:00:34+00:00","dateModified":"2015-02-24T16:57:39+00:00","author":{"@id":"https:\/\/blog.zeit.de\/zeit-der-leser\/#\/schema\/person\/583b14e5ad6368c23af846ecbde9f20f"},"breadcrumb":{"@id":"https:\/\/blog.zeit.de\/zeit-der-leser\/2011\/08\/19\/mein-wort-schatz-techtelmechtel\/#breadcrumb"},"inLanguage":"de","potentialAction":[{"@type":"ReadAction","target":["https:\/\/blog.zeit.de\/zeit-der-leser\/2011\/08\/19\/mein-wort-schatz-techtelmechtel\/"]}]},{"@type":"BreadcrumbList","@id":"https:\/\/blog.zeit.de\/zeit-der-leser\/2011\/08\/19\/mein-wort-schatz-techtelmechtel\/#breadcrumb","itemListElement":[{"@type":"ListItem","position":1,"name":"Startseite","item":"https:\/\/blog.zeit.de\/zeit-der-leser\/"},{"@type":"ListItem","position":2,"name":"Techtelmechtel: Mein Wort-Schatz"}]},{"@type":"WebSite","@id":"https:\/\/blog.zeit.de\/zeit-der-leser\/#website","url":"https:\/\/blog.zeit.de\/zeit-der-leser\/","name":"ZEIT der Leser","description":"Ein Blog mit Ihren Notizen, Gedichten und Bildern f\u00fcr die gedruckte ZEIT","potentialAction":[{"@type":"SearchAction","target":{"@type":"EntryPoint","urlTemplate":"https:\/\/blog.zeit.de\/zeit-der-leser\/?s={search_term_string}"},"query-input":"required name=search_term_string"}],"inLanguage":"de"},{"@type":"Person","@id":"https:\/\/blog.zeit.de\/zeit-der-leser\/#\/schema\/person\/583b14e5ad6368c23af846ecbde9f20f","name":"\"Zeit der Leser\"-Redaktion","image":{"@type":"ImageObject","inLanguage":"de","@id":"https:\/\/blog.zeit.de\/zeit-der-leser\/#\/schema\/person\/image\/","url":"https:\/\/secure.gravatar.com\/avatar\/e801a681bd3bbf2345131a815930b48d9f8e0a94de1346b624840dc850f67ad0?s=96&d=mm&r=g","contentUrl":"https:\/\/secure.gravatar.com\/avatar\/e801a681bd3bbf2345131a815930b48d9f8e0a94de1346b624840dc850f67ad0?s=96&d=mm&r=g","caption":"\"Zeit der Leser\"-Redaktion"},"url":"https:\/\/blog.zeit.de\/zeit-der-leser\/author\/zeit-der-leser-redaktion\/"}]}},"jetpack_featured_media_url":"","jetpack_sharing_enabled":true,"_links":{"self":[{"href":"https:\/\/blog.zeit.de\/zeit-der-leser\/wp-json\/wp\/v2\/posts\/6666","targetHints":{"allow":["GET"]}}],"collection":[{"href":"https:\/\/blog.zeit.de\/zeit-der-leser\/wp-json\/wp\/v2\/posts"}],"about":[{"href":"https:\/\/blog.zeit.de\/zeit-der-leser\/wp-json\/wp\/v2\/types\/post"}],"author":[{"embeddable":true,"href":"https:\/\/blog.zeit.de\/zeit-der-leser\/wp-json\/wp\/v2\/users\/265"}],"replies":[{"embeddable":true,"href":"https:\/\/blog.zeit.de\/zeit-der-leser\/wp-json\/wp\/v2\/comments?post=6666"}],"version-history":[{"count":6,"href":"https:\/\/blog.zeit.de\/zeit-der-leser\/wp-json\/wp\/v2\/posts\/6666\/revisions"}],"predecessor-version":[{"id":19848,"href":"https:\/\/blog.zeit.de\/zeit-der-leser\/wp-json\/wp\/v2\/posts\/6666\/revisions\/19848"}],"wp:attachment":[{"href":"https:\/\/blog.zeit.de\/zeit-der-leser\/wp-json\/wp\/v2\/media?parent=6666"}],"wp:term":[{"taxonomy":"category","embeddable":true,"href":"https:\/\/blog.zeit.de\/zeit-der-leser\/wp-json\/wp\/v2\/categories?post=6666"},{"taxonomy":"post_tag","embeddable":true,"href":"https:\/\/blog.zeit.de\/zeit-der-leser\/wp-json\/wp\/v2\/tags?post=6666"}],"curies":[{"name":"wp","href":"https:\/\/api.w.org\/{rel}","templated":true}]}}