{"id":672,"date":"2010-04-25T04:38:18","date_gmt":"2010-04-25T02:38:18","guid":{"rendered":"http:\/\/blog.zeit.de\/zeit-der-leser\/?p=672"},"modified":"2010-04-25T04:41:10","modified_gmt":"2010-04-25T02:41:10","slug":"das-regt-mich-auf-wie-behorden-mit-behinderten-kindern-umgehen","status":"publish","type":"post","link":"https:\/\/blog.zeit.de\/zeit-der-leser\/2010\/04\/25\/das-regt-mich-auf-wie-behorden-mit-behinderten-kindern-umgehen\/","title":{"rendered":"Das regt mich auf: Wie Beh\u00f6rden mit behinderten Kindern umgehen"},"content":{"rendered":"<p>Die deutsche Bu\u0308rokratie und ihr Umgang mit behinderten Kindern regen mich auf! Seit gut sechs Monaten wandert die Akte unseres vierj\u00e4hrigen behinderten Sohnes nun schon von Beh\u00f6rde zu Beh\u00f6rde, von Schreibtisch zu Schreibtisch. Sie wird aufgemacht und wieder zugemacht und weitergereicht. Ob si\u0308e \u00fcberhaupt gelesen wird?<\/p>\n<p>Ich glaube es nicht. Denn dann h\u00e4tten die zust\u00e4ndigen Sachbearbeiter l\u00e4ngst erkannt, wie dringend unser Sohn einen Kindergartenwechsel sowie einen Integrationshelfer ben\u00f6tigt, der ihn nach einer anerkannten Therapiemethode f\u00f6rdert. Drei lange Monate lag die Akte bei der ersten Beh\u00f6rde, die dann befand, dass sie gar nicht zust\u00e4ndig sei. Danach ging die Akte auf Wanderschaft. Man l\u00e4sst sich Zeit, wertvolle Zeit. Wir haken nach und h\u00f6ren uns Plattit\u00fcden von B\u00fcrokraten an, fu\u0308r die die Behinderungen unseres Kindes Fremdw\u00f6rter sind.<\/p>\n<p>Es beunruhigt uns sehr, dass diese Menschen vom Schreibtisch aus u\u0308ber das Schicksal unseres Sohnes entscheiden. F\u00fcr sie ist er ein Aktenzeichen, das dem Staat bedrohlich teuer zu werden scheint. Diese Botschaft schockiert mich und macht mich traurig. Wir als Eltern geben nicht auf. Doch was ist mit all den behinderten Kindern, die auf der Strecke bleiben, weil ihre Eltern nicht so beharrlich sind und die Antr\u00e4ge in den Amtsstuben einfach ausgesessen werden?<\/p>\n<p><em>Katja Tappesser, Soest<\/em><\/p>\n","protected":false},"excerpt":{"rendered":"<p>Die deutsche Bu\u0308rokratie und ihr Umgang mit behinderten Kindern regen mich auf! Seit gut sechs Monaten wandert die Akte unseres vierj\u00e4hrigen behinderten Sohnes nun schon von Beh\u00f6rde zu Beh\u00f6rde, von Schreibtisch zu Schreibtisch. Sie wird aufgemacht und wieder zugemacht und weitergereicht. Ob si\u0308e \u00fcberhaupt gelesen wird? Ich glaube es nicht. Denn dann h\u00e4tten die zust\u00e4ndigen [&hellip;]<\/p>\n","protected":false},"author":264,"featured_media":0,"comment_status":"open","ping_status":"open","sticky":false,"template":"","format":"standard","meta":{"_jetpack_memberships_contains_paid_content":false,"footnotes":""},"categories":[1869],"tags":[],"class_list":["post-672","post","type-post","status-publish","format-standard","hentry","category-das-regt-mich-auf"],"yoast_head":"<!-- This site is optimized with the Yoast SEO plugin v21.0 - https:\/\/yoast.com\/wordpress\/plugins\/seo\/ -->\n<title>Das regt mich auf: Wie Beh\u00f6rden mit behinderten Kindern umgehen - ZEIT der Leser<\/title>\n<meta name=\"robots\" content=\"index, follow, max-snippet:-1, max-image-preview:large, max-video-preview:-1\" \/>\n<link rel=\"canonical\" href=\"https:\/\/blog.zeit.de\/zeit-der-leser\/2010\/04\/25\/das-regt-mich-auf-wie-behorden-mit-behinderten-kindern-umgehen\/\" \/>\n<meta property=\"og:locale\" content=\"de_DE\" \/>\n<meta property=\"og:type\" content=\"article\" \/>\n<meta property=\"og:title\" content=\"Das regt mich auf: Wie Beh\u00f6rden mit behinderten Kindern umgehen - ZEIT der Leser\" \/>\n<meta property=\"og:description\" content=\"Die deutsche Bu\u0308rokratie und ihr Umgang mit behinderten Kindern regen mich auf! Seit gut sechs Monaten wandert die Akte unseres vierj\u00e4hrigen behinderten Sohnes nun schon von Beh\u00f6rde zu Beh\u00f6rde, von Schreibtisch zu Schreibtisch. Sie wird aufgemacht und wieder zugemacht und weitergereicht. Ob si\u0308e \u00fcberhaupt gelesen wird? Ich glaube es nicht. Denn dann h\u00e4tten die zust\u00e4ndigen [&hellip;]\" \/>\n<meta property=\"og:url\" content=\"https:\/\/blog.zeit.de\/zeit-der-leser\/2010\/04\/25\/das-regt-mich-auf-wie-behorden-mit-behinderten-kindern-umgehen\/\" \/>\n<meta property=\"og:site_name\" content=\"ZEIT der Leser\" \/>\n<meta property=\"article:published_time\" content=\"2010-04-25T02:38:18+00:00\" \/>\n<meta property=\"article:modified_time\" content=\"2010-04-25T02:41:10+00:00\" \/>\n<meta name=\"author\" content=\"Zeit der Leser\" \/>\n<meta name=\"twitter:card\" content=\"summary_large_image\" \/>\n<meta name=\"twitter:label1\" content=\"Geschrieben von\" \/>\n\t<meta name=\"twitter:data1\" content=\"Zeit der Leser\" \/>\n\t<meta name=\"twitter:label2\" content=\"Gesch\u00e4tzte Lesezeit\" \/>\n\t<meta name=\"twitter:data2\" content=\"1\u00a0Minute\" \/>\n<script type=\"application\/ld+json\" class=\"yoast-schema-graph\">{\"@context\":\"https:\/\/schema.org\",\"@graph\":[{\"@type\":\"WebPage\",\"@id\":\"https:\/\/blog.zeit.de\/zeit-der-leser\/2010\/04\/25\/das-regt-mich-auf-wie-behorden-mit-behinderten-kindern-umgehen\/\",\"url\":\"https:\/\/blog.zeit.de\/zeit-der-leser\/2010\/04\/25\/das-regt-mich-auf-wie-behorden-mit-behinderten-kindern-umgehen\/\",\"name\":\"Das regt mich auf: Wie Beh\u00f6rden mit behinderten Kindern umgehen - ZEIT der Leser\",\"isPartOf\":{\"@id\":\"https:\/\/blog.zeit.de\/zeit-der-leser\/#website\"},\"datePublished\":\"2010-04-25T02:38:18+00:00\",\"dateModified\":\"2010-04-25T02:41:10+00:00\",\"author\":{\"@id\":\"https:\/\/blog.zeit.de\/zeit-der-leser\/#\/schema\/person\/e248c7ff5a10552f6a3bd5e9385b3667\"},\"breadcrumb\":{\"@id\":\"https:\/\/blog.zeit.de\/zeit-der-leser\/2010\/04\/25\/das-regt-mich-auf-wie-behorden-mit-behinderten-kindern-umgehen\/#breadcrumb\"},\"inLanguage\":\"de\",\"potentialAction\":[{\"@type\":\"ReadAction\",\"target\":[\"https:\/\/blog.zeit.de\/zeit-der-leser\/2010\/04\/25\/das-regt-mich-auf-wie-behorden-mit-behinderten-kindern-umgehen\/\"]}]},{\"@type\":\"BreadcrumbList\",\"@id\":\"https:\/\/blog.zeit.de\/zeit-der-leser\/2010\/04\/25\/das-regt-mich-auf-wie-behorden-mit-behinderten-kindern-umgehen\/#breadcrumb\",\"itemListElement\":[{\"@type\":\"ListItem\",\"position\":1,\"name\":\"Startseite\",\"item\":\"https:\/\/blog.zeit.de\/zeit-der-leser\/\"},{\"@type\":\"ListItem\",\"position\":2,\"name\":\"Das regt mich auf: Wie Beh\u00f6rden mit behinderten Kindern umgehen\"}]},{\"@type\":\"WebSite\",\"@id\":\"https:\/\/blog.zeit.de\/zeit-der-leser\/#website\",\"url\":\"https:\/\/blog.zeit.de\/zeit-der-leser\/\",\"name\":\"ZEIT der Leser\",\"description\":\"Ein Blog mit Ihren Notizen, Gedichten und Bildern f\u00fcr die gedruckte ZEIT\",\"potentialAction\":[{\"@type\":\"SearchAction\",\"target\":{\"@type\":\"EntryPoint\",\"urlTemplate\":\"https:\/\/blog.zeit.de\/zeit-der-leser\/?s={search_term_string}\"},\"query-input\":\"required name=search_term_string\"}],\"inLanguage\":\"de\"},{\"@type\":\"Person\",\"@id\":\"https:\/\/blog.zeit.de\/zeit-der-leser\/#\/schema\/person\/e248c7ff5a10552f6a3bd5e9385b3667\",\"name\":\"Zeit der Leser\",\"image\":{\"@type\":\"ImageObject\",\"inLanguage\":\"de\",\"@id\":\"https:\/\/blog.zeit.de\/zeit-der-leser\/#\/schema\/person\/image\/\",\"url\":\"https:\/\/secure.gravatar.com\/avatar\/529bb2731085995bda6c8ba0e4da7e528ea8be4e6c7abdd217f176e2309035f6?s=96&d=mm&r=g\",\"contentUrl\":\"https:\/\/secure.gravatar.com\/avatar\/529bb2731085995bda6c8ba0e4da7e528ea8be4e6c7abdd217f176e2309035f6?s=96&d=mm&r=g\",\"caption\":\"Zeit der Leser\"},\"url\":\"https:\/\/blog.zeit.de\/zeit-der-leser\/author\/zeit-der-leser\/\"}]}<\/script>\n<!-- \/ Yoast SEO plugin. -->","yoast_head_json":{"title":"Das regt mich auf: Wie Beh\u00f6rden mit behinderten Kindern umgehen - ZEIT der Leser","robots":{"index":"index","follow":"follow","max-snippet":"max-snippet:-1","max-image-preview":"max-image-preview:large","max-video-preview":"max-video-preview:-1"},"canonical":"https:\/\/blog.zeit.de\/zeit-der-leser\/2010\/04\/25\/das-regt-mich-auf-wie-behorden-mit-behinderten-kindern-umgehen\/","og_locale":"de_DE","og_type":"article","og_title":"Das regt mich auf: Wie Beh\u00f6rden mit behinderten Kindern umgehen - ZEIT der Leser","og_description":"Die deutsche Bu\u0308rokratie und ihr Umgang mit behinderten Kindern regen mich auf! Seit gut sechs Monaten wandert die Akte unseres vierj\u00e4hrigen behinderten Sohnes nun schon von Beh\u00f6rde zu Beh\u00f6rde, von Schreibtisch zu Schreibtisch. Sie wird aufgemacht und wieder zugemacht und weitergereicht. Ob si\u0308e \u00fcberhaupt gelesen wird? Ich glaube es nicht. Denn dann h\u00e4tten die zust\u00e4ndigen [&hellip;]","og_url":"https:\/\/blog.zeit.de\/zeit-der-leser\/2010\/04\/25\/das-regt-mich-auf-wie-behorden-mit-behinderten-kindern-umgehen\/","og_site_name":"ZEIT der Leser","article_published_time":"2010-04-25T02:38:18+00:00","article_modified_time":"2010-04-25T02:41:10+00:00","author":"Zeit der Leser","twitter_card":"summary_large_image","twitter_misc":{"Geschrieben von":"Zeit der Leser","Gesch\u00e4tzte Lesezeit":"1\u00a0Minute"},"schema":{"@context":"https:\/\/schema.org","@graph":[{"@type":"WebPage","@id":"https:\/\/blog.zeit.de\/zeit-der-leser\/2010\/04\/25\/das-regt-mich-auf-wie-behorden-mit-behinderten-kindern-umgehen\/","url":"https:\/\/blog.zeit.de\/zeit-der-leser\/2010\/04\/25\/das-regt-mich-auf-wie-behorden-mit-behinderten-kindern-umgehen\/","name":"Das regt mich auf: Wie Beh\u00f6rden mit behinderten Kindern umgehen - ZEIT der Leser","isPartOf":{"@id":"https:\/\/blog.zeit.de\/zeit-der-leser\/#website"},"datePublished":"2010-04-25T02:38:18+00:00","dateModified":"2010-04-25T02:41:10+00:00","author":{"@id":"https:\/\/blog.zeit.de\/zeit-der-leser\/#\/schema\/person\/e248c7ff5a10552f6a3bd5e9385b3667"},"breadcrumb":{"@id":"https:\/\/blog.zeit.de\/zeit-der-leser\/2010\/04\/25\/das-regt-mich-auf-wie-behorden-mit-behinderten-kindern-umgehen\/#breadcrumb"},"inLanguage":"de","potentialAction":[{"@type":"ReadAction","target":["https:\/\/blog.zeit.de\/zeit-der-leser\/2010\/04\/25\/das-regt-mich-auf-wie-behorden-mit-behinderten-kindern-umgehen\/"]}]},{"@type":"BreadcrumbList","@id":"https:\/\/blog.zeit.de\/zeit-der-leser\/2010\/04\/25\/das-regt-mich-auf-wie-behorden-mit-behinderten-kindern-umgehen\/#breadcrumb","itemListElement":[{"@type":"ListItem","position":1,"name":"Startseite","item":"https:\/\/blog.zeit.de\/zeit-der-leser\/"},{"@type":"ListItem","position":2,"name":"Das regt mich auf: Wie Beh\u00f6rden mit behinderten Kindern umgehen"}]},{"@type":"WebSite","@id":"https:\/\/blog.zeit.de\/zeit-der-leser\/#website","url":"https:\/\/blog.zeit.de\/zeit-der-leser\/","name":"ZEIT der Leser","description":"Ein Blog mit Ihren Notizen, Gedichten und Bildern f\u00fcr die gedruckte ZEIT","potentialAction":[{"@type":"SearchAction","target":{"@type":"EntryPoint","urlTemplate":"https:\/\/blog.zeit.de\/zeit-der-leser\/?s={search_term_string}"},"query-input":"required name=search_term_string"}],"inLanguage":"de"},{"@type":"Person","@id":"https:\/\/blog.zeit.de\/zeit-der-leser\/#\/schema\/person\/e248c7ff5a10552f6a3bd5e9385b3667","name":"Zeit der Leser","image":{"@type":"ImageObject","inLanguage":"de","@id":"https:\/\/blog.zeit.de\/zeit-der-leser\/#\/schema\/person\/image\/","url":"https:\/\/secure.gravatar.com\/avatar\/529bb2731085995bda6c8ba0e4da7e528ea8be4e6c7abdd217f176e2309035f6?s=96&d=mm&r=g","contentUrl":"https:\/\/secure.gravatar.com\/avatar\/529bb2731085995bda6c8ba0e4da7e528ea8be4e6c7abdd217f176e2309035f6?s=96&d=mm&r=g","caption":"Zeit der Leser"},"url":"https:\/\/blog.zeit.de\/zeit-der-leser\/author\/zeit-der-leser\/"}]}},"jetpack_featured_media_url":"","jetpack_sharing_enabled":true,"_links":{"self":[{"href":"https:\/\/blog.zeit.de\/zeit-der-leser\/wp-json\/wp\/v2\/posts\/672","targetHints":{"allow":["GET"]}}],"collection":[{"href":"https:\/\/blog.zeit.de\/zeit-der-leser\/wp-json\/wp\/v2\/posts"}],"about":[{"href":"https:\/\/blog.zeit.de\/zeit-der-leser\/wp-json\/wp\/v2\/types\/post"}],"author":[{"embeddable":true,"href":"https:\/\/blog.zeit.de\/zeit-der-leser\/wp-json\/wp\/v2\/users\/264"}],"replies":[{"embeddable":true,"href":"https:\/\/blog.zeit.de\/zeit-der-leser\/wp-json\/wp\/v2\/comments?post=672"}],"version-history":[{"count":0,"href":"https:\/\/blog.zeit.de\/zeit-der-leser\/wp-json\/wp\/v2\/posts\/672\/revisions"}],"wp:attachment":[{"href":"https:\/\/blog.zeit.de\/zeit-der-leser\/wp-json\/wp\/v2\/media?parent=672"}],"wp:term":[{"taxonomy":"category","embeddable":true,"href":"https:\/\/blog.zeit.de\/zeit-der-leser\/wp-json\/wp\/v2\/categories?post=672"},{"taxonomy":"post_tag","embeddable":true,"href":"https:\/\/blog.zeit.de\/zeit-der-leser\/wp-json\/wp\/v2\/tags?post=672"}],"curies":[{"name":"wp","href":"https:\/\/api.w.org\/{rel}","templated":true}]}}