{"id":680,"date":"2010-04-25T19:19:47","date_gmt":"2010-04-25T17:19:47","guid":{"rendered":"http:\/\/blog.zeit.de\/zeit-der-leser\/?p=680"},"modified":"2010-04-25T19:19:47","modified_gmt":"2010-04-25T17:19:47","slug":"taize-ein-reiches-armes-dorf","status":"publish","type":"post","link":"https:\/\/blog.zeit.de\/zeit-der-leser\/2010\/04\/25\/taize-ein-reiches-armes-dorf\/","title":{"rendered":"Taiz\u00e9: ein reiches, armes Dorf"},"content":{"rendered":"<p>Es ist eigentlich ein armes Dorf. Arm an Gr\u00f6\u00dfe, arm an Luxus, \u00fcberhaupt arm an materiellen Dingen. Aber nur, wenn man es von au\u00dfen betrachtet. In Wirklichkeit ist es ein reiches Dorf: reich an Gemeinschaft, reich an Glauben, reich an Freude, reich an Klang, reich an Farbe und vor allem: reich an Stille. Das Dorf hei\u00dft Taiz\u00e9. Erstaunlich, wie wenig ein Mensch an Materiellem ben\u00f6tigt. Auch um diese Erkenntnis hat Taiz\u00e9 mich bereichert.<\/p>\n<p><em>Caroline Niemietz, Bonn<\/em><\/p>\n","protected":false},"excerpt":{"rendered":"<p>Es ist eigentlich ein armes Dorf. Arm an Gr\u00f6\u00dfe, arm an Luxus, \u00fcberhaupt arm an materiellen Dingen. Aber nur, wenn man es von au\u00dfen betrachtet. In Wirklichkeit ist es ein reiches Dorf: reich an Gemeinschaft, reich an Glauben, reich an Freude, reich an Klang, reich an Farbe und vor allem: reich an Stille. Das Dorf [&hellip;]<\/p>\n","protected":false},"author":264,"featured_media":0,"comment_status":"open","ping_status":"open","sticky":false,"template":"","format":"standard","meta":{"_jetpack_memberships_contains_paid_content":false,"footnotes":""},"categories":[1871],"tags":[],"class_list":["post-680","post","type-post","status-publish","format-standard","hentry","category-was-mein-leben-reicher-macht"],"yoast_head":"<!-- This site is optimized with the Yoast SEO plugin v21.0 - https:\/\/yoast.com\/wordpress\/plugins\/seo\/ -->\n<title>Taiz\u00e9: ein reiches, armes Dorf  - ZEIT der Leser<\/title>\n<meta name=\"robots\" content=\"index, follow, max-snippet:-1, max-image-preview:large, max-video-preview:-1\" \/>\n<link rel=\"canonical\" href=\"https:\/\/blog.zeit.de\/zeit-der-leser\/2010\/04\/25\/taize-ein-reiches-armes-dorf\/\" \/>\n<meta property=\"og:locale\" content=\"de_DE\" \/>\n<meta property=\"og:type\" content=\"article\" \/>\n<meta property=\"og:title\" content=\"Taiz\u00e9: ein reiches, armes Dorf  - ZEIT der Leser\" \/>\n<meta property=\"og:description\" content=\"Es ist eigentlich ein armes Dorf. Arm an Gr\u00f6\u00dfe, arm an Luxus, \u00fcberhaupt arm an materiellen Dingen. Aber nur, wenn man es von au\u00dfen betrachtet. In Wirklichkeit ist es ein reiches Dorf: reich an Gemeinschaft, reich an Glauben, reich an Freude, reich an Klang, reich an Farbe und vor allem: reich an Stille. Das Dorf [&hellip;]\" \/>\n<meta property=\"og:url\" content=\"https:\/\/blog.zeit.de\/zeit-der-leser\/2010\/04\/25\/taize-ein-reiches-armes-dorf\/\" \/>\n<meta property=\"og:site_name\" content=\"ZEIT der Leser\" \/>\n<meta property=\"article:published_time\" content=\"2010-04-25T17:19:47+00:00\" \/>\n<meta name=\"author\" content=\"Zeit der Leser\" \/>\n<meta name=\"twitter:card\" content=\"summary_large_image\" \/>\n<meta name=\"twitter:label1\" content=\"Geschrieben von\" \/>\n\t<meta name=\"twitter:data1\" content=\"Zeit der Leser\" \/>\n<script type=\"application\/ld+json\" class=\"yoast-schema-graph\">{\"@context\":\"https:\/\/schema.org\",\"@graph\":[{\"@type\":\"WebPage\",\"@id\":\"https:\/\/blog.zeit.de\/zeit-der-leser\/2010\/04\/25\/taize-ein-reiches-armes-dorf\/\",\"url\":\"https:\/\/blog.zeit.de\/zeit-der-leser\/2010\/04\/25\/taize-ein-reiches-armes-dorf\/\",\"name\":\"Taiz\u00e9: ein reiches, armes Dorf - ZEIT der Leser\",\"isPartOf\":{\"@id\":\"https:\/\/blog.zeit.de\/zeit-der-leser\/#website\"},\"datePublished\":\"2010-04-25T17:19:47+00:00\",\"dateModified\":\"2010-04-25T17:19:47+00:00\",\"author\":{\"@id\":\"https:\/\/blog.zeit.de\/zeit-der-leser\/#\/schema\/person\/e248c7ff5a10552f6a3bd5e9385b3667\"},\"breadcrumb\":{\"@id\":\"https:\/\/blog.zeit.de\/zeit-der-leser\/2010\/04\/25\/taize-ein-reiches-armes-dorf\/#breadcrumb\"},\"inLanguage\":\"de\",\"potentialAction\":[{\"@type\":\"ReadAction\",\"target\":[\"https:\/\/blog.zeit.de\/zeit-der-leser\/2010\/04\/25\/taize-ein-reiches-armes-dorf\/\"]}]},{\"@type\":\"BreadcrumbList\",\"@id\":\"https:\/\/blog.zeit.de\/zeit-der-leser\/2010\/04\/25\/taize-ein-reiches-armes-dorf\/#breadcrumb\",\"itemListElement\":[{\"@type\":\"ListItem\",\"position\":1,\"name\":\"Startseite\",\"item\":\"https:\/\/blog.zeit.de\/zeit-der-leser\/\"},{\"@type\":\"ListItem\",\"position\":2,\"name\":\"Taiz\u00e9: ein reiches, armes Dorf\"}]},{\"@type\":\"WebSite\",\"@id\":\"https:\/\/blog.zeit.de\/zeit-der-leser\/#website\",\"url\":\"https:\/\/blog.zeit.de\/zeit-der-leser\/\",\"name\":\"ZEIT der Leser\",\"description\":\"Ein Blog mit Ihren Notizen, Gedichten und Bildern f\u00fcr die gedruckte ZEIT\",\"potentialAction\":[{\"@type\":\"SearchAction\",\"target\":{\"@type\":\"EntryPoint\",\"urlTemplate\":\"https:\/\/blog.zeit.de\/zeit-der-leser\/?s={search_term_string}\"},\"query-input\":\"required name=search_term_string\"}],\"inLanguage\":\"de\"},{\"@type\":\"Person\",\"@id\":\"https:\/\/blog.zeit.de\/zeit-der-leser\/#\/schema\/person\/e248c7ff5a10552f6a3bd5e9385b3667\",\"name\":\"Zeit der Leser\",\"image\":{\"@type\":\"ImageObject\",\"inLanguage\":\"de\",\"@id\":\"https:\/\/blog.zeit.de\/zeit-der-leser\/#\/schema\/person\/image\/\",\"url\":\"https:\/\/secure.gravatar.com\/avatar\/529bb2731085995bda6c8ba0e4da7e528ea8be4e6c7abdd217f176e2309035f6?s=96&d=mm&r=g\",\"contentUrl\":\"https:\/\/secure.gravatar.com\/avatar\/529bb2731085995bda6c8ba0e4da7e528ea8be4e6c7abdd217f176e2309035f6?s=96&d=mm&r=g\",\"caption\":\"Zeit der Leser\"},\"url\":\"https:\/\/blog.zeit.de\/zeit-der-leser\/author\/zeit-der-leser\/\"}]}<\/script>\n<!-- \/ Yoast SEO plugin. -->","yoast_head_json":{"title":"Taiz\u00e9: ein reiches, armes Dorf  - ZEIT der Leser","robots":{"index":"index","follow":"follow","max-snippet":"max-snippet:-1","max-image-preview":"max-image-preview:large","max-video-preview":"max-video-preview:-1"},"canonical":"https:\/\/blog.zeit.de\/zeit-der-leser\/2010\/04\/25\/taize-ein-reiches-armes-dorf\/","og_locale":"de_DE","og_type":"article","og_title":"Taiz\u00e9: ein reiches, armes Dorf  - ZEIT der Leser","og_description":"Es ist eigentlich ein armes Dorf. Arm an Gr\u00f6\u00dfe, arm an Luxus, \u00fcberhaupt arm an materiellen Dingen. Aber nur, wenn man es von au\u00dfen betrachtet. In Wirklichkeit ist es ein reiches Dorf: reich an Gemeinschaft, reich an Glauben, reich an Freude, reich an Klang, reich an Farbe und vor allem: reich an Stille. Das Dorf [&hellip;]","og_url":"https:\/\/blog.zeit.de\/zeit-der-leser\/2010\/04\/25\/taize-ein-reiches-armes-dorf\/","og_site_name":"ZEIT der Leser","article_published_time":"2010-04-25T17:19:47+00:00","author":"Zeit der Leser","twitter_card":"summary_large_image","twitter_misc":{"Geschrieben von":"Zeit der Leser"},"schema":{"@context":"https:\/\/schema.org","@graph":[{"@type":"WebPage","@id":"https:\/\/blog.zeit.de\/zeit-der-leser\/2010\/04\/25\/taize-ein-reiches-armes-dorf\/","url":"https:\/\/blog.zeit.de\/zeit-der-leser\/2010\/04\/25\/taize-ein-reiches-armes-dorf\/","name":"Taiz\u00e9: ein reiches, armes Dorf - ZEIT der Leser","isPartOf":{"@id":"https:\/\/blog.zeit.de\/zeit-der-leser\/#website"},"datePublished":"2010-04-25T17:19:47+00:00","dateModified":"2010-04-25T17:19:47+00:00","author":{"@id":"https:\/\/blog.zeit.de\/zeit-der-leser\/#\/schema\/person\/e248c7ff5a10552f6a3bd5e9385b3667"},"breadcrumb":{"@id":"https:\/\/blog.zeit.de\/zeit-der-leser\/2010\/04\/25\/taize-ein-reiches-armes-dorf\/#breadcrumb"},"inLanguage":"de","potentialAction":[{"@type":"ReadAction","target":["https:\/\/blog.zeit.de\/zeit-der-leser\/2010\/04\/25\/taize-ein-reiches-armes-dorf\/"]}]},{"@type":"BreadcrumbList","@id":"https:\/\/blog.zeit.de\/zeit-der-leser\/2010\/04\/25\/taize-ein-reiches-armes-dorf\/#breadcrumb","itemListElement":[{"@type":"ListItem","position":1,"name":"Startseite","item":"https:\/\/blog.zeit.de\/zeit-der-leser\/"},{"@type":"ListItem","position":2,"name":"Taiz\u00e9: ein reiches, armes Dorf"}]},{"@type":"WebSite","@id":"https:\/\/blog.zeit.de\/zeit-der-leser\/#website","url":"https:\/\/blog.zeit.de\/zeit-der-leser\/","name":"ZEIT der Leser","description":"Ein Blog mit Ihren Notizen, Gedichten und Bildern f\u00fcr die gedruckte ZEIT","potentialAction":[{"@type":"SearchAction","target":{"@type":"EntryPoint","urlTemplate":"https:\/\/blog.zeit.de\/zeit-der-leser\/?s={search_term_string}"},"query-input":"required name=search_term_string"}],"inLanguage":"de"},{"@type":"Person","@id":"https:\/\/blog.zeit.de\/zeit-der-leser\/#\/schema\/person\/e248c7ff5a10552f6a3bd5e9385b3667","name":"Zeit der Leser","image":{"@type":"ImageObject","inLanguage":"de","@id":"https:\/\/blog.zeit.de\/zeit-der-leser\/#\/schema\/person\/image\/","url":"https:\/\/secure.gravatar.com\/avatar\/529bb2731085995bda6c8ba0e4da7e528ea8be4e6c7abdd217f176e2309035f6?s=96&d=mm&r=g","contentUrl":"https:\/\/secure.gravatar.com\/avatar\/529bb2731085995bda6c8ba0e4da7e528ea8be4e6c7abdd217f176e2309035f6?s=96&d=mm&r=g","caption":"Zeit der Leser"},"url":"https:\/\/blog.zeit.de\/zeit-der-leser\/author\/zeit-der-leser\/"}]}},"jetpack_featured_media_url":"","jetpack_sharing_enabled":true,"_links":{"self":[{"href":"https:\/\/blog.zeit.de\/zeit-der-leser\/wp-json\/wp\/v2\/posts\/680","targetHints":{"allow":["GET"]}}],"collection":[{"href":"https:\/\/blog.zeit.de\/zeit-der-leser\/wp-json\/wp\/v2\/posts"}],"about":[{"href":"https:\/\/blog.zeit.de\/zeit-der-leser\/wp-json\/wp\/v2\/types\/post"}],"author":[{"embeddable":true,"href":"https:\/\/blog.zeit.de\/zeit-der-leser\/wp-json\/wp\/v2\/users\/264"}],"replies":[{"embeddable":true,"href":"https:\/\/blog.zeit.de\/zeit-der-leser\/wp-json\/wp\/v2\/comments?post=680"}],"version-history":[{"count":0,"href":"https:\/\/blog.zeit.de\/zeit-der-leser\/wp-json\/wp\/v2\/posts\/680\/revisions"}],"wp:attachment":[{"href":"https:\/\/blog.zeit.de\/zeit-der-leser\/wp-json\/wp\/v2\/media?parent=680"}],"wp:term":[{"taxonomy":"category","embeddable":true,"href":"https:\/\/blog.zeit.de\/zeit-der-leser\/wp-json\/wp\/v2\/categories?post=680"},{"taxonomy":"post_tag","embeddable":true,"href":"https:\/\/blog.zeit.de\/zeit-der-leser\/wp-json\/wp\/v2\/tags?post=680"}],"curies":[{"name":"wp","href":"https:\/\/api.w.org\/{rel}","templated":true}]}}