{"id":6822,"date":"2011-08-28T18:00:41","date_gmt":"2011-08-28T16:00:41","guid":{"rendered":"http:\/\/blog.zeit.de\/zeit-der-leser\/?p=6822"},"modified":"2011-08-26T12:51:00","modified_gmt":"2011-08-26T10:51:00","slug":"was-mein-leben-reicher-macht-396","status":"publish","type":"post","link":"https:\/\/blog.zeit.de\/zeit-der-leser\/2011\/08\/28\/was-mein-leben-reicher-macht-396\/","title":{"rendered":"Was mein Leben reicher macht"},"content":{"rendered":"<p>Mein Geburtstag an einem verregneten Augusttag, einen Tag vor einer wichtigen Klausur. Keine Party, nicht bei der Familie. Stattdessen: Lernen-Arbeit-Lernen. Ich sitze bereits am Schreibtisch, als meine Mitbewohnerin in mein Zimmer kommt. Sie singt f\u00fcr mich und h\u00e4lt ein selbstgen\u00e4htes Geschenk in H\u00e4nden. Ich bin ger\u00fchrt, werde gedr\u00fcckt, setzte die Lernerei beschwingt fort und gehe danach zur Arbeit. Als ich sp\u00e4ter am Tag zur\u00fcckkomme, duftet die Wohnung nach Apfelkuchen und frischer Kaffee steht auf dem Tisch. Meine fabelhafte Mitbewohnerin hat mir unerwartet einen sehr sch\u00f6nen Geburtstag geschenkt!<\/p>\n<p><em>Franziska Fuchs, Passau<\/em><\/p>\n","protected":false},"excerpt":{"rendered":"<p>Mein Geburtstag an einem verregneten Augusttag, einen Tag vor einer wichtigen Klausur. Keine Party, nicht bei der Familie. Stattdessen: Lernen-Arbeit-Lernen. Ich sitze bereits am Schreibtisch, als meine Mitbewohnerin in mein Zimmer kommt. Sie singt f\u00fcr mich und h\u00e4lt ein selbstgen\u00e4htes Geschenk in H\u00e4nden. Ich bin ger\u00fchrt, werde gedr\u00fcckt, setzte die Lernerei beschwingt fort und gehe [&hellip;]<\/p>\n","protected":false},"author":265,"featured_media":0,"comment_status":"open","ping_status":"open","sticky":false,"template":"","format":"standard","meta":{"_jetpack_memberships_contains_paid_content":false,"footnotes":""},"categories":[1871],"tags":[],"class_list":["post-6822","post","type-post","status-publish","format-standard","hentry","category-was-mein-leben-reicher-macht"],"yoast_head":"<!-- This site is optimized with the Yoast SEO plugin v21.0 - https:\/\/yoast.com\/wordpress\/plugins\/seo\/ -->\n<title>Was mein Leben reicher macht - ZEIT der Leser<\/title>\n<meta name=\"robots\" content=\"index, follow, max-snippet:-1, max-image-preview:large, max-video-preview:-1\" \/>\n<link rel=\"canonical\" href=\"https:\/\/blog.zeit.de\/zeit-der-leser\/2011\/08\/28\/was-mein-leben-reicher-macht-396\/\" \/>\n<meta property=\"og:locale\" content=\"de_DE\" \/>\n<meta property=\"og:type\" content=\"article\" \/>\n<meta property=\"og:title\" content=\"Was mein Leben reicher macht - ZEIT der Leser\" \/>\n<meta property=\"og:description\" content=\"Mein Geburtstag an einem verregneten Augusttag, einen Tag vor einer wichtigen Klausur. Keine Party, nicht bei der Familie. Stattdessen: Lernen-Arbeit-Lernen. Ich sitze bereits am Schreibtisch, als meine Mitbewohnerin in mein Zimmer kommt. Sie singt f\u00fcr mich und h\u00e4lt ein selbstgen\u00e4htes Geschenk in H\u00e4nden. Ich bin ger\u00fchrt, werde gedr\u00fcckt, setzte die Lernerei beschwingt fort und gehe [&hellip;]\" \/>\n<meta property=\"og:url\" content=\"https:\/\/blog.zeit.de\/zeit-der-leser\/2011\/08\/28\/was-mein-leben-reicher-macht-396\/\" \/>\n<meta property=\"og:site_name\" content=\"ZEIT der Leser\" \/>\n<meta property=\"article:published_time\" content=\"2011-08-28T16:00:41+00:00\" \/>\n<meta property=\"article:modified_time\" content=\"2011-08-26T10:51:00+00:00\" \/>\n<meta name=\"author\" content=\"&quot;Zeit der Leser&quot;-Redaktion\" \/>\n<meta name=\"twitter:card\" content=\"summary_large_image\" \/>\n<meta name=\"twitter:label1\" content=\"Geschrieben von\" \/>\n\t<meta name=\"twitter:data1\" content=\"\"Zeit der Leser\"-Redaktion\" \/>\n<script type=\"application\/ld+json\" class=\"yoast-schema-graph\">{\"@context\":\"https:\/\/schema.org\",\"@graph\":[{\"@type\":\"WebPage\",\"@id\":\"https:\/\/blog.zeit.de\/zeit-der-leser\/2011\/08\/28\/was-mein-leben-reicher-macht-396\/\",\"url\":\"https:\/\/blog.zeit.de\/zeit-der-leser\/2011\/08\/28\/was-mein-leben-reicher-macht-396\/\",\"name\":\"Was mein Leben reicher macht - ZEIT der Leser\",\"isPartOf\":{\"@id\":\"https:\/\/blog.zeit.de\/zeit-der-leser\/#website\"},\"datePublished\":\"2011-08-28T16:00:41+00:00\",\"dateModified\":\"2011-08-26T10:51:00+00:00\",\"author\":{\"@id\":\"https:\/\/blog.zeit.de\/zeit-der-leser\/#\/schema\/person\/583b14e5ad6368c23af846ecbde9f20f\"},\"breadcrumb\":{\"@id\":\"https:\/\/blog.zeit.de\/zeit-der-leser\/2011\/08\/28\/was-mein-leben-reicher-macht-396\/#breadcrumb\"},\"inLanguage\":\"de\",\"potentialAction\":[{\"@type\":\"ReadAction\",\"target\":[\"https:\/\/blog.zeit.de\/zeit-der-leser\/2011\/08\/28\/was-mein-leben-reicher-macht-396\/\"]}]},{\"@type\":\"BreadcrumbList\",\"@id\":\"https:\/\/blog.zeit.de\/zeit-der-leser\/2011\/08\/28\/was-mein-leben-reicher-macht-396\/#breadcrumb\",\"itemListElement\":[{\"@type\":\"ListItem\",\"position\":1,\"name\":\"Startseite\",\"item\":\"https:\/\/blog.zeit.de\/zeit-der-leser\/\"},{\"@type\":\"ListItem\",\"position\":2,\"name\":\"Was mein Leben reicher macht\"}]},{\"@type\":\"WebSite\",\"@id\":\"https:\/\/blog.zeit.de\/zeit-der-leser\/#website\",\"url\":\"https:\/\/blog.zeit.de\/zeit-der-leser\/\",\"name\":\"ZEIT der Leser\",\"description\":\"Ein Blog mit Ihren Notizen, Gedichten und Bildern f\u00fcr die gedruckte ZEIT\",\"potentialAction\":[{\"@type\":\"SearchAction\",\"target\":{\"@type\":\"EntryPoint\",\"urlTemplate\":\"https:\/\/blog.zeit.de\/zeit-der-leser\/?s={search_term_string}\"},\"query-input\":\"required name=search_term_string\"}],\"inLanguage\":\"de\"},{\"@type\":\"Person\",\"@id\":\"https:\/\/blog.zeit.de\/zeit-der-leser\/#\/schema\/person\/583b14e5ad6368c23af846ecbde9f20f\",\"name\":\"\\\"Zeit der Leser\\\"-Redaktion\",\"image\":{\"@type\":\"ImageObject\",\"inLanguage\":\"de\",\"@id\":\"https:\/\/blog.zeit.de\/zeit-der-leser\/#\/schema\/person\/image\/\",\"url\":\"https:\/\/secure.gravatar.com\/avatar\/e801a681bd3bbf2345131a815930b48d9f8e0a94de1346b624840dc850f67ad0?s=96&d=mm&r=g\",\"contentUrl\":\"https:\/\/secure.gravatar.com\/avatar\/e801a681bd3bbf2345131a815930b48d9f8e0a94de1346b624840dc850f67ad0?s=96&d=mm&r=g\",\"caption\":\"\\\"Zeit der Leser\\\"-Redaktion\"},\"url\":\"https:\/\/blog.zeit.de\/zeit-der-leser\/author\/zeit-der-leser-redaktion\/\"}]}<\/script>\n<!-- \/ Yoast SEO plugin. -->","yoast_head_json":{"title":"Was mein Leben reicher macht - ZEIT der Leser","robots":{"index":"index","follow":"follow","max-snippet":"max-snippet:-1","max-image-preview":"max-image-preview:large","max-video-preview":"max-video-preview:-1"},"canonical":"https:\/\/blog.zeit.de\/zeit-der-leser\/2011\/08\/28\/was-mein-leben-reicher-macht-396\/","og_locale":"de_DE","og_type":"article","og_title":"Was mein Leben reicher macht - ZEIT der Leser","og_description":"Mein Geburtstag an einem verregneten Augusttag, einen Tag vor einer wichtigen Klausur. Keine Party, nicht bei der Familie. Stattdessen: Lernen-Arbeit-Lernen. Ich sitze bereits am Schreibtisch, als meine Mitbewohnerin in mein Zimmer kommt. Sie singt f\u00fcr mich und h\u00e4lt ein selbstgen\u00e4htes Geschenk in H\u00e4nden. Ich bin ger\u00fchrt, werde gedr\u00fcckt, setzte die Lernerei beschwingt fort und gehe [&hellip;]","og_url":"https:\/\/blog.zeit.de\/zeit-der-leser\/2011\/08\/28\/was-mein-leben-reicher-macht-396\/","og_site_name":"ZEIT der Leser","article_published_time":"2011-08-28T16:00:41+00:00","article_modified_time":"2011-08-26T10:51:00+00:00","author":"\"Zeit der Leser\"-Redaktion","twitter_card":"summary_large_image","twitter_misc":{"Geschrieben von":"\"Zeit der Leser\"-Redaktion"},"schema":{"@context":"https:\/\/schema.org","@graph":[{"@type":"WebPage","@id":"https:\/\/blog.zeit.de\/zeit-der-leser\/2011\/08\/28\/was-mein-leben-reicher-macht-396\/","url":"https:\/\/blog.zeit.de\/zeit-der-leser\/2011\/08\/28\/was-mein-leben-reicher-macht-396\/","name":"Was mein Leben reicher macht - ZEIT der Leser","isPartOf":{"@id":"https:\/\/blog.zeit.de\/zeit-der-leser\/#website"},"datePublished":"2011-08-28T16:00:41+00:00","dateModified":"2011-08-26T10:51:00+00:00","author":{"@id":"https:\/\/blog.zeit.de\/zeit-der-leser\/#\/schema\/person\/583b14e5ad6368c23af846ecbde9f20f"},"breadcrumb":{"@id":"https:\/\/blog.zeit.de\/zeit-der-leser\/2011\/08\/28\/was-mein-leben-reicher-macht-396\/#breadcrumb"},"inLanguage":"de","potentialAction":[{"@type":"ReadAction","target":["https:\/\/blog.zeit.de\/zeit-der-leser\/2011\/08\/28\/was-mein-leben-reicher-macht-396\/"]}]},{"@type":"BreadcrumbList","@id":"https:\/\/blog.zeit.de\/zeit-der-leser\/2011\/08\/28\/was-mein-leben-reicher-macht-396\/#breadcrumb","itemListElement":[{"@type":"ListItem","position":1,"name":"Startseite","item":"https:\/\/blog.zeit.de\/zeit-der-leser\/"},{"@type":"ListItem","position":2,"name":"Was mein Leben reicher macht"}]},{"@type":"WebSite","@id":"https:\/\/blog.zeit.de\/zeit-der-leser\/#website","url":"https:\/\/blog.zeit.de\/zeit-der-leser\/","name":"ZEIT der Leser","description":"Ein Blog mit Ihren Notizen, Gedichten und Bildern f\u00fcr die gedruckte ZEIT","potentialAction":[{"@type":"SearchAction","target":{"@type":"EntryPoint","urlTemplate":"https:\/\/blog.zeit.de\/zeit-der-leser\/?s={search_term_string}"},"query-input":"required name=search_term_string"}],"inLanguage":"de"},{"@type":"Person","@id":"https:\/\/blog.zeit.de\/zeit-der-leser\/#\/schema\/person\/583b14e5ad6368c23af846ecbde9f20f","name":"\"Zeit der Leser\"-Redaktion","image":{"@type":"ImageObject","inLanguage":"de","@id":"https:\/\/blog.zeit.de\/zeit-der-leser\/#\/schema\/person\/image\/","url":"https:\/\/secure.gravatar.com\/avatar\/e801a681bd3bbf2345131a815930b48d9f8e0a94de1346b624840dc850f67ad0?s=96&d=mm&r=g","contentUrl":"https:\/\/secure.gravatar.com\/avatar\/e801a681bd3bbf2345131a815930b48d9f8e0a94de1346b624840dc850f67ad0?s=96&d=mm&r=g","caption":"\"Zeit der Leser\"-Redaktion"},"url":"https:\/\/blog.zeit.de\/zeit-der-leser\/author\/zeit-der-leser-redaktion\/"}]}},"jetpack_featured_media_url":"","jetpack_sharing_enabled":true,"_links":{"self":[{"href":"https:\/\/blog.zeit.de\/zeit-der-leser\/wp-json\/wp\/v2\/posts\/6822","targetHints":{"allow":["GET"]}}],"collection":[{"href":"https:\/\/blog.zeit.de\/zeit-der-leser\/wp-json\/wp\/v2\/posts"}],"about":[{"href":"https:\/\/blog.zeit.de\/zeit-der-leser\/wp-json\/wp\/v2\/types\/post"}],"author":[{"embeddable":true,"href":"https:\/\/blog.zeit.de\/zeit-der-leser\/wp-json\/wp\/v2\/users\/265"}],"replies":[{"embeddable":true,"href":"https:\/\/blog.zeit.de\/zeit-der-leser\/wp-json\/wp\/v2\/comments?post=6822"}],"version-history":[{"count":4,"href":"https:\/\/blog.zeit.de\/zeit-der-leser\/wp-json\/wp\/v2\/posts\/6822\/revisions"}],"predecessor-version":[{"id":6825,"href":"https:\/\/blog.zeit.de\/zeit-der-leser\/wp-json\/wp\/v2\/posts\/6822\/revisions\/6825"}],"wp:attachment":[{"href":"https:\/\/blog.zeit.de\/zeit-der-leser\/wp-json\/wp\/v2\/media?parent=6822"}],"wp:term":[{"taxonomy":"category","embeddable":true,"href":"https:\/\/blog.zeit.de\/zeit-der-leser\/wp-json\/wp\/v2\/categories?post=6822"},{"taxonomy":"post_tag","embeddable":true,"href":"https:\/\/blog.zeit.de\/zeit-der-leser\/wp-json\/wp\/v2\/tags?post=6822"}],"curies":[{"name":"wp","href":"https:\/\/api.w.org\/{rel}","templated":true}]}}