{"id":6852,"date":"2011-09-03T10:00:18","date_gmt":"2011-09-03T08:00:18","guid":{"rendered":"http:\/\/blog.zeit.de\/zeit-der-leser\/?p=6852"},"modified":"2015-02-26T14:51:47","modified_gmt":"2015-02-26T13:51:47","slug":"mein-wort-schatz-betthupferl","status":"publish","type":"post","link":"https:\/\/blog.zeit.de\/zeit-der-leser\/2011\/09\/03\/mein-wort-schatz-betthupferl\/","title":{"rendered":"Betthupferl: Mein Wort-Schatz"},"content":{"rendered":"<p>Aus meiner Kindheit tauchte unl\u00e4ngst das altmodische Wort <strong>Betthupferl<\/strong> wieder auf, das ich schon lange nicht mehr geh\u00f6rt oder verwendet hatte. Und da uns Begriffe mit auf eine\u00a0 Zeitreise nehmen, sah ich mich pl\u00f6tzlich wieder mit meinen Schwestern und meiner Mutter am Mittagstisch sitzen&#8230;<\/p>\n<p>Wenn alle Teller leer, alle Schulerlebnisse erz\u00e4hlt sind, ist die Zeit fu\u0308r den Mittagsschlaf meiner Mutter gekommen. Der ist heilig und darf nur in Ausnahmef\u00e4llen entfallen. Zuvor aber gibt es fu\u0308r uns alle ein Betthupferl \u2013 eine kleine Su\u0308\u00dfigkeit, die gerecht an uns drei M\u00e4dchen verteilt wird, aber nur meine Mutter tats\u00e4chlich bis ins Bett begleitet, w\u00e4hrend wir Kinder uns an die Hausaufgaben machen. Nie hat ein Stu\u0308ckchen\u00a0 Schokolade k\u00f6stlicher geschmeckt als damals!<\/p>\n<p><strong>Stefanie Eckes<\/strong>, Gro\u00dfaitingen<\/p>\n","protected":false},"excerpt":{"rendered":"<p>Aus meiner Kindheit tauchte unl\u00e4ngst das altmodische Wort Betthupferl wieder auf, das ich schon lange nicht mehr geh\u00f6rt oder verwendet hatte. Und da uns Begriffe mit auf eine\u00a0 Zeitreise nehmen, sah ich mich pl\u00f6tzlich wieder mit meinen Schwestern und meiner Mutter am Mittagstisch sitzen&#8230; Wenn alle Teller leer, alle Schulerlebnisse erz\u00e4hlt sind, ist die Zeit [&hellip;]<\/p>\n","protected":false},"author":265,"featured_media":0,"comment_status":"open","ping_status":"open","sticky":false,"template":"","format":"standard","meta":{"_jetpack_memberships_contains_paid_content":false,"footnotes":""},"categories":[5687],"tags":[],"class_list":["post-6852","post","type-post","status-publish","format-standard","hentry","category-mein-wort-schatz"],"yoast_head":"<!-- This site is optimized with the Yoast SEO plugin v21.0 - https:\/\/yoast.com\/wordpress\/plugins\/seo\/ -->\n<title>Betthupferl: Mein Wort-Schatz - ZEIT der Leser<\/title>\n<meta name=\"robots\" content=\"index, follow, max-snippet:-1, max-image-preview:large, max-video-preview:-1\" \/>\n<link rel=\"canonical\" href=\"https:\/\/blog.zeit.de\/zeit-der-leser\/2011\/09\/03\/mein-wort-schatz-betthupferl\/\" \/>\n<meta property=\"og:locale\" content=\"de_DE\" \/>\n<meta property=\"og:type\" content=\"article\" \/>\n<meta property=\"og:title\" content=\"Betthupferl: Mein Wort-Schatz - ZEIT der Leser\" \/>\n<meta property=\"og:description\" content=\"Aus meiner Kindheit tauchte unl\u00e4ngst das altmodische Wort Betthupferl wieder auf, das ich schon lange nicht mehr geh\u00f6rt oder verwendet hatte. Und da uns Begriffe mit auf eine\u00a0 Zeitreise nehmen, sah ich mich pl\u00f6tzlich wieder mit meinen Schwestern und meiner Mutter am Mittagstisch sitzen&#8230; Wenn alle Teller leer, alle Schulerlebnisse erz\u00e4hlt sind, ist die Zeit [&hellip;]\" \/>\n<meta property=\"og:url\" content=\"https:\/\/blog.zeit.de\/zeit-der-leser\/2011\/09\/03\/mein-wort-schatz-betthupferl\/\" \/>\n<meta property=\"og:site_name\" content=\"ZEIT der Leser\" \/>\n<meta property=\"article:published_time\" content=\"2011-09-03T08:00:18+00:00\" \/>\n<meta property=\"article:modified_time\" content=\"2015-02-26T13:51:47+00:00\" \/>\n<meta name=\"author\" content=\"&quot;Zeit der Leser&quot;-Redaktion\" \/>\n<meta name=\"twitter:card\" content=\"summary_large_image\" \/>\n<meta name=\"twitter:label1\" content=\"Geschrieben von\" \/>\n\t<meta name=\"twitter:data1\" content=\"\"Zeit der Leser\"-Redaktion\" \/>\n\t<meta name=\"twitter:label2\" content=\"Gesch\u00e4tzte Lesezeit\" \/>\n\t<meta name=\"twitter:data2\" content=\"1\u00a0Minute\" \/>\n<script type=\"application\/ld+json\" class=\"yoast-schema-graph\">{\"@context\":\"https:\/\/schema.org\",\"@graph\":[{\"@type\":\"WebPage\",\"@id\":\"https:\/\/blog.zeit.de\/zeit-der-leser\/2011\/09\/03\/mein-wort-schatz-betthupferl\/\",\"url\":\"https:\/\/blog.zeit.de\/zeit-der-leser\/2011\/09\/03\/mein-wort-schatz-betthupferl\/\",\"name\":\"Betthupferl: Mein Wort-Schatz - ZEIT der Leser\",\"isPartOf\":{\"@id\":\"https:\/\/blog.zeit.de\/zeit-der-leser\/#website\"},\"datePublished\":\"2011-09-03T08:00:18+00:00\",\"dateModified\":\"2015-02-26T13:51:47+00:00\",\"author\":{\"@id\":\"https:\/\/blog.zeit.de\/zeit-der-leser\/#\/schema\/person\/583b14e5ad6368c23af846ecbde9f20f\"},\"breadcrumb\":{\"@id\":\"https:\/\/blog.zeit.de\/zeit-der-leser\/2011\/09\/03\/mein-wort-schatz-betthupferl\/#breadcrumb\"},\"inLanguage\":\"de\",\"potentialAction\":[{\"@type\":\"ReadAction\",\"target\":[\"https:\/\/blog.zeit.de\/zeit-der-leser\/2011\/09\/03\/mein-wort-schatz-betthupferl\/\"]}]},{\"@type\":\"BreadcrumbList\",\"@id\":\"https:\/\/blog.zeit.de\/zeit-der-leser\/2011\/09\/03\/mein-wort-schatz-betthupferl\/#breadcrumb\",\"itemListElement\":[{\"@type\":\"ListItem\",\"position\":1,\"name\":\"Startseite\",\"item\":\"https:\/\/blog.zeit.de\/zeit-der-leser\/\"},{\"@type\":\"ListItem\",\"position\":2,\"name\":\"Betthupferl: Mein Wort-Schatz\"}]},{\"@type\":\"WebSite\",\"@id\":\"https:\/\/blog.zeit.de\/zeit-der-leser\/#website\",\"url\":\"https:\/\/blog.zeit.de\/zeit-der-leser\/\",\"name\":\"ZEIT der Leser\",\"description\":\"Ein Blog mit Ihren Notizen, Gedichten und Bildern f\u00fcr die gedruckte ZEIT\",\"potentialAction\":[{\"@type\":\"SearchAction\",\"target\":{\"@type\":\"EntryPoint\",\"urlTemplate\":\"https:\/\/blog.zeit.de\/zeit-der-leser\/?s={search_term_string}\"},\"query-input\":\"required name=search_term_string\"}],\"inLanguage\":\"de\"},{\"@type\":\"Person\",\"@id\":\"https:\/\/blog.zeit.de\/zeit-der-leser\/#\/schema\/person\/583b14e5ad6368c23af846ecbde9f20f\",\"name\":\"\\\"Zeit der Leser\\\"-Redaktion\",\"image\":{\"@type\":\"ImageObject\",\"inLanguage\":\"de\",\"@id\":\"https:\/\/blog.zeit.de\/zeit-der-leser\/#\/schema\/person\/image\/\",\"url\":\"https:\/\/secure.gravatar.com\/avatar\/e801a681bd3bbf2345131a815930b48d9f8e0a94de1346b624840dc850f67ad0?s=96&d=mm&r=g\",\"contentUrl\":\"https:\/\/secure.gravatar.com\/avatar\/e801a681bd3bbf2345131a815930b48d9f8e0a94de1346b624840dc850f67ad0?s=96&d=mm&r=g\",\"caption\":\"\\\"Zeit der Leser\\\"-Redaktion\"},\"url\":\"https:\/\/blog.zeit.de\/zeit-der-leser\/author\/zeit-der-leser-redaktion\/\"}]}<\/script>\n<!-- \/ Yoast SEO plugin. -->","yoast_head_json":{"title":"Betthupferl: Mein Wort-Schatz - ZEIT der Leser","robots":{"index":"index","follow":"follow","max-snippet":"max-snippet:-1","max-image-preview":"max-image-preview:large","max-video-preview":"max-video-preview:-1"},"canonical":"https:\/\/blog.zeit.de\/zeit-der-leser\/2011\/09\/03\/mein-wort-schatz-betthupferl\/","og_locale":"de_DE","og_type":"article","og_title":"Betthupferl: Mein Wort-Schatz - ZEIT der Leser","og_description":"Aus meiner Kindheit tauchte unl\u00e4ngst das altmodische Wort Betthupferl wieder auf, das ich schon lange nicht mehr geh\u00f6rt oder verwendet hatte. Und da uns Begriffe mit auf eine\u00a0 Zeitreise nehmen, sah ich mich pl\u00f6tzlich wieder mit meinen Schwestern und meiner Mutter am Mittagstisch sitzen&#8230; Wenn alle Teller leer, alle Schulerlebnisse erz\u00e4hlt sind, ist die Zeit [&hellip;]","og_url":"https:\/\/blog.zeit.de\/zeit-der-leser\/2011\/09\/03\/mein-wort-schatz-betthupferl\/","og_site_name":"ZEIT der Leser","article_published_time":"2011-09-03T08:00:18+00:00","article_modified_time":"2015-02-26T13:51:47+00:00","author":"\"Zeit der Leser\"-Redaktion","twitter_card":"summary_large_image","twitter_misc":{"Geschrieben von":"\"Zeit der Leser\"-Redaktion","Gesch\u00e4tzte Lesezeit":"1\u00a0Minute"},"schema":{"@context":"https:\/\/schema.org","@graph":[{"@type":"WebPage","@id":"https:\/\/blog.zeit.de\/zeit-der-leser\/2011\/09\/03\/mein-wort-schatz-betthupferl\/","url":"https:\/\/blog.zeit.de\/zeit-der-leser\/2011\/09\/03\/mein-wort-schatz-betthupferl\/","name":"Betthupferl: Mein Wort-Schatz - ZEIT der Leser","isPartOf":{"@id":"https:\/\/blog.zeit.de\/zeit-der-leser\/#website"},"datePublished":"2011-09-03T08:00:18+00:00","dateModified":"2015-02-26T13:51:47+00:00","author":{"@id":"https:\/\/blog.zeit.de\/zeit-der-leser\/#\/schema\/person\/583b14e5ad6368c23af846ecbde9f20f"},"breadcrumb":{"@id":"https:\/\/blog.zeit.de\/zeit-der-leser\/2011\/09\/03\/mein-wort-schatz-betthupferl\/#breadcrumb"},"inLanguage":"de","potentialAction":[{"@type":"ReadAction","target":["https:\/\/blog.zeit.de\/zeit-der-leser\/2011\/09\/03\/mein-wort-schatz-betthupferl\/"]}]},{"@type":"BreadcrumbList","@id":"https:\/\/blog.zeit.de\/zeit-der-leser\/2011\/09\/03\/mein-wort-schatz-betthupferl\/#breadcrumb","itemListElement":[{"@type":"ListItem","position":1,"name":"Startseite","item":"https:\/\/blog.zeit.de\/zeit-der-leser\/"},{"@type":"ListItem","position":2,"name":"Betthupferl: Mein Wort-Schatz"}]},{"@type":"WebSite","@id":"https:\/\/blog.zeit.de\/zeit-der-leser\/#website","url":"https:\/\/blog.zeit.de\/zeit-der-leser\/","name":"ZEIT der Leser","description":"Ein Blog mit Ihren Notizen, Gedichten und Bildern f\u00fcr die gedruckte ZEIT","potentialAction":[{"@type":"SearchAction","target":{"@type":"EntryPoint","urlTemplate":"https:\/\/blog.zeit.de\/zeit-der-leser\/?s={search_term_string}"},"query-input":"required name=search_term_string"}],"inLanguage":"de"},{"@type":"Person","@id":"https:\/\/blog.zeit.de\/zeit-der-leser\/#\/schema\/person\/583b14e5ad6368c23af846ecbde9f20f","name":"\"Zeit der Leser\"-Redaktion","image":{"@type":"ImageObject","inLanguage":"de","@id":"https:\/\/blog.zeit.de\/zeit-der-leser\/#\/schema\/person\/image\/","url":"https:\/\/secure.gravatar.com\/avatar\/e801a681bd3bbf2345131a815930b48d9f8e0a94de1346b624840dc850f67ad0?s=96&d=mm&r=g","contentUrl":"https:\/\/secure.gravatar.com\/avatar\/e801a681bd3bbf2345131a815930b48d9f8e0a94de1346b624840dc850f67ad0?s=96&d=mm&r=g","caption":"\"Zeit der Leser\"-Redaktion"},"url":"https:\/\/blog.zeit.de\/zeit-der-leser\/author\/zeit-der-leser-redaktion\/"}]}},"jetpack_featured_media_url":"","jetpack_sharing_enabled":true,"_links":{"self":[{"href":"https:\/\/blog.zeit.de\/zeit-der-leser\/wp-json\/wp\/v2\/posts\/6852","targetHints":{"allow":["GET"]}}],"collection":[{"href":"https:\/\/blog.zeit.de\/zeit-der-leser\/wp-json\/wp\/v2\/posts"}],"about":[{"href":"https:\/\/blog.zeit.de\/zeit-der-leser\/wp-json\/wp\/v2\/types\/post"}],"author":[{"embeddable":true,"href":"https:\/\/blog.zeit.de\/zeit-der-leser\/wp-json\/wp\/v2\/users\/265"}],"replies":[{"embeddable":true,"href":"https:\/\/blog.zeit.de\/zeit-der-leser\/wp-json\/wp\/v2\/comments?post=6852"}],"version-history":[{"count":6,"href":"https:\/\/blog.zeit.de\/zeit-der-leser\/wp-json\/wp\/v2\/posts\/6852\/revisions"}],"predecessor-version":[{"id":19901,"href":"https:\/\/blog.zeit.de\/zeit-der-leser\/wp-json\/wp\/v2\/posts\/6852\/revisions\/19901"}],"wp:attachment":[{"href":"https:\/\/blog.zeit.de\/zeit-der-leser\/wp-json\/wp\/v2\/media?parent=6852"}],"wp:term":[{"taxonomy":"category","embeddable":true,"href":"https:\/\/blog.zeit.de\/zeit-der-leser\/wp-json\/wp\/v2\/categories?post=6852"},{"taxonomy":"post_tag","embeddable":true,"href":"https:\/\/blog.zeit.de\/zeit-der-leser\/wp-json\/wp\/v2\/tags?post=6852"}],"curies":[{"name":"wp","href":"https:\/\/api.w.org\/{rel}","templated":true}]}}