{"id":6874,"date":"2011-09-02T14:00:05","date_gmt":"2011-09-02T12:00:05","guid":{"rendered":"http:\/\/blog.zeit.de\/zeit-der-leser\/?p=6874"},"modified":"2011-09-01T11:01:35","modified_gmt":"2011-09-01T09:01:35","slug":"zeitsprung-25","status":"publish","type":"post","link":"https:\/\/blog.zeit.de\/zeit-der-leser\/2011\/09\/02\/zeitsprung-25\/","title":{"rendered":"Zeitsprung"},"content":{"rendered":"<p><figure id=\"attachment_6875\" aria-describedby=\"caption-attachment-6875\" style=\"width: 540px\" class=\"wp-caption alignnone\"><a href=\"https:\/\/blog.zeit.de\/zeit-der-leser\/files\/2011\/09\/s88-sommer-1997.jpg\"><img loading=\"lazy\" decoding=\"async\" class=\"size-full wp-image-6875\" title=\"s88-sommer-1997\" src=\"https:\/\/blog.zeit.de\/zeit-der-leser\/files\/2011\/09\/s88-sommer-1997.jpg\" alt=\"\" width=\"540\" height=\"377\" srcset=\"https:\/\/blog.zeit.de\/zeit-der-leser\/files\/2011\/09\/s88-sommer-1997.jpg 540w, https:\/\/blog.zeit.de\/zeit-der-leser\/files\/2011\/09\/s88-sommer-1997-300x209.jpg 300w\" sizes=\"auto, (max-width: 540px) 100vw, 540px\" \/><\/a><figcaption id=\"caption-attachment-6875\" class=\"wp-caption-text\">1997<\/figcaption><\/figure><\/p>\n<p><figure id=\"attachment_6877\" aria-describedby=\"caption-attachment-6877\" style=\"width: 540px\" class=\"wp-caption alignnone\"><a href=\"https:\/\/blog.zeit.de\/zeit-der-leser\/files\/2011\/09\/sommer-20111.jpg\"><img loading=\"lazy\" decoding=\"async\" class=\"size-full wp-image-6877\" title=\"sommer-2011\" src=\"https:\/\/blog.zeit.de\/zeit-der-leser\/files\/2011\/09\/sommer-20111.jpg\" alt=\"\" width=\"540\" height=\"289\" srcset=\"https:\/\/blog.zeit.de\/zeit-der-leser\/files\/2011\/09\/sommer-20111.jpg 540w, https:\/\/blog.zeit.de\/zeit-der-leser\/files\/2011\/09\/sommer-20111-300x160.jpg 300w\" sizes=\"auto, (max-width: 540px) 100vw, 540px\" \/><\/a><figcaption id=\"caption-attachment-6877\" class=\"wp-caption-text\">2011<\/figcaption><\/figure><\/p>\n<p>Das wunderbare Gedicht Der Schwimmer (Zeit der Leser, Nr. 34\/11) sprach uns aus dem Herzen: Wir sind vier schwimmbegeisterte Freundinnen (darunter ist auch eine Mutter mit ihrer Tochter) und haben uns in ungez\u00e4hlten Sommern im \u00f6rtlichen Freibad getroffen und nach dem Schwimmen an der kleinen Mauer verabredet, immer umhu\u0308llt von unseren \u00bbUmkleidezelten\u00ab (weil man das Kl\u00f6nen so w\u00e4hrend des Umziehens fortsetzen kann und die Kabinen ziemlich eng sind). Im Sommer 1997 trafen wir uns fast t\u00e4glich, um unsere\u00a0 Bahnen zu ziehen. In diesem Sommer haben wir uns fu\u0308r den Zeitsprung extra verabredet. \u00bbIhr glu\u0308cklichen Schwimmer, die Tage verwehn. Bald werden wir seufzen: Es war doch so sch\u00f6n.\u00ab<br \/>\n<em>Gerlinde Ehl, Dietlind Roll, Ruth und Ellen Volkhardt, Wolfhagen<\/em><\/p>\n","protected":false},"excerpt":{"rendered":"<p>Das wunderbare Gedicht Der Schwimmer (Zeit der Leser, Nr. 34\/11) sprach uns aus dem Herzen: Wir sind vier schwimmbegeisterte Freundinnen (darunter ist auch eine Mutter mit ihrer Tochter) und haben uns in ungez\u00e4hlten Sommern im \u00f6rtlichen Freibad getroffen und nach dem Schwimmen an der kleinen Mauer verabredet, immer umhu\u0308llt von unseren \u00bbUmkleidezelten\u00ab (weil man das [&hellip;]<\/p>\n","protected":false},"author":265,"featured_media":0,"comment_status":"open","ping_status":"open","sticky":false,"template":"","format":"standard","meta":{"_jetpack_memberships_contains_paid_content":false,"footnotes":""},"categories":[1878],"tags":[],"class_list":["post-6874","post","type-post","status-publish","format-standard","hentry","category-zeitsprung"],"yoast_head":"<!-- This site is optimized with the Yoast SEO plugin v21.0 - https:\/\/yoast.com\/wordpress\/plugins\/seo\/ -->\n<title>Zeitsprung - ZEIT der Leser<\/title>\n<meta name=\"robots\" content=\"index, follow, max-snippet:-1, max-image-preview:large, max-video-preview:-1\" \/>\n<link rel=\"canonical\" href=\"https:\/\/blog.zeit.de\/zeit-der-leser\/2011\/09\/02\/zeitsprung-25\/\" \/>\n<meta property=\"og:locale\" content=\"de_DE\" \/>\n<meta property=\"og:type\" content=\"article\" \/>\n<meta property=\"og:title\" content=\"Zeitsprung - ZEIT der Leser\" \/>\n<meta property=\"og:description\" content=\"Das wunderbare Gedicht Der Schwimmer (Zeit der Leser, Nr. 34\/11) sprach uns aus dem Herzen: Wir sind vier schwimmbegeisterte Freundinnen (darunter ist auch eine Mutter mit ihrer Tochter) und haben uns in ungez\u00e4hlten Sommern im \u00f6rtlichen Freibad getroffen und nach dem Schwimmen an der kleinen Mauer verabredet, immer umhu\u0308llt von unseren \u00bbUmkleidezelten\u00ab (weil man das [&hellip;]\" \/>\n<meta property=\"og:url\" content=\"https:\/\/blog.zeit.de\/zeit-der-leser\/2011\/09\/02\/zeitsprung-25\/\" \/>\n<meta property=\"og:site_name\" content=\"ZEIT der Leser\" \/>\n<meta property=\"article:published_time\" content=\"2011-09-02T12:00:05+00:00\" \/>\n<meta property=\"article:modified_time\" content=\"2011-09-01T09:01:35+00:00\" \/>\n<meta property=\"og:image\" content=\"https:\/\/blog.zeit.de\/zeit-der-leser\/files\/2011\/09\/s88-sommer-1997.jpg\" \/>\n<meta name=\"author\" content=\"&quot;Zeit der Leser&quot;-Redaktion\" \/>\n<meta name=\"twitter:card\" content=\"summary_large_image\" \/>\n<meta name=\"twitter:label1\" content=\"Geschrieben von\" \/>\n\t<meta name=\"twitter:data1\" content=\"\"Zeit der Leser\"-Redaktion\" \/>\n\t<meta name=\"twitter:label2\" content=\"Gesch\u00e4tzte Lesezeit\" \/>\n\t<meta name=\"twitter:data2\" content=\"1\u00a0Minute\" \/>\n<script type=\"application\/ld+json\" class=\"yoast-schema-graph\">{\"@context\":\"https:\/\/schema.org\",\"@graph\":[{\"@type\":\"WebPage\",\"@id\":\"https:\/\/blog.zeit.de\/zeit-der-leser\/2011\/09\/02\/zeitsprung-25\/\",\"url\":\"https:\/\/blog.zeit.de\/zeit-der-leser\/2011\/09\/02\/zeitsprung-25\/\",\"name\":\"Zeitsprung - ZEIT der Leser\",\"isPartOf\":{\"@id\":\"https:\/\/blog.zeit.de\/zeit-der-leser\/#website\"},\"datePublished\":\"2011-09-02T12:00:05+00:00\",\"dateModified\":\"2011-09-01T09:01:35+00:00\",\"author\":{\"@id\":\"https:\/\/blog.zeit.de\/zeit-der-leser\/#\/schema\/person\/583b14e5ad6368c23af846ecbde9f20f\"},\"breadcrumb\":{\"@id\":\"https:\/\/blog.zeit.de\/zeit-der-leser\/2011\/09\/02\/zeitsprung-25\/#breadcrumb\"},\"inLanguage\":\"de\",\"potentialAction\":[{\"@type\":\"ReadAction\",\"target\":[\"https:\/\/blog.zeit.de\/zeit-der-leser\/2011\/09\/02\/zeitsprung-25\/\"]}]},{\"@type\":\"BreadcrumbList\",\"@id\":\"https:\/\/blog.zeit.de\/zeit-der-leser\/2011\/09\/02\/zeitsprung-25\/#breadcrumb\",\"itemListElement\":[{\"@type\":\"ListItem\",\"position\":1,\"name\":\"Startseite\",\"item\":\"https:\/\/blog.zeit.de\/zeit-der-leser\/\"},{\"@type\":\"ListItem\",\"position\":2,\"name\":\"Zeitsprung\"}]},{\"@type\":\"WebSite\",\"@id\":\"https:\/\/blog.zeit.de\/zeit-der-leser\/#website\",\"url\":\"https:\/\/blog.zeit.de\/zeit-der-leser\/\",\"name\":\"ZEIT der Leser\",\"description\":\"Ein Blog mit Ihren Notizen, Gedichten und Bildern f\u00fcr die gedruckte ZEIT\",\"potentialAction\":[{\"@type\":\"SearchAction\",\"target\":{\"@type\":\"EntryPoint\",\"urlTemplate\":\"https:\/\/blog.zeit.de\/zeit-der-leser\/?s={search_term_string}\"},\"query-input\":\"required name=search_term_string\"}],\"inLanguage\":\"de\"},{\"@type\":\"Person\",\"@id\":\"https:\/\/blog.zeit.de\/zeit-der-leser\/#\/schema\/person\/583b14e5ad6368c23af846ecbde9f20f\",\"name\":\"\\\"Zeit der Leser\\\"-Redaktion\",\"image\":{\"@type\":\"ImageObject\",\"inLanguage\":\"de\",\"@id\":\"https:\/\/blog.zeit.de\/zeit-der-leser\/#\/schema\/person\/image\/\",\"url\":\"https:\/\/secure.gravatar.com\/avatar\/e801a681bd3bbf2345131a815930b48d9f8e0a94de1346b624840dc850f67ad0?s=96&d=mm&r=g\",\"contentUrl\":\"https:\/\/secure.gravatar.com\/avatar\/e801a681bd3bbf2345131a815930b48d9f8e0a94de1346b624840dc850f67ad0?s=96&d=mm&r=g\",\"caption\":\"\\\"Zeit der Leser\\\"-Redaktion\"},\"url\":\"https:\/\/blog.zeit.de\/zeit-der-leser\/author\/zeit-der-leser-redaktion\/\"}]}<\/script>\n<!-- \/ Yoast SEO plugin. -->","yoast_head_json":{"title":"Zeitsprung - ZEIT der Leser","robots":{"index":"index","follow":"follow","max-snippet":"max-snippet:-1","max-image-preview":"max-image-preview:large","max-video-preview":"max-video-preview:-1"},"canonical":"https:\/\/blog.zeit.de\/zeit-der-leser\/2011\/09\/02\/zeitsprung-25\/","og_locale":"de_DE","og_type":"article","og_title":"Zeitsprung - ZEIT der Leser","og_description":"Das wunderbare Gedicht Der Schwimmer (Zeit der Leser, Nr. 34\/11) sprach uns aus dem Herzen: Wir sind vier schwimmbegeisterte Freundinnen (darunter ist auch eine Mutter mit ihrer Tochter) und haben uns in ungez\u00e4hlten Sommern im \u00f6rtlichen Freibad getroffen und nach dem Schwimmen an der kleinen Mauer verabredet, immer umhu\u0308llt von unseren \u00bbUmkleidezelten\u00ab (weil man das [&hellip;]","og_url":"https:\/\/blog.zeit.de\/zeit-der-leser\/2011\/09\/02\/zeitsprung-25\/","og_site_name":"ZEIT der Leser","article_published_time":"2011-09-02T12:00:05+00:00","article_modified_time":"2011-09-01T09:01:35+00:00","og_image":[{"url":"https:\/\/blog.zeit.de\/zeit-der-leser\/files\/2011\/09\/s88-sommer-1997.jpg"}],"author":"\"Zeit der Leser\"-Redaktion","twitter_card":"summary_large_image","twitter_misc":{"Geschrieben von":"\"Zeit der Leser\"-Redaktion","Gesch\u00e4tzte Lesezeit":"1\u00a0Minute"},"schema":{"@context":"https:\/\/schema.org","@graph":[{"@type":"WebPage","@id":"https:\/\/blog.zeit.de\/zeit-der-leser\/2011\/09\/02\/zeitsprung-25\/","url":"https:\/\/blog.zeit.de\/zeit-der-leser\/2011\/09\/02\/zeitsprung-25\/","name":"Zeitsprung - ZEIT der Leser","isPartOf":{"@id":"https:\/\/blog.zeit.de\/zeit-der-leser\/#website"},"datePublished":"2011-09-02T12:00:05+00:00","dateModified":"2011-09-01T09:01:35+00:00","author":{"@id":"https:\/\/blog.zeit.de\/zeit-der-leser\/#\/schema\/person\/583b14e5ad6368c23af846ecbde9f20f"},"breadcrumb":{"@id":"https:\/\/blog.zeit.de\/zeit-der-leser\/2011\/09\/02\/zeitsprung-25\/#breadcrumb"},"inLanguage":"de","potentialAction":[{"@type":"ReadAction","target":["https:\/\/blog.zeit.de\/zeit-der-leser\/2011\/09\/02\/zeitsprung-25\/"]}]},{"@type":"BreadcrumbList","@id":"https:\/\/blog.zeit.de\/zeit-der-leser\/2011\/09\/02\/zeitsprung-25\/#breadcrumb","itemListElement":[{"@type":"ListItem","position":1,"name":"Startseite","item":"https:\/\/blog.zeit.de\/zeit-der-leser\/"},{"@type":"ListItem","position":2,"name":"Zeitsprung"}]},{"@type":"WebSite","@id":"https:\/\/blog.zeit.de\/zeit-der-leser\/#website","url":"https:\/\/blog.zeit.de\/zeit-der-leser\/","name":"ZEIT der Leser","description":"Ein Blog mit Ihren Notizen, Gedichten und Bildern f\u00fcr die gedruckte ZEIT","potentialAction":[{"@type":"SearchAction","target":{"@type":"EntryPoint","urlTemplate":"https:\/\/blog.zeit.de\/zeit-der-leser\/?s={search_term_string}"},"query-input":"required name=search_term_string"}],"inLanguage":"de"},{"@type":"Person","@id":"https:\/\/blog.zeit.de\/zeit-der-leser\/#\/schema\/person\/583b14e5ad6368c23af846ecbde9f20f","name":"\"Zeit der Leser\"-Redaktion","image":{"@type":"ImageObject","inLanguage":"de","@id":"https:\/\/blog.zeit.de\/zeit-der-leser\/#\/schema\/person\/image\/","url":"https:\/\/secure.gravatar.com\/avatar\/e801a681bd3bbf2345131a815930b48d9f8e0a94de1346b624840dc850f67ad0?s=96&d=mm&r=g","contentUrl":"https:\/\/secure.gravatar.com\/avatar\/e801a681bd3bbf2345131a815930b48d9f8e0a94de1346b624840dc850f67ad0?s=96&d=mm&r=g","caption":"\"Zeit der Leser\"-Redaktion"},"url":"https:\/\/blog.zeit.de\/zeit-der-leser\/author\/zeit-der-leser-redaktion\/"}]}},"jetpack_featured_media_url":"","jetpack_sharing_enabled":true,"_links":{"self":[{"href":"https:\/\/blog.zeit.de\/zeit-der-leser\/wp-json\/wp\/v2\/posts\/6874","targetHints":{"allow":["GET"]}}],"collection":[{"href":"https:\/\/blog.zeit.de\/zeit-der-leser\/wp-json\/wp\/v2\/posts"}],"about":[{"href":"https:\/\/blog.zeit.de\/zeit-der-leser\/wp-json\/wp\/v2\/types\/post"}],"author":[{"embeddable":true,"href":"https:\/\/blog.zeit.de\/zeit-der-leser\/wp-json\/wp\/v2\/users\/265"}],"replies":[{"embeddable":true,"href":"https:\/\/blog.zeit.de\/zeit-der-leser\/wp-json\/wp\/v2\/comments?post=6874"}],"version-history":[{"count":3,"href":"https:\/\/blog.zeit.de\/zeit-der-leser\/wp-json\/wp\/v2\/posts\/6874\/revisions"}],"predecessor-version":[{"id":6880,"href":"https:\/\/blog.zeit.de\/zeit-der-leser\/wp-json\/wp\/v2\/posts\/6874\/revisions\/6880"}],"wp:attachment":[{"href":"https:\/\/blog.zeit.de\/zeit-der-leser\/wp-json\/wp\/v2\/media?parent=6874"}],"wp:term":[{"taxonomy":"category","embeddable":true,"href":"https:\/\/blog.zeit.de\/zeit-der-leser\/wp-json\/wp\/v2\/categories?post=6874"},{"taxonomy":"post_tag","embeddable":true,"href":"https:\/\/blog.zeit.de\/zeit-der-leser\/wp-json\/wp\/v2\/tags?post=6874"}],"curies":[{"name":"wp","href":"https:\/\/api.w.org\/{rel}","templated":true}]}}