{"id":688,"date":"2010-04-20T09:38:54","date_gmt":"2010-04-20T07:38:54","guid":{"rendered":"http:\/\/blog.zeit.de\/zeit-der-leser\/?p=688"},"modified":"2010-04-20T09:38:54","modified_gmt":"2010-04-20T07:38:54","slug":"lachend-durch-die-aschewolke","status":"publish","type":"post","link":"https:\/\/blog.zeit.de\/zeit-der-leser\/2010\/04\/20\/lachend-durch-die-aschewolke\/","title":{"rendered":"Lachend durch die Aschewolke"},"content":{"rendered":"<p><figure id=\"attachment_708\" aria-describedby=\"caption-attachment-708\" style=\"width: 540px\" class=\"wp-caption alignleft\"><a href=\"https:\/\/blog.zeit.de\/zeit-der-leser\/files\/2010\/04\/73571725.jpg\"><img loading=\"lazy\" decoding=\"async\" src=\"https:\/\/blog.zeit.de\/zeit-der-leser\/files\/2010\/04\/73571725.jpg\" alt=\"\" title=\"ICE statt Flugzeug\" width=\"540\" height=\"342\" class=\"size-full wp-image-708\" srcset=\"https:\/\/blog.zeit.de\/zeit-der-leser\/files\/2010\/04\/73571725.jpg 540w, https:\/\/blog.zeit.de\/zeit-der-leser\/files\/2010\/04\/73571725-300x190.jpg 300w\" sizes=\"auto, (max-width: 540px) 100vw, 540px\" \/><\/a><figcaption id=\"caption-attachment-708\" class=\"wp-caption-text\">Er hat viel zu tun, die Fahrg\u00e4ste nehmen den Trubel gelassen. \u00a9 Andreas Rentz\/Getty Images<\/figcaption><\/figure><\/p>\n<p>Zugreise von Genf nach Berlin, in den Zeiten der Aschewolke. Da meine gru\u0308ne Tochter mich gut erzogen hat, wollte ich von vornherein mit der Bahn fahren. Und ich bekam den Lohn der Tugend. Ausgeschlafen auf meinem guten Gewissen machte ich mich auf den Weg, und bis Basel war die Welt auch noch in Ordnung. Ja, und dann stu\u0308rmten die Massen den Zug, all die b\u00f6sen Flieger, die nun Bahn fahren mussten: Gesch\u00e4ftsleute auf Heimaturlaub, Leute, die ihr Kreuzfahrtschiff erreichen wollten. <\/p>\n<p>Nur in Indien hatte ich \u00c4hnliches gesehen. Nur, dass sich hier niemand au\u00dfen dran hing, was beim ICE ja auch schlecht geht. Binnen Sekunden war jeder Sitzplatz besetzt, 1. Klasse hin oder her. In den G\u00e4ngen standen die<br \/>\nMenschen nicht, nein: Wildfremde Leute sa\u00dfen einer auf dem Scho\u00df des anderen. Dann brach wegen \u00dcberbeanspruchung die Funktion aller Toiletten im n\u00e4chsten Waggon zusammen. Passagiere k\u00e4mpften sich mit zusammengekniffenen Beinen durch den Tumult zu den letzten funktionierenden Klos. <\/p>\n<p>Und dann passierte etwas sehr Sch\u00f6nes: Die Mehrheit der Passagiere beschloss, das alles erstens als Party zu nehmen und zweitens einander zu helfen. Da wurde ein in der Zugtu\u0308r eingeklemmter Teddy gerettet, ein weinendes Kind u\u0308ber alle Schultern hinweg seiner Mutter zugefu\u0308hrt, eine alte Dame zur Toilette geleitet. Es brach eine wunderbare Anarchie aus, einer u\u0308berbot den anderen mit absurden Geschichten. Wann fuhr jemals ein lachender ICE durch die deutschen Lande?<\/p>\n<p><em>Ingrid Lewis, Berlin<\/em><\/p>\n","protected":false},"excerpt":{"rendered":"<p>Zugreise von Genf nach Berlin, in den Zeiten der Aschewolke. Da meine gru\u0308ne Tochter mich gut erzogen hat, wollte ich von vornherein mit der Bahn fahren. Und ich bekam den Lohn der Tugend. Ausgeschlafen auf meinem guten Gewissen machte ich mich auf den Weg, und bis Basel war die Welt auch noch in Ordnung. Ja, [&hellip;]<\/p>\n","protected":false},"author":264,"featured_media":0,"comment_status":"open","ping_status":"open","sticky":false,"template":"","format":"standard","meta":{"_jetpack_memberships_contains_paid_content":false,"footnotes":""},"categories":[1871],"tags":[],"class_list":["post-688","post","type-post","status-publish","format-standard","hentry","category-was-mein-leben-reicher-macht"],"yoast_head":"<!-- This site is optimized with the Yoast SEO plugin v21.0 - https:\/\/yoast.com\/wordpress\/plugins\/seo\/ -->\n<title>Lachend durch die Aschewolke - ZEIT der Leser<\/title>\n<meta name=\"robots\" content=\"index, follow, max-snippet:-1, max-image-preview:large, max-video-preview:-1\" \/>\n<link rel=\"canonical\" href=\"https:\/\/blog.zeit.de\/zeit-der-leser\/2010\/04\/20\/lachend-durch-die-aschewolke\/\" \/>\n<meta property=\"og:locale\" content=\"de_DE\" \/>\n<meta property=\"og:type\" content=\"article\" \/>\n<meta property=\"og:title\" content=\"Lachend durch die Aschewolke - ZEIT der Leser\" \/>\n<meta property=\"og:description\" content=\"Zugreise von Genf nach Berlin, in den Zeiten der Aschewolke. Da meine gru\u0308ne Tochter mich gut erzogen hat, wollte ich von vornherein mit der Bahn fahren. Und ich bekam den Lohn der Tugend. Ausgeschlafen auf meinem guten Gewissen machte ich mich auf den Weg, und bis Basel war die Welt auch noch in Ordnung. Ja, [&hellip;]\" \/>\n<meta property=\"og:url\" content=\"https:\/\/blog.zeit.de\/zeit-der-leser\/2010\/04\/20\/lachend-durch-die-aschewolke\/\" \/>\n<meta property=\"og:site_name\" content=\"ZEIT der Leser\" \/>\n<meta property=\"article:published_time\" content=\"2010-04-20T07:38:54+00:00\" \/>\n<meta property=\"og:image\" content=\"https:\/\/blog.zeit.de\/zeit-der-leser\/files\/2010\/04\/73571725.jpg\" \/>\n<meta name=\"author\" content=\"Zeit der Leser\" \/>\n<meta name=\"twitter:card\" content=\"summary_large_image\" \/>\n<meta name=\"twitter:label1\" content=\"Geschrieben von\" \/>\n\t<meta name=\"twitter:data1\" content=\"Zeit der Leser\" \/>\n\t<meta name=\"twitter:label2\" content=\"Gesch\u00e4tzte Lesezeit\" \/>\n\t<meta name=\"twitter:data2\" content=\"1\u00a0Minute\" \/>\n<script type=\"application\/ld+json\" class=\"yoast-schema-graph\">{\"@context\":\"https:\/\/schema.org\",\"@graph\":[{\"@type\":\"WebPage\",\"@id\":\"https:\/\/blog.zeit.de\/zeit-der-leser\/2010\/04\/20\/lachend-durch-die-aschewolke\/\",\"url\":\"https:\/\/blog.zeit.de\/zeit-der-leser\/2010\/04\/20\/lachend-durch-die-aschewolke\/\",\"name\":\"Lachend durch die Aschewolke - ZEIT der Leser\",\"isPartOf\":{\"@id\":\"https:\/\/blog.zeit.de\/zeit-der-leser\/#website\"},\"datePublished\":\"2010-04-20T07:38:54+00:00\",\"dateModified\":\"2010-04-20T07:38:54+00:00\",\"author\":{\"@id\":\"https:\/\/blog.zeit.de\/zeit-der-leser\/#\/schema\/person\/e248c7ff5a10552f6a3bd5e9385b3667\"},\"breadcrumb\":{\"@id\":\"https:\/\/blog.zeit.de\/zeit-der-leser\/2010\/04\/20\/lachend-durch-die-aschewolke\/#breadcrumb\"},\"inLanguage\":\"de\",\"potentialAction\":[{\"@type\":\"ReadAction\",\"target\":[\"https:\/\/blog.zeit.de\/zeit-der-leser\/2010\/04\/20\/lachend-durch-die-aschewolke\/\"]}]},{\"@type\":\"BreadcrumbList\",\"@id\":\"https:\/\/blog.zeit.de\/zeit-der-leser\/2010\/04\/20\/lachend-durch-die-aschewolke\/#breadcrumb\",\"itemListElement\":[{\"@type\":\"ListItem\",\"position\":1,\"name\":\"Startseite\",\"item\":\"https:\/\/blog.zeit.de\/zeit-der-leser\/\"},{\"@type\":\"ListItem\",\"position\":2,\"name\":\"Lachend durch die Aschewolke\"}]},{\"@type\":\"WebSite\",\"@id\":\"https:\/\/blog.zeit.de\/zeit-der-leser\/#website\",\"url\":\"https:\/\/blog.zeit.de\/zeit-der-leser\/\",\"name\":\"ZEIT der Leser\",\"description\":\"Ein Blog mit Ihren Notizen, Gedichten und Bildern f\u00fcr die gedruckte ZEIT\",\"potentialAction\":[{\"@type\":\"SearchAction\",\"target\":{\"@type\":\"EntryPoint\",\"urlTemplate\":\"https:\/\/blog.zeit.de\/zeit-der-leser\/?s={search_term_string}\"},\"query-input\":\"required name=search_term_string\"}],\"inLanguage\":\"de\"},{\"@type\":\"Person\",\"@id\":\"https:\/\/blog.zeit.de\/zeit-der-leser\/#\/schema\/person\/e248c7ff5a10552f6a3bd5e9385b3667\",\"name\":\"Zeit der Leser\",\"image\":{\"@type\":\"ImageObject\",\"inLanguage\":\"de\",\"@id\":\"https:\/\/blog.zeit.de\/zeit-der-leser\/#\/schema\/person\/image\/\",\"url\":\"https:\/\/secure.gravatar.com\/avatar\/529bb2731085995bda6c8ba0e4da7e528ea8be4e6c7abdd217f176e2309035f6?s=96&d=mm&r=g\",\"contentUrl\":\"https:\/\/secure.gravatar.com\/avatar\/529bb2731085995bda6c8ba0e4da7e528ea8be4e6c7abdd217f176e2309035f6?s=96&d=mm&r=g\",\"caption\":\"Zeit der Leser\"},\"url\":\"https:\/\/blog.zeit.de\/zeit-der-leser\/author\/zeit-der-leser\/\"}]}<\/script>\n<!-- \/ Yoast SEO plugin. -->","yoast_head_json":{"title":"Lachend durch die Aschewolke - ZEIT der Leser","robots":{"index":"index","follow":"follow","max-snippet":"max-snippet:-1","max-image-preview":"max-image-preview:large","max-video-preview":"max-video-preview:-1"},"canonical":"https:\/\/blog.zeit.de\/zeit-der-leser\/2010\/04\/20\/lachend-durch-die-aschewolke\/","og_locale":"de_DE","og_type":"article","og_title":"Lachend durch die Aschewolke - ZEIT der Leser","og_description":"Zugreise von Genf nach Berlin, in den Zeiten der Aschewolke. Da meine gru\u0308ne Tochter mich gut erzogen hat, wollte ich von vornherein mit der Bahn fahren. Und ich bekam den Lohn der Tugend. Ausgeschlafen auf meinem guten Gewissen machte ich mich auf den Weg, und bis Basel war die Welt auch noch in Ordnung. Ja, [&hellip;]","og_url":"https:\/\/blog.zeit.de\/zeit-der-leser\/2010\/04\/20\/lachend-durch-die-aschewolke\/","og_site_name":"ZEIT der Leser","article_published_time":"2010-04-20T07:38:54+00:00","og_image":[{"url":"https:\/\/blog.zeit.de\/zeit-der-leser\/files\/2010\/04\/73571725.jpg"}],"author":"Zeit der Leser","twitter_card":"summary_large_image","twitter_misc":{"Geschrieben von":"Zeit der Leser","Gesch\u00e4tzte Lesezeit":"1\u00a0Minute"},"schema":{"@context":"https:\/\/schema.org","@graph":[{"@type":"WebPage","@id":"https:\/\/blog.zeit.de\/zeit-der-leser\/2010\/04\/20\/lachend-durch-die-aschewolke\/","url":"https:\/\/blog.zeit.de\/zeit-der-leser\/2010\/04\/20\/lachend-durch-die-aschewolke\/","name":"Lachend durch die Aschewolke - ZEIT der Leser","isPartOf":{"@id":"https:\/\/blog.zeit.de\/zeit-der-leser\/#website"},"datePublished":"2010-04-20T07:38:54+00:00","dateModified":"2010-04-20T07:38:54+00:00","author":{"@id":"https:\/\/blog.zeit.de\/zeit-der-leser\/#\/schema\/person\/e248c7ff5a10552f6a3bd5e9385b3667"},"breadcrumb":{"@id":"https:\/\/blog.zeit.de\/zeit-der-leser\/2010\/04\/20\/lachend-durch-die-aschewolke\/#breadcrumb"},"inLanguage":"de","potentialAction":[{"@type":"ReadAction","target":["https:\/\/blog.zeit.de\/zeit-der-leser\/2010\/04\/20\/lachend-durch-die-aschewolke\/"]}]},{"@type":"BreadcrumbList","@id":"https:\/\/blog.zeit.de\/zeit-der-leser\/2010\/04\/20\/lachend-durch-die-aschewolke\/#breadcrumb","itemListElement":[{"@type":"ListItem","position":1,"name":"Startseite","item":"https:\/\/blog.zeit.de\/zeit-der-leser\/"},{"@type":"ListItem","position":2,"name":"Lachend durch die Aschewolke"}]},{"@type":"WebSite","@id":"https:\/\/blog.zeit.de\/zeit-der-leser\/#website","url":"https:\/\/blog.zeit.de\/zeit-der-leser\/","name":"ZEIT der Leser","description":"Ein Blog mit Ihren Notizen, Gedichten und Bildern f\u00fcr die gedruckte ZEIT","potentialAction":[{"@type":"SearchAction","target":{"@type":"EntryPoint","urlTemplate":"https:\/\/blog.zeit.de\/zeit-der-leser\/?s={search_term_string}"},"query-input":"required name=search_term_string"}],"inLanguage":"de"},{"@type":"Person","@id":"https:\/\/blog.zeit.de\/zeit-der-leser\/#\/schema\/person\/e248c7ff5a10552f6a3bd5e9385b3667","name":"Zeit der Leser","image":{"@type":"ImageObject","inLanguage":"de","@id":"https:\/\/blog.zeit.de\/zeit-der-leser\/#\/schema\/person\/image\/","url":"https:\/\/secure.gravatar.com\/avatar\/529bb2731085995bda6c8ba0e4da7e528ea8be4e6c7abdd217f176e2309035f6?s=96&d=mm&r=g","contentUrl":"https:\/\/secure.gravatar.com\/avatar\/529bb2731085995bda6c8ba0e4da7e528ea8be4e6c7abdd217f176e2309035f6?s=96&d=mm&r=g","caption":"Zeit der Leser"},"url":"https:\/\/blog.zeit.de\/zeit-der-leser\/author\/zeit-der-leser\/"}]}},"jetpack_featured_media_url":"","jetpack_sharing_enabled":true,"_links":{"self":[{"href":"https:\/\/blog.zeit.de\/zeit-der-leser\/wp-json\/wp\/v2\/posts\/688","targetHints":{"allow":["GET"]}}],"collection":[{"href":"https:\/\/blog.zeit.de\/zeit-der-leser\/wp-json\/wp\/v2\/posts"}],"about":[{"href":"https:\/\/blog.zeit.de\/zeit-der-leser\/wp-json\/wp\/v2\/types\/post"}],"author":[{"embeddable":true,"href":"https:\/\/blog.zeit.de\/zeit-der-leser\/wp-json\/wp\/v2\/users\/264"}],"replies":[{"embeddable":true,"href":"https:\/\/blog.zeit.de\/zeit-der-leser\/wp-json\/wp\/v2\/comments?post=688"}],"version-history":[{"count":0,"href":"https:\/\/blog.zeit.de\/zeit-der-leser\/wp-json\/wp\/v2\/posts\/688\/revisions"}],"wp:attachment":[{"href":"https:\/\/blog.zeit.de\/zeit-der-leser\/wp-json\/wp\/v2\/media?parent=688"}],"wp:term":[{"taxonomy":"category","embeddable":true,"href":"https:\/\/blog.zeit.de\/zeit-der-leser\/wp-json\/wp\/v2\/categories?post=688"},{"taxonomy":"post_tag","embeddable":true,"href":"https:\/\/blog.zeit.de\/zeit-der-leser\/wp-json\/wp\/v2\/tags?post=688"}],"curies":[{"name":"wp","href":"https:\/\/api.w.org\/{rel}","templated":true}]}}