{"id":6921,"date":"2011-09-08T09:00:33","date_gmt":"2011-09-08T07:00:33","guid":{"rendered":"http:\/\/blog.zeit.de\/zeit-der-leser\/?p=6921"},"modified":"2011-09-07T14:57:37","modified_gmt":"2011-09-07T12:57:37","slug":"zeitsprung-26","status":"publish","type":"post","link":"https:\/\/blog.zeit.de\/zeit-der-leser\/2011\/09\/08\/zeitsprung-26\/","title":{"rendered":"Zeitsprung"},"content":{"rendered":"<p><a href=\"https:\/\/blog.zeit.de\/zeit-der-leser\/files\/2011\/09\/s100-zeitsprung-1978.jpg\"><img loading=\"lazy\" decoding=\"async\" src=\"https:\/\/blog.zeit.de\/zeit-der-leser\/files\/2011\/09\/s100-zeitsprung-1978.jpg\" alt=\"\" title=\"s100-zeitsprung-1978\" width=\"540\" height=\"358\" class=\"alignleft size-full wp-image-6923\" srcset=\"https:\/\/blog.zeit.de\/zeit-der-leser\/files\/2011\/09\/s100-zeitsprung-1978.jpg 540w, https:\/\/blog.zeit.de\/zeit-der-leser\/files\/2011\/09\/s100-zeitsprung-1978-300x198.jpg 300w\" sizes=\"auto, (max-width: 540px) 100vw, 540px\" \/><\/a><\/p>\n<p><a href=\"https:\/\/blog.zeit.de\/zeit-der-leser\/files\/2011\/09\/s100-zeitsprung-2011.jpg\"><img loading=\"lazy\" decoding=\"async\" src=\"https:\/\/blog.zeit.de\/zeit-der-leser\/files\/2011\/09\/s100-zeitsprung-2011.jpg\" alt=\"\" title=\"s100-zeitsprung-2011\" width=\"540\" height=\"358\" class=\"alignleft size-full wp-image-6924\" srcset=\"https:\/\/blog.zeit.de\/zeit-der-leser\/files\/2011\/09\/s100-zeitsprung-2011.jpg 540w, https:\/\/blog.zeit.de\/zeit-der-leser\/files\/2011\/09\/s100-zeitsprung-2011-300x198.jpg 300w\" sizes=\"auto, (max-width: 540px) 100vw, 540px\" \/><\/a><\/p>\n<p>Das Schloss Waldenbuch zwischen Stuttgart und T\u00fcbingen war einst das Jagdschloss der w\u00fcrttembergischen Herz\u00f6ge, im 19. Jahrhundert wurde es Milit\u00e4rhospital, Gef\u00e4ngnis und noch sp\u00e4ter Schule. Nach dem zweiten Weltkrieg wohnten hier Fl\u00fcchtlinge und Heimatvertriebene. Das Schwarzwei\u00dffoto zeigt den Zustand der D\u00fcrnitz im Jahr 1978. Elf Jahre sp\u00e4ter zog das Museum der Alltagskultur ins Schloss Waldenbuch, und heute befindet sich hier die vor Kurzem er\u00f6ffnete Dauerausstellung <em>ZeitSpr\u00fcnge<\/em>. \u00c4hnlich wie in den Zeitspr\u00fcngen der <em>ZEIT<\/em>-Leser werden (alte) Objekte aus der Sammlung des Museums Dingen und Ph\u00e4nomenen von heute gegen\u00fcbergestellt. In den verbl\u00fcffenden Installationen wird deutlich, wie viel der heutige Alltag mit dem Alltag von &#8222;damals&#8220; zu tun hat, so etwa die Viagra-Pille mit dem &#8222;R\u00f6hrenden Hirsch&#8220; aus dem Schlafzimmer der Gro\u00dfeltern oder die teure Designerjeans in <em>used<\/em>-Optik mit dem mehrfach geflickten Betttuch aus der Zeit um 1900. Hier erlebt man im Raum und in den Objekten einen mehrdimensionalen Zeitsprung!<\/p>\n<p><strong>Michael Lesky<\/strong>, Bietigheim-Bissingen<\/p>\n","protected":false},"excerpt":{"rendered":"<p>Das Schloss Waldenbuch zwischen Stuttgart und T\u00fcbingen war einst das Jagdschloss der w\u00fcrttembergischen Herz\u00f6ge, im 19. Jahrhundert wurde es Milit\u00e4rhospital, Gef\u00e4ngnis und noch sp\u00e4ter Schule. Nach dem zweiten Weltkrieg wohnten hier Fl\u00fcchtlinge und Heimatvertriebene. Das Schwarzwei\u00dffoto zeigt den Zustand der D\u00fcrnitz im Jahr 1978. Elf Jahre sp\u00e4ter zog das Museum der Alltagskultur ins Schloss Waldenbuch, [&hellip;]<\/p>\n","protected":false},"author":265,"featured_media":0,"comment_status":"open","ping_status":"open","sticky":false,"template":"","format":"standard","meta":{"_jetpack_memberships_contains_paid_content":false,"footnotes":""},"categories":[1878],"tags":[],"class_list":["post-6921","post","type-post","status-publish","format-standard","hentry","category-zeitsprung"],"yoast_head":"<!-- This site is optimized with the Yoast SEO plugin v21.0 - https:\/\/yoast.com\/wordpress\/plugins\/seo\/ -->\n<title>Zeitsprung - ZEIT der Leser<\/title>\n<meta name=\"robots\" content=\"index, follow, max-snippet:-1, max-image-preview:large, max-video-preview:-1\" \/>\n<link rel=\"canonical\" href=\"https:\/\/blog.zeit.de\/zeit-der-leser\/2011\/09\/08\/zeitsprung-26\/\" \/>\n<meta property=\"og:locale\" content=\"de_DE\" \/>\n<meta property=\"og:type\" content=\"article\" \/>\n<meta property=\"og:title\" content=\"Zeitsprung - ZEIT der Leser\" \/>\n<meta property=\"og:description\" content=\"Das Schloss Waldenbuch zwischen Stuttgart und T\u00fcbingen war einst das Jagdschloss der w\u00fcrttembergischen Herz\u00f6ge, im 19. Jahrhundert wurde es Milit\u00e4rhospital, Gef\u00e4ngnis und noch sp\u00e4ter Schule. Nach dem zweiten Weltkrieg wohnten hier Fl\u00fcchtlinge und Heimatvertriebene. Das Schwarzwei\u00dffoto zeigt den Zustand der D\u00fcrnitz im Jahr 1978. Elf Jahre sp\u00e4ter zog das Museum der Alltagskultur ins Schloss Waldenbuch, [&hellip;]\" \/>\n<meta property=\"og:url\" content=\"https:\/\/blog.zeit.de\/zeit-der-leser\/2011\/09\/08\/zeitsprung-26\/\" \/>\n<meta property=\"og:site_name\" content=\"ZEIT der Leser\" \/>\n<meta property=\"article:published_time\" content=\"2011-09-08T07:00:33+00:00\" \/>\n<meta property=\"article:modified_time\" content=\"2011-09-07T12:57:37+00:00\" \/>\n<meta property=\"og:image\" content=\"https:\/\/blog.zeit.de\/zeit-der-leser\/files\/2011\/09\/s100-zeitsprung-1978.jpg\" \/>\n<meta name=\"author\" content=\"&quot;Zeit der Leser&quot;-Redaktion\" \/>\n<meta name=\"twitter:card\" content=\"summary_large_image\" \/>\n<meta name=\"twitter:label1\" content=\"Geschrieben von\" \/>\n\t<meta name=\"twitter:data1\" content=\"\"Zeit der Leser\"-Redaktion\" \/>\n\t<meta name=\"twitter:label2\" content=\"Gesch\u00e4tzte Lesezeit\" \/>\n\t<meta name=\"twitter:data2\" content=\"1\u00a0Minute\" \/>\n<script type=\"application\/ld+json\" class=\"yoast-schema-graph\">{\"@context\":\"https:\/\/schema.org\",\"@graph\":[{\"@type\":\"WebPage\",\"@id\":\"https:\/\/blog.zeit.de\/zeit-der-leser\/2011\/09\/08\/zeitsprung-26\/\",\"url\":\"https:\/\/blog.zeit.de\/zeit-der-leser\/2011\/09\/08\/zeitsprung-26\/\",\"name\":\"Zeitsprung - ZEIT der Leser\",\"isPartOf\":{\"@id\":\"https:\/\/blog.zeit.de\/zeit-der-leser\/#website\"},\"datePublished\":\"2011-09-08T07:00:33+00:00\",\"dateModified\":\"2011-09-07T12:57:37+00:00\",\"author\":{\"@id\":\"https:\/\/blog.zeit.de\/zeit-der-leser\/#\/schema\/person\/583b14e5ad6368c23af846ecbde9f20f\"},\"breadcrumb\":{\"@id\":\"https:\/\/blog.zeit.de\/zeit-der-leser\/2011\/09\/08\/zeitsprung-26\/#breadcrumb\"},\"inLanguage\":\"de\",\"potentialAction\":[{\"@type\":\"ReadAction\",\"target\":[\"https:\/\/blog.zeit.de\/zeit-der-leser\/2011\/09\/08\/zeitsprung-26\/\"]}]},{\"@type\":\"BreadcrumbList\",\"@id\":\"https:\/\/blog.zeit.de\/zeit-der-leser\/2011\/09\/08\/zeitsprung-26\/#breadcrumb\",\"itemListElement\":[{\"@type\":\"ListItem\",\"position\":1,\"name\":\"Startseite\",\"item\":\"https:\/\/blog.zeit.de\/zeit-der-leser\/\"},{\"@type\":\"ListItem\",\"position\":2,\"name\":\"Zeitsprung\"}]},{\"@type\":\"WebSite\",\"@id\":\"https:\/\/blog.zeit.de\/zeit-der-leser\/#website\",\"url\":\"https:\/\/blog.zeit.de\/zeit-der-leser\/\",\"name\":\"ZEIT der Leser\",\"description\":\"Ein Blog mit Ihren Notizen, Gedichten und Bildern f\u00fcr die gedruckte ZEIT\",\"potentialAction\":[{\"@type\":\"SearchAction\",\"target\":{\"@type\":\"EntryPoint\",\"urlTemplate\":\"https:\/\/blog.zeit.de\/zeit-der-leser\/?s={search_term_string}\"},\"query-input\":\"required name=search_term_string\"}],\"inLanguage\":\"de\"},{\"@type\":\"Person\",\"@id\":\"https:\/\/blog.zeit.de\/zeit-der-leser\/#\/schema\/person\/583b14e5ad6368c23af846ecbde9f20f\",\"name\":\"\\\"Zeit der Leser\\\"-Redaktion\",\"image\":{\"@type\":\"ImageObject\",\"inLanguage\":\"de\",\"@id\":\"https:\/\/blog.zeit.de\/zeit-der-leser\/#\/schema\/person\/image\/\",\"url\":\"https:\/\/secure.gravatar.com\/avatar\/e801a681bd3bbf2345131a815930b48d9f8e0a94de1346b624840dc850f67ad0?s=96&d=mm&r=g\",\"contentUrl\":\"https:\/\/secure.gravatar.com\/avatar\/e801a681bd3bbf2345131a815930b48d9f8e0a94de1346b624840dc850f67ad0?s=96&d=mm&r=g\",\"caption\":\"\\\"Zeit der Leser\\\"-Redaktion\"},\"url\":\"https:\/\/blog.zeit.de\/zeit-der-leser\/author\/zeit-der-leser-redaktion\/\"}]}<\/script>\n<!-- \/ Yoast SEO plugin. -->","yoast_head_json":{"title":"Zeitsprung - ZEIT der Leser","robots":{"index":"index","follow":"follow","max-snippet":"max-snippet:-1","max-image-preview":"max-image-preview:large","max-video-preview":"max-video-preview:-1"},"canonical":"https:\/\/blog.zeit.de\/zeit-der-leser\/2011\/09\/08\/zeitsprung-26\/","og_locale":"de_DE","og_type":"article","og_title":"Zeitsprung - ZEIT der Leser","og_description":"Das Schloss Waldenbuch zwischen Stuttgart und T\u00fcbingen war einst das Jagdschloss der w\u00fcrttembergischen Herz\u00f6ge, im 19. Jahrhundert wurde es Milit\u00e4rhospital, Gef\u00e4ngnis und noch sp\u00e4ter Schule. Nach dem zweiten Weltkrieg wohnten hier Fl\u00fcchtlinge und Heimatvertriebene. Das Schwarzwei\u00dffoto zeigt den Zustand der D\u00fcrnitz im Jahr 1978. Elf Jahre sp\u00e4ter zog das Museum der Alltagskultur ins Schloss Waldenbuch, [&hellip;]","og_url":"https:\/\/blog.zeit.de\/zeit-der-leser\/2011\/09\/08\/zeitsprung-26\/","og_site_name":"ZEIT der Leser","article_published_time":"2011-09-08T07:00:33+00:00","article_modified_time":"2011-09-07T12:57:37+00:00","og_image":[{"url":"https:\/\/blog.zeit.de\/zeit-der-leser\/files\/2011\/09\/s100-zeitsprung-1978.jpg"}],"author":"\"Zeit der Leser\"-Redaktion","twitter_card":"summary_large_image","twitter_misc":{"Geschrieben von":"\"Zeit der Leser\"-Redaktion","Gesch\u00e4tzte Lesezeit":"1\u00a0Minute"},"schema":{"@context":"https:\/\/schema.org","@graph":[{"@type":"WebPage","@id":"https:\/\/blog.zeit.de\/zeit-der-leser\/2011\/09\/08\/zeitsprung-26\/","url":"https:\/\/blog.zeit.de\/zeit-der-leser\/2011\/09\/08\/zeitsprung-26\/","name":"Zeitsprung - ZEIT der Leser","isPartOf":{"@id":"https:\/\/blog.zeit.de\/zeit-der-leser\/#website"},"datePublished":"2011-09-08T07:00:33+00:00","dateModified":"2011-09-07T12:57:37+00:00","author":{"@id":"https:\/\/blog.zeit.de\/zeit-der-leser\/#\/schema\/person\/583b14e5ad6368c23af846ecbde9f20f"},"breadcrumb":{"@id":"https:\/\/blog.zeit.de\/zeit-der-leser\/2011\/09\/08\/zeitsprung-26\/#breadcrumb"},"inLanguage":"de","potentialAction":[{"@type":"ReadAction","target":["https:\/\/blog.zeit.de\/zeit-der-leser\/2011\/09\/08\/zeitsprung-26\/"]}]},{"@type":"BreadcrumbList","@id":"https:\/\/blog.zeit.de\/zeit-der-leser\/2011\/09\/08\/zeitsprung-26\/#breadcrumb","itemListElement":[{"@type":"ListItem","position":1,"name":"Startseite","item":"https:\/\/blog.zeit.de\/zeit-der-leser\/"},{"@type":"ListItem","position":2,"name":"Zeitsprung"}]},{"@type":"WebSite","@id":"https:\/\/blog.zeit.de\/zeit-der-leser\/#website","url":"https:\/\/blog.zeit.de\/zeit-der-leser\/","name":"ZEIT der Leser","description":"Ein Blog mit Ihren Notizen, Gedichten und Bildern f\u00fcr die gedruckte ZEIT","potentialAction":[{"@type":"SearchAction","target":{"@type":"EntryPoint","urlTemplate":"https:\/\/blog.zeit.de\/zeit-der-leser\/?s={search_term_string}"},"query-input":"required name=search_term_string"}],"inLanguage":"de"},{"@type":"Person","@id":"https:\/\/blog.zeit.de\/zeit-der-leser\/#\/schema\/person\/583b14e5ad6368c23af846ecbde9f20f","name":"\"Zeit der Leser\"-Redaktion","image":{"@type":"ImageObject","inLanguage":"de","@id":"https:\/\/blog.zeit.de\/zeit-der-leser\/#\/schema\/person\/image\/","url":"https:\/\/secure.gravatar.com\/avatar\/e801a681bd3bbf2345131a815930b48d9f8e0a94de1346b624840dc850f67ad0?s=96&d=mm&r=g","contentUrl":"https:\/\/secure.gravatar.com\/avatar\/e801a681bd3bbf2345131a815930b48d9f8e0a94de1346b624840dc850f67ad0?s=96&d=mm&r=g","caption":"\"Zeit der Leser\"-Redaktion"},"url":"https:\/\/blog.zeit.de\/zeit-der-leser\/author\/zeit-der-leser-redaktion\/"}]}},"jetpack_featured_media_url":"","jetpack_sharing_enabled":true,"_links":{"self":[{"href":"https:\/\/blog.zeit.de\/zeit-der-leser\/wp-json\/wp\/v2\/posts\/6921","targetHints":{"allow":["GET"]}}],"collection":[{"href":"https:\/\/blog.zeit.de\/zeit-der-leser\/wp-json\/wp\/v2\/posts"}],"about":[{"href":"https:\/\/blog.zeit.de\/zeit-der-leser\/wp-json\/wp\/v2\/types\/post"}],"author":[{"embeddable":true,"href":"https:\/\/blog.zeit.de\/zeit-der-leser\/wp-json\/wp\/v2\/users\/265"}],"replies":[{"embeddable":true,"href":"https:\/\/blog.zeit.de\/zeit-der-leser\/wp-json\/wp\/v2\/comments?post=6921"}],"version-history":[{"count":5,"href":"https:\/\/blog.zeit.de\/zeit-der-leser\/wp-json\/wp\/v2\/posts\/6921\/revisions"}],"predecessor-version":[{"id":6929,"href":"https:\/\/blog.zeit.de\/zeit-der-leser\/wp-json\/wp\/v2\/posts\/6921\/revisions\/6929"}],"wp:attachment":[{"href":"https:\/\/blog.zeit.de\/zeit-der-leser\/wp-json\/wp\/v2\/media?parent=6921"}],"wp:term":[{"taxonomy":"category","embeddable":true,"href":"https:\/\/blog.zeit.de\/zeit-der-leser\/wp-json\/wp\/v2\/categories?post=6921"},{"taxonomy":"post_tag","embeddable":true,"href":"https:\/\/blog.zeit.de\/zeit-der-leser\/wp-json\/wp\/v2\/tags?post=6921"}],"curies":[{"name":"wp","href":"https:\/\/api.w.org\/{rel}","templated":true}]}}