{"id":6947,"date":"2011-09-13T09:00:09","date_gmt":"2011-09-13T07:00:09","guid":{"rendered":"http:\/\/blog.zeit.de\/zeit-der-leser\/?p=6947"},"modified":"2011-09-07T15:13:01","modified_gmt":"2011-09-07T13:13:01","slug":"zwei-historiker-bitten-um-hilfe","status":"publish","type":"post","link":"https:\/\/blog.zeit.de\/zeit-der-leser\/2011\/09\/13\/zwei-historiker-bitten-um-hilfe\/","title":{"rendered":"Zwei Historiker bitten um Hilfe"},"content":{"rendered":"<p>Wir, ein irischer Historiker und seine deutschsprachige Mitarbeiterin, m\u00f6chten eine Studie \u00fcber das Schicksal von deutschen und o\u00f6sterreichischen Piloten, Crewmitgliedern und Meteorologen erstellen, die zwischen 1940 und 1945 mit ihren Flugzeugen auf der Gr\u00fcnen Insel oder \u00fcber dem Atlantik abgest\u00fcrzt sind.<\/p>\n<p>Die \u00dcberlebenden wurden in das Internierungslager Curragh nahe der Ostk\u00fcste Irlands gebracht, die Toten auf dem Deutschen Soldatenfriedhof in Glencree bestattet. Die Studie wird die Erste ihrer Art sein, da sie sich nicht nur mit Berichten aus Archiven und B\u00fcchern zufriedengibt, sondern auch die menschliche Seite dieser M\u00e4nner aufzeigen m\u00f6chte.<\/p>\n<p>So war das Verh\u00e4ltnis der Bev\u00f6lkerung zu den Internierten so freundschaftlich, ja herzlich, dass sich einige entschlossen, &#8222;irischer als die Iren&#8220; zu werden, indem sie sich eine Irin zur Frau nahmen und einfach auf der Insel blieben. Obwohl wir erfreulicher- und dankenswerterweise von vielen Nachkommen und Bekannten der Betroffenen bereits einzigartiges Bildmaterial und hochinteressante Schriftst\u00fccke erhalten haben, fehlen uns noch Informationen u\u0308ber bestimmte Crewmitglieder.<\/p>\n<p>Wir bitten nun alle jene, die uns mit Informationen \u00fcber diese Crewmitglieder helfen ko\u0308nnten, Kontakt mit uns aufzunehmen. S\u00e4mtliche Unterlagen werden nicht weiterverwendet und absolut vertraulich behandelt.<\/p>\n<p><strong>Justin Horgan und Eva Maurer<\/strong>, Ardfert, Irland <\/p>\n<p><em>(Die beiden Historiker sind zu erreichen unter evamaurer47@yahoo.com, jhorgan@ardsoft.ie oder Tel. 00353-87\/912 48 03)<\/em><\/p>\n","protected":false},"excerpt":{"rendered":"<p>Wir, ein irischer Historiker und seine deutschsprachige Mitarbeiterin, m\u00f6chten eine Studie \u00fcber das Schicksal von deutschen und o\u00f6sterreichischen Piloten, Crewmitgliedern und Meteorologen erstellen, die zwischen 1940 und 1945 mit ihren Flugzeugen auf der Gr\u00fcnen Insel oder \u00fcber dem Atlantik abgest\u00fcrzt sind. Die \u00dcberlebenden wurden in das Internierungslager Curragh nahe der Ostk\u00fcste Irlands gebracht, die Toten [&hellip;]<\/p>\n","protected":false},"author":265,"featured_media":0,"comment_status":"open","ping_status":"open","sticky":false,"template":"","format":"standard","meta":{"_jetpack_memberships_contains_paid_content":false,"footnotes":""},"categories":[1],"tags":[],"class_list":["post-6947","post","type-post","status-publish","format-standard","hentry","category-allgemein"],"yoast_head":"<!-- This site is optimized with the Yoast SEO plugin v21.0 - https:\/\/yoast.com\/wordpress\/plugins\/seo\/ -->\n<title>Zwei Historiker bitten um Hilfe - ZEIT der Leser<\/title>\n<meta name=\"robots\" content=\"index, follow, max-snippet:-1, max-image-preview:large, max-video-preview:-1\" \/>\n<link rel=\"canonical\" href=\"https:\/\/blog.zeit.de\/zeit-der-leser\/2011\/09\/13\/zwei-historiker-bitten-um-hilfe\/\" \/>\n<meta property=\"og:locale\" content=\"de_DE\" \/>\n<meta property=\"og:type\" content=\"article\" \/>\n<meta property=\"og:title\" content=\"Zwei Historiker bitten um Hilfe - ZEIT der Leser\" \/>\n<meta property=\"og:description\" content=\"Wir, ein irischer Historiker und seine deutschsprachige Mitarbeiterin, m\u00f6chten eine Studie \u00fcber das Schicksal von deutschen und o\u00f6sterreichischen Piloten, Crewmitgliedern und Meteorologen erstellen, die zwischen 1940 und 1945 mit ihren Flugzeugen auf der Gr\u00fcnen Insel oder \u00fcber dem Atlantik abgest\u00fcrzt sind. Die \u00dcberlebenden wurden in das Internierungslager Curragh nahe der Ostk\u00fcste Irlands gebracht, die Toten [&hellip;]\" \/>\n<meta property=\"og:url\" content=\"https:\/\/blog.zeit.de\/zeit-der-leser\/2011\/09\/13\/zwei-historiker-bitten-um-hilfe\/\" \/>\n<meta property=\"og:site_name\" content=\"ZEIT der Leser\" \/>\n<meta property=\"article:published_time\" content=\"2011-09-13T07:00:09+00:00\" \/>\n<meta property=\"article:modified_time\" content=\"2011-09-07T13:13:01+00:00\" \/>\n<meta name=\"author\" content=\"&quot;Zeit der Leser&quot;-Redaktion\" \/>\n<meta name=\"twitter:card\" content=\"summary_large_image\" \/>\n<meta name=\"twitter:label1\" content=\"Geschrieben von\" \/>\n\t<meta name=\"twitter:data1\" content=\"\"Zeit der Leser\"-Redaktion\" \/>\n\t<meta name=\"twitter:label2\" content=\"Gesch\u00e4tzte Lesezeit\" \/>\n\t<meta name=\"twitter:data2\" content=\"1\u00a0Minute\" \/>\n<script type=\"application\/ld+json\" class=\"yoast-schema-graph\">{\"@context\":\"https:\/\/schema.org\",\"@graph\":[{\"@type\":\"WebPage\",\"@id\":\"https:\/\/blog.zeit.de\/zeit-der-leser\/2011\/09\/13\/zwei-historiker-bitten-um-hilfe\/\",\"url\":\"https:\/\/blog.zeit.de\/zeit-der-leser\/2011\/09\/13\/zwei-historiker-bitten-um-hilfe\/\",\"name\":\"Zwei Historiker bitten um Hilfe - ZEIT der Leser\",\"isPartOf\":{\"@id\":\"https:\/\/blog.zeit.de\/zeit-der-leser\/#website\"},\"datePublished\":\"2011-09-13T07:00:09+00:00\",\"dateModified\":\"2011-09-07T13:13:01+00:00\",\"author\":{\"@id\":\"https:\/\/blog.zeit.de\/zeit-der-leser\/#\/schema\/person\/583b14e5ad6368c23af846ecbde9f20f\"},\"breadcrumb\":{\"@id\":\"https:\/\/blog.zeit.de\/zeit-der-leser\/2011\/09\/13\/zwei-historiker-bitten-um-hilfe\/#breadcrumb\"},\"inLanguage\":\"de\",\"potentialAction\":[{\"@type\":\"ReadAction\",\"target\":[\"https:\/\/blog.zeit.de\/zeit-der-leser\/2011\/09\/13\/zwei-historiker-bitten-um-hilfe\/\"]}]},{\"@type\":\"BreadcrumbList\",\"@id\":\"https:\/\/blog.zeit.de\/zeit-der-leser\/2011\/09\/13\/zwei-historiker-bitten-um-hilfe\/#breadcrumb\",\"itemListElement\":[{\"@type\":\"ListItem\",\"position\":1,\"name\":\"Startseite\",\"item\":\"https:\/\/blog.zeit.de\/zeit-der-leser\/\"},{\"@type\":\"ListItem\",\"position\":2,\"name\":\"Zwei Historiker bitten um Hilfe\"}]},{\"@type\":\"WebSite\",\"@id\":\"https:\/\/blog.zeit.de\/zeit-der-leser\/#website\",\"url\":\"https:\/\/blog.zeit.de\/zeit-der-leser\/\",\"name\":\"ZEIT der Leser\",\"description\":\"Ein Blog mit Ihren Notizen, Gedichten und Bildern f\u00fcr die gedruckte ZEIT\",\"potentialAction\":[{\"@type\":\"SearchAction\",\"target\":{\"@type\":\"EntryPoint\",\"urlTemplate\":\"https:\/\/blog.zeit.de\/zeit-der-leser\/?s={search_term_string}\"},\"query-input\":\"required name=search_term_string\"}],\"inLanguage\":\"de\"},{\"@type\":\"Person\",\"@id\":\"https:\/\/blog.zeit.de\/zeit-der-leser\/#\/schema\/person\/583b14e5ad6368c23af846ecbde9f20f\",\"name\":\"\\\"Zeit der Leser\\\"-Redaktion\",\"image\":{\"@type\":\"ImageObject\",\"inLanguage\":\"de\",\"@id\":\"https:\/\/blog.zeit.de\/zeit-der-leser\/#\/schema\/person\/image\/\",\"url\":\"https:\/\/secure.gravatar.com\/avatar\/e801a681bd3bbf2345131a815930b48d9f8e0a94de1346b624840dc850f67ad0?s=96&d=mm&r=g\",\"contentUrl\":\"https:\/\/secure.gravatar.com\/avatar\/e801a681bd3bbf2345131a815930b48d9f8e0a94de1346b624840dc850f67ad0?s=96&d=mm&r=g\",\"caption\":\"\\\"Zeit der Leser\\\"-Redaktion\"},\"url\":\"https:\/\/blog.zeit.de\/zeit-der-leser\/author\/zeit-der-leser-redaktion\/\"}]}<\/script>\n<!-- \/ Yoast SEO plugin. -->","yoast_head_json":{"title":"Zwei Historiker bitten um Hilfe - ZEIT der Leser","robots":{"index":"index","follow":"follow","max-snippet":"max-snippet:-1","max-image-preview":"max-image-preview:large","max-video-preview":"max-video-preview:-1"},"canonical":"https:\/\/blog.zeit.de\/zeit-der-leser\/2011\/09\/13\/zwei-historiker-bitten-um-hilfe\/","og_locale":"de_DE","og_type":"article","og_title":"Zwei Historiker bitten um Hilfe - ZEIT der Leser","og_description":"Wir, ein irischer Historiker und seine deutschsprachige Mitarbeiterin, m\u00f6chten eine Studie \u00fcber das Schicksal von deutschen und o\u00f6sterreichischen Piloten, Crewmitgliedern und Meteorologen erstellen, die zwischen 1940 und 1945 mit ihren Flugzeugen auf der Gr\u00fcnen Insel oder \u00fcber dem Atlantik abgest\u00fcrzt sind. Die \u00dcberlebenden wurden in das Internierungslager Curragh nahe der Ostk\u00fcste Irlands gebracht, die Toten [&hellip;]","og_url":"https:\/\/blog.zeit.de\/zeit-der-leser\/2011\/09\/13\/zwei-historiker-bitten-um-hilfe\/","og_site_name":"ZEIT der Leser","article_published_time":"2011-09-13T07:00:09+00:00","article_modified_time":"2011-09-07T13:13:01+00:00","author":"\"Zeit der Leser\"-Redaktion","twitter_card":"summary_large_image","twitter_misc":{"Geschrieben von":"\"Zeit der Leser\"-Redaktion","Gesch\u00e4tzte Lesezeit":"1\u00a0Minute"},"schema":{"@context":"https:\/\/schema.org","@graph":[{"@type":"WebPage","@id":"https:\/\/blog.zeit.de\/zeit-der-leser\/2011\/09\/13\/zwei-historiker-bitten-um-hilfe\/","url":"https:\/\/blog.zeit.de\/zeit-der-leser\/2011\/09\/13\/zwei-historiker-bitten-um-hilfe\/","name":"Zwei Historiker bitten um Hilfe - ZEIT der Leser","isPartOf":{"@id":"https:\/\/blog.zeit.de\/zeit-der-leser\/#website"},"datePublished":"2011-09-13T07:00:09+00:00","dateModified":"2011-09-07T13:13:01+00:00","author":{"@id":"https:\/\/blog.zeit.de\/zeit-der-leser\/#\/schema\/person\/583b14e5ad6368c23af846ecbde9f20f"},"breadcrumb":{"@id":"https:\/\/blog.zeit.de\/zeit-der-leser\/2011\/09\/13\/zwei-historiker-bitten-um-hilfe\/#breadcrumb"},"inLanguage":"de","potentialAction":[{"@type":"ReadAction","target":["https:\/\/blog.zeit.de\/zeit-der-leser\/2011\/09\/13\/zwei-historiker-bitten-um-hilfe\/"]}]},{"@type":"BreadcrumbList","@id":"https:\/\/blog.zeit.de\/zeit-der-leser\/2011\/09\/13\/zwei-historiker-bitten-um-hilfe\/#breadcrumb","itemListElement":[{"@type":"ListItem","position":1,"name":"Startseite","item":"https:\/\/blog.zeit.de\/zeit-der-leser\/"},{"@type":"ListItem","position":2,"name":"Zwei Historiker bitten um Hilfe"}]},{"@type":"WebSite","@id":"https:\/\/blog.zeit.de\/zeit-der-leser\/#website","url":"https:\/\/blog.zeit.de\/zeit-der-leser\/","name":"ZEIT der Leser","description":"Ein Blog mit Ihren Notizen, Gedichten und Bildern f\u00fcr die gedruckte ZEIT","potentialAction":[{"@type":"SearchAction","target":{"@type":"EntryPoint","urlTemplate":"https:\/\/blog.zeit.de\/zeit-der-leser\/?s={search_term_string}"},"query-input":"required name=search_term_string"}],"inLanguage":"de"},{"@type":"Person","@id":"https:\/\/blog.zeit.de\/zeit-der-leser\/#\/schema\/person\/583b14e5ad6368c23af846ecbde9f20f","name":"\"Zeit der Leser\"-Redaktion","image":{"@type":"ImageObject","inLanguage":"de","@id":"https:\/\/blog.zeit.de\/zeit-der-leser\/#\/schema\/person\/image\/","url":"https:\/\/secure.gravatar.com\/avatar\/e801a681bd3bbf2345131a815930b48d9f8e0a94de1346b624840dc850f67ad0?s=96&d=mm&r=g","contentUrl":"https:\/\/secure.gravatar.com\/avatar\/e801a681bd3bbf2345131a815930b48d9f8e0a94de1346b624840dc850f67ad0?s=96&d=mm&r=g","caption":"\"Zeit der Leser\"-Redaktion"},"url":"https:\/\/blog.zeit.de\/zeit-der-leser\/author\/zeit-der-leser-redaktion\/"}]}},"jetpack_featured_media_url":"","jetpack_sharing_enabled":true,"_links":{"self":[{"href":"https:\/\/blog.zeit.de\/zeit-der-leser\/wp-json\/wp\/v2\/posts\/6947","targetHints":{"allow":["GET"]}}],"collection":[{"href":"https:\/\/blog.zeit.de\/zeit-der-leser\/wp-json\/wp\/v2\/posts"}],"about":[{"href":"https:\/\/blog.zeit.de\/zeit-der-leser\/wp-json\/wp\/v2\/types\/post"}],"author":[{"embeddable":true,"href":"https:\/\/blog.zeit.de\/zeit-der-leser\/wp-json\/wp\/v2\/users\/265"}],"replies":[{"embeddable":true,"href":"https:\/\/blog.zeit.de\/zeit-der-leser\/wp-json\/wp\/v2\/comments?post=6947"}],"version-history":[{"count":11,"href":"https:\/\/blog.zeit.de\/zeit-der-leser\/wp-json\/wp\/v2\/posts\/6947\/revisions"}],"predecessor-version":[{"id":6958,"href":"https:\/\/blog.zeit.de\/zeit-der-leser\/wp-json\/wp\/v2\/posts\/6947\/revisions\/6958"}],"wp:attachment":[{"href":"https:\/\/blog.zeit.de\/zeit-der-leser\/wp-json\/wp\/v2\/media?parent=6947"}],"wp:term":[{"taxonomy":"category","embeddable":true,"href":"https:\/\/blog.zeit.de\/zeit-der-leser\/wp-json\/wp\/v2\/categories?post=6947"},{"taxonomy":"post_tag","embeddable":true,"href":"https:\/\/blog.zeit.de\/zeit-der-leser\/wp-json\/wp\/v2\/tags?post=6947"}],"curies":[{"name":"wp","href":"https:\/\/api.w.org\/{rel}","templated":true}]}}