{"id":6959,"date":"2011-09-14T09:00:43","date_gmt":"2011-09-14T07:00:43","guid":{"rendered":"http:\/\/blog.zeit.de\/zeit-der-leser\/?p=6959"},"modified":"2015-02-24T17:55:22","modified_gmt":"2015-02-24T16:55:22","slug":"mein-wort-schatz-myriaden","status":"publish","type":"post","link":"https:\/\/blog.zeit.de\/zeit-der-leser\/2011\/09\/14\/mein-wort-schatz-myriaden\/","title":{"rendered":"Myriaden: Mein Wort-Schatz"},"content":{"rendered":"<p><strong>Myriaden<\/strong> von Sternen sahen wir \u00fcber uns, meine kleine Tochter und ich, wenn wir auf unserem Balkon, auf Isomatten liegend und eingeh\u00fcllt in unsere Schlafs\u00e4cke, nach oben schauten in den n\u00e4chtlichen Himmel. Und nat\u00fcrlich kannte Lara, sieben Jahre alt und gerade eingeschult, das Wort nicht: ein aus der griechischen Sprache kommendes Wort, das so viel bedeutet wie &#8222;eine Unmenge&#8220; oder &#8222;Zehntausende&#8220;. Das klangvolle Wort gefiel meiner Tochter, sie benutzte es in der Schule, zur Verbl\u00fcffung der Lehrer und Mitsch\u00fcler, und nat\u00fcrlich w\u00e4hrend unserer Balkonn\u00e4chte, in denen wir st\u00e4ndig neue Sternbilder entdeckten: Rollstuhl oder Fuchs, das Schlangengebirge und das galoppierende Pferd. Und alle wurden von Lara liebevoll auf unserer Sternenkarte verzeichnet. Morgens weckten uns die Sonne oder der Gesang der V\u00f6gel und einmal sogar die Ger\u00e4usche eines Hei\u00dfluftballons, der fast in unserem Garten notgelandet w\u00e4re.<\/p>\n<p>Die Freude an W\u00f6rtern entstand fr\u00fch bei meiner Tochter: Sie liebte es, wenn ich ihr Geschichten und Gedichte vorlas. Astrid Lindgren. Michael Ende. Ringelnatz, K\u00e4stner, Gernhardt. Noch mehr liebte sie es, wenn sie sich selber Fantasiew\u00f6rter ausdachte oder Geschichten, etwa von dem kleinen L\u00f6wen, der nur f\u00fcr uns sichtbar war und nur mit uns sprach.<\/p>\n<p>Heute ist Lara vierzehn, ihr Wortschatz w\u00e4chst t\u00e4glich, sie schreibt, dichtet, macht Musik, schwimmt und reitet. Unsere Lesen\u00e4chte auf dem Balkon sind Vergangenheit, aber sie werden ein Teil unserer Erinnerungen bleiben \u2013 wie die Myriaden von Sternen \u00fcber uns.<\/p>\n<p><strong>Gerd Pickener<\/strong>, Menden<\/p>\n","protected":false},"excerpt":{"rendered":"<p>Myriaden von Sternen sahen wir \u00fcber uns, meine kleine Tochter und ich, wenn wir auf unserem Balkon, auf Isomatten liegend und eingeh\u00fcllt in unsere Schlafs\u00e4cke, nach oben schauten in den n\u00e4chtlichen Himmel. Und nat\u00fcrlich kannte Lara, sieben Jahre alt und gerade eingeschult, das Wort nicht: ein aus der griechischen Sprache kommendes Wort, das so viel [&hellip;]<\/p>\n","protected":false},"author":265,"featured_media":0,"comment_status":"open","ping_status":"open","sticky":false,"template":"","format":"standard","meta":{"_jetpack_memberships_contains_paid_content":false,"footnotes":""},"categories":[5687],"tags":[],"class_list":["post-6959","post","type-post","status-publish","format-standard","hentry","category-mein-wort-schatz"],"yoast_head":"<!-- This site is optimized with the Yoast SEO plugin v21.0 - https:\/\/yoast.com\/wordpress\/plugins\/seo\/ -->\n<title>Myriaden: Mein Wort-Schatz - ZEIT der Leser<\/title>\n<meta name=\"robots\" content=\"index, follow, max-snippet:-1, max-image-preview:large, max-video-preview:-1\" \/>\n<link rel=\"canonical\" href=\"https:\/\/blog.zeit.de\/zeit-der-leser\/2011\/09\/14\/mein-wort-schatz-myriaden\/\" \/>\n<meta property=\"og:locale\" content=\"de_DE\" \/>\n<meta property=\"og:type\" content=\"article\" \/>\n<meta property=\"og:title\" content=\"Myriaden: Mein Wort-Schatz - ZEIT der Leser\" \/>\n<meta property=\"og:description\" content=\"Myriaden von Sternen sahen wir \u00fcber uns, meine kleine Tochter und ich, wenn wir auf unserem Balkon, auf Isomatten liegend und eingeh\u00fcllt in unsere Schlafs\u00e4cke, nach oben schauten in den n\u00e4chtlichen Himmel. Und nat\u00fcrlich kannte Lara, sieben Jahre alt und gerade eingeschult, das Wort nicht: ein aus der griechischen Sprache kommendes Wort, das so viel [&hellip;]\" \/>\n<meta property=\"og:url\" content=\"https:\/\/blog.zeit.de\/zeit-der-leser\/2011\/09\/14\/mein-wort-schatz-myriaden\/\" \/>\n<meta property=\"og:site_name\" content=\"ZEIT der Leser\" \/>\n<meta property=\"article:published_time\" content=\"2011-09-14T07:00:43+00:00\" \/>\n<meta property=\"article:modified_time\" content=\"2015-02-24T16:55:22+00:00\" \/>\n<meta name=\"author\" content=\"&quot;Zeit der Leser&quot;-Redaktion\" \/>\n<meta name=\"twitter:card\" content=\"summary_large_image\" \/>\n<meta name=\"twitter:label1\" content=\"Geschrieben von\" \/>\n\t<meta name=\"twitter:data1\" content=\"\"Zeit der Leser\"-Redaktion\" \/>\n\t<meta name=\"twitter:label2\" content=\"Gesch\u00e4tzte Lesezeit\" \/>\n\t<meta name=\"twitter:data2\" content=\"1\u00a0Minute\" \/>\n<script type=\"application\/ld+json\" class=\"yoast-schema-graph\">{\"@context\":\"https:\/\/schema.org\",\"@graph\":[{\"@type\":\"WebPage\",\"@id\":\"https:\/\/blog.zeit.de\/zeit-der-leser\/2011\/09\/14\/mein-wort-schatz-myriaden\/\",\"url\":\"https:\/\/blog.zeit.de\/zeit-der-leser\/2011\/09\/14\/mein-wort-schatz-myriaden\/\",\"name\":\"Myriaden: Mein Wort-Schatz - ZEIT der Leser\",\"isPartOf\":{\"@id\":\"https:\/\/blog.zeit.de\/zeit-der-leser\/#website\"},\"datePublished\":\"2011-09-14T07:00:43+00:00\",\"dateModified\":\"2015-02-24T16:55:22+00:00\",\"author\":{\"@id\":\"https:\/\/blog.zeit.de\/zeit-der-leser\/#\/schema\/person\/583b14e5ad6368c23af846ecbde9f20f\"},\"breadcrumb\":{\"@id\":\"https:\/\/blog.zeit.de\/zeit-der-leser\/2011\/09\/14\/mein-wort-schatz-myriaden\/#breadcrumb\"},\"inLanguage\":\"de\",\"potentialAction\":[{\"@type\":\"ReadAction\",\"target\":[\"https:\/\/blog.zeit.de\/zeit-der-leser\/2011\/09\/14\/mein-wort-schatz-myriaden\/\"]}]},{\"@type\":\"BreadcrumbList\",\"@id\":\"https:\/\/blog.zeit.de\/zeit-der-leser\/2011\/09\/14\/mein-wort-schatz-myriaden\/#breadcrumb\",\"itemListElement\":[{\"@type\":\"ListItem\",\"position\":1,\"name\":\"Startseite\",\"item\":\"https:\/\/blog.zeit.de\/zeit-der-leser\/\"},{\"@type\":\"ListItem\",\"position\":2,\"name\":\"Myriaden: Mein Wort-Schatz\"}]},{\"@type\":\"WebSite\",\"@id\":\"https:\/\/blog.zeit.de\/zeit-der-leser\/#website\",\"url\":\"https:\/\/blog.zeit.de\/zeit-der-leser\/\",\"name\":\"ZEIT der Leser\",\"description\":\"Ein Blog mit Ihren Notizen, Gedichten und Bildern f\u00fcr die gedruckte ZEIT\",\"potentialAction\":[{\"@type\":\"SearchAction\",\"target\":{\"@type\":\"EntryPoint\",\"urlTemplate\":\"https:\/\/blog.zeit.de\/zeit-der-leser\/?s={search_term_string}\"},\"query-input\":\"required name=search_term_string\"}],\"inLanguage\":\"de\"},{\"@type\":\"Person\",\"@id\":\"https:\/\/blog.zeit.de\/zeit-der-leser\/#\/schema\/person\/583b14e5ad6368c23af846ecbde9f20f\",\"name\":\"\\\"Zeit der Leser\\\"-Redaktion\",\"image\":{\"@type\":\"ImageObject\",\"inLanguage\":\"de\",\"@id\":\"https:\/\/blog.zeit.de\/zeit-der-leser\/#\/schema\/person\/image\/\",\"url\":\"https:\/\/secure.gravatar.com\/avatar\/e801a681bd3bbf2345131a815930b48d9f8e0a94de1346b624840dc850f67ad0?s=96&d=mm&r=g\",\"contentUrl\":\"https:\/\/secure.gravatar.com\/avatar\/e801a681bd3bbf2345131a815930b48d9f8e0a94de1346b624840dc850f67ad0?s=96&d=mm&r=g\",\"caption\":\"\\\"Zeit der Leser\\\"-Redaktion\"},\"url\":\"https:\/\/blog.zeit.de\/zeit-der-leser\/author\/zeit-der-leser-redaktion\/\"}]}<\/script>\n<!-- \/ Yoast SEO plugin. -->","yoast_head_json":{"title":"Myriaden: Mein Wort-Schatz - ZEIT der Leser","robots":{"index":"index","follow":"follow","max-snippet":"max-snippet:-1","max-image-preview":"max-image-preview:large","max-video-preview":"max-video-preview:-1"},"canonical":"https:\/\/blog.zeit.de\/zeit-der-leser\/2011\/09\/14\/mein-wort-schatz-myriaden\/","og_locale":"de_DE","og_type":"article","og_title":"Myriaden: Mein Wort-Schatz - ZEIT der Leser","og_description":"Myriaden von Sternen sahen wir \u00fcber uns, meine kleine Tochter und ich, wenn wir auf unserem Balkon, auf Isomatten liegend und eingeh\u00fcllt in unsere Schlafs\u00e4cke, nach oben schauten in den n\u00e4chtlichen Himmel. Und nat\u00fcrlich kannte Lara, sieben Jahre alt und gerade eingeschult, das Wort nicht: ein aus der griechischen Sprache kommendes Wort, das so viel [&hellip;]","og_url":"https:\/\/blog.zeit.de\/zeit-der-leser\/2011\/09\/14\/mein-wort-schatz-myriaden\/","og_site_name":"ZEIT der Leser","article_published_time":"2011-09-14T07:00:43+00:00","article_modified_time":"2015-02-24T16:55:22+00:00","author":"\"Zeit der Leser\"-Redaktion","twitter_card":"summary_large_image","twitter_misc":{"Geschrieben von":"\"Zeit der Leser\"-Redaktion","Gesch\u00e4tzte Lesezeit":"1\u00a0Minute"},"schema":{"@context":"https:\/\/schema.org","@graph":[{"@type":"WebPage","@id":"https:\/\/blog.zeit.de\/zeit-der-leser\/2011\/09\/14\/mein-wort-schatz-myriaden\/","url":"https:\/\/blog.zeit.de\/zeit-der-leser\/2011\/09\/14\/mein-wort-schatz-myriaden\/","name":"Myriaden: Mein Wort-Schatz - ZEIT der Leser","isPartOf":{"@id":"https:\/\/blog.zeit.de\/zeit-der-leser\/#website"},"datePublished":"2011-09-14T07:00:43+00:00","dateModified":"2015-02-24T16:55:22+00:00","author":{"@id":"https:\/\/blog.zeit.de\/zeit-der-leser\/#\/schema\/person\/583b14e5ad6368c23af846ecbde9f20f"},"breadcrumb":{"@id":"https:\/\/blog.zeit.de\/zeit-der-leser\/2011\/09\/14\/mein-wort-schatz-myriaden\/#breadcrumb"},"inLanguage":"de","potentialAction":[{"@type":"ReadAction","target":["https:\/\/blog.zeit.de\/zeit-der-leser\/2011\/09\/14\/mein-wort-schatz-myriaden\/"]}]},{"@type":"BreadcrumbList","@id":"https:\/\/blog.zeit.de\/zeit-der-leser\/2011\/09\/14\/mein-wort-schatz-myriaden\/#breadcrumb","itemListElement":[{"@type":"ListItem","position":1,"name":"Startseite","item":"https:\/\/blog.zeit.de\/zeit-der-leser\/"},{"@type":"ListItem","position":2,"name":"Myriaden: Mein Wort-Schatz"}]},{"@type":"WebSite","@id":"https:\/\/blog.zeit.de\/zeit-der-leser\/#website","url":"https:\/\/blog.zeit.de\/zeit-der-leser\/","name":"ZEIT der Leser","description":"Ein Blog mit Ihren Notizen, Gedichten und Bildern f\u00fcr die gedruckte ZEIT","potentialAction":[{"@type":"SearchAction","target":{"@type":"EntryPoint","urlTemplate":"https:\/\/blog.zeit.de\/zeit-der-leser\/?s={search_term_string}"},"query-input":"required name=search_term_string"}],"inLanguage":"de"},{"@type":"Person","@id":"https:\/\/blog.zeit.de\/zeit-der-leser\/#\/schema\/person\/583b14e5ad6368c23af846ecbde9f20f","name":"\"Zeit der Leser\"-Redaktion","image":{"@type":"ImageObject","inLanguage":"de","@id":"https:\/\/blog.zeit.de\/zeit-der-leser\/#\/schema\/person\/image\/","url":"https:\/\/secure.gravatar.com\/avatar\/e801a681bd3bbf2345131a815930b48d9f8e0a94de1346b624840dc850f67ad0?s=96&d=mm&r=g","contentUrl":"https:\/\/secure.gravatar.com\/avatar\/e801a681bd3bbf2345131a815930b48d9f8e0a94de1346b624840dc850f67ad0?s=96&d=mm&r=g","caption":"\"Zeit der Leser\"-Redaktion"},"url":"https:\/\/blog.zeit.de\/zeit-der-leser\/author\/zeit-der-leser-redaktion\/"}]}},"jetpack_featured_media_url":"","jetpack_sharing_enabled":true,"_links":{"self":[{"href":"https:\/\/blog.zeit.de\/zeit-der-leser\/wp-json\/wp\/v2\/posts\/6959","targetHints":{"allow":["GET"]}}],"collection":[{"href":"https:\/\/blog.zeit.de\/zeit-der-leser\/wp-json\/wp\/v2\/posts"}],"about":[{"href":"https:\/\/blog.zeit.de\/zeit-der-leser\/wp-json\/wp\/v2\/types\/post"}],"author":[{"embeddable":true,"href":"https:\/\/blog.zeit.de\/zeit-der-leser\/wp-json\/wp\/v2\/users\/265"}],"replies":[{"embeddable":true,"href":"https:\/\/blog.zeit.de\/zeit-der-leser\/wp-json\/wp\/v2\/comments?post=6959"}],"version-history":[{"count":5,"href":"https:\/\/blog.zeit.de\/zeit-der-leser\/wp-json\/wp\/v2\/posts\/6959\/revisions"}],"predecessor-version":[{"id":17274,"href":"https:\/\/blog.zeit.de\/zeit-der-leser\/wp-json\/wp\/v2\/posts\/6959\/revisions\/17274"}],"wp:attachment":[{"href":"https:\/\/blog.zeit.de\/zeit-der-leser\/wp-json\/wp\/v2\/media?parent=6959"}],"wp:term":[{"taxonomy":"category","embeddable":true,"href":"https:\/\/blog.zeit.de\/zeit-der-leser\/wp-json\/wp\/v2\/categories?post=6959"},{"taxonomy":"post_tag","embeddable":true,"href":"https:\/\/blog.zeit.de\/zeit-der-leser\/wp-json\/wp\/v2\/tags?post=6959"}],"curies":[{"name":"wp","href":"https:\/\/api.w.org\/{rel}","templated":true}]}}