{"id":7053,"date":"2011-09-18T18:00:00","date_gmt":"2011-09-18T16:00:00","guid":{"rendered":"http:\/\/blog.zeit.de\/zeit-der-leser\/?p=7053"},"modified":"2011-09-14T18:31:11","modified_gmt":"2011-09-14T16:31:11","slug":"zeitsprung-27","status":"publish","type":"post","link":"https:\/\/blog.zeit.de\/zeit-der-leser\/2011\/09\/18\/zeitsprung-27\/","title":{"rendered":"Zeitsprung"},"content":{"rendered":"<p><a href=\"https:\/\/blog.zeit.de\/zeit-der-leser\/files\/2011\/09\/s110-zeitsprung-1.jpg\"><img loading=\"lazy\" decoding=\"async\" class=\"alignnone size-full wp-image-7054\" title=\"s110-zeitsprung-1\" src=\"https:\/\/blog.zeit.de\/zeit-der-leser\/files\/2011\/09\/s110-zeitsprung-1.jpg\" alt=\"\" width=\"540\" height=\"332\" srcset=\"https:\/\/blog.zeit.de\/zeit-der-leser\/files\/2011\/09\/s110-zeitsprung-1.jpg 540w, https:\/\/blog.zeit.de\/zeit-der-leser\/files\/2011\/09\/s110-zeitsprung-1-300x184.jpg 300w\" sizes=\"auto, (max-width: 540px) 100vw, 540px\" \/><\/a><a href=\"https:\/\/blog.zeit.de\/zeit-der-leser\/files\/2011\/09\/s110-zeitsprung-2.jpg\"><img loading=\"lazy\" decoding=\"async\" class=\"alignnone size-full wp-image-7055\" title=\"s110-zeitsprung-2\" src=\"https:\/\/blog.zeit.de\/zeit-der-leser\/files\/2011\/09\/s110-zeitsprung-2.jpg\" alt=\"\" width=\"540\" height=\"332\" srcset=\"https:\/\/blog.zeit.de\/zeit-der-leser\/files\/2011\/09\/s110-zeitsprung-2.jpg 540w, https:\/\/blog.zeit.de\/zeit-der-leser\/files\/2011\/09\/s110-zeitsprung-2-300x184.jpg 300w\" sizes=\"auto, (max-width: 540px) 100vw, 540px\" \/><\/a><\/p>\n<p>Vor genau 40 Jahren war ich zum ersten Mal mit meiner Freundin Silke verreist. In Zandvoort, Holland, begaben wir uns auf Erkundungstour, und dort, auf der Strandpromenade,\u00a0 habe ich das Schwarz-Wei\u00df-Foto von meiner damals 17-j\u00e4hrigen Freundin gemacht. Das kleine Kind auf ihrem Scho\u00df lief gerade vorbei und wurde fu\u0308r das Bild \u00bbausgeliehen\u00ab. K\u00fcrzlich war ich wieder in Zandvoort, diesmal mit meiner 18-j\u00e4hrigen Tochter. Ich wollte ihr gern alles zeigen, was ich 40 Jahre zuvor mit jungen Augen gesehen hatte. Vieles hat sich inzwischen ver\u00e4ndert. Aber es gab die Skulptur des alten Mannes noch, und ich fotografierte diesmal meine Tochter \u2013 digital und nicht mit der \u00bbAgfa Klick\u00ab meiner Jugendzeit. Zwei fast gleichaltrige M\u00e4dchen, die einen wichtigen Platz in meinem Leben haben, mit langen Haaren neben dem alten Mann, der seit Jahrzehnten auf das Meer blickt. Meine\u00a0 Freundschaft mit Silke besteht noch immer. Durch sie habe ich auch meinen Mann kennengelernt. Fast jeden Tag finde ich eine Mail von ihr in meiner Mailbox. Es ist wunderbar, gemeinsame Erinnerungen zu haben.<\/p>\n<p><em>Magrit Thies, Wentorf bei Hamburg<\/em><\/p>\n","protected":false},"excerpt":{"rendered":"<p>Vor genau 40 Jahren war ich zum ersten Mal mit meiner Freundin Silke verreist. In Zandvoort, Holland, begaben wir uns auf Erkundungstour, und dort, auf der Strandpromenade,\u00a0 habe ich das Schwarz-Wei\u00df-Foto von meiner damals 17-j\u00e4hrigen Freundin gemacht. Das kleine Kind auf ihrem Scho\u00df lief gerade vorbei und wurde fu\u0308r das Bild \u00bbausgeliehen\u00ab. K\u00fcrzlich war ich [&hellip;]<\/p>\n","protected":false},"author":265,"featured_media":0,"comment_status":"open","ping_status":"open","sticky":false,"template":"","format":"standard","meta":{"_jetpack_memberships_contains_paid_content":false,"footnotes":""},"categories":[1878],"tags":[],"class_list":["post-7053","post","type-post","status-publish","format-standard","hentry","category-zeitsprung"],"yoast_head":"<!-- This site is optimized with the Yoast SEO plugin v21.0 - https:\/\/yoast.com\/wordpress\/plugins\/seo\/ -->\n<title>Zeitsprung - ZEIT der Leser<\/title>\n<meta name=\"robots\" content=\"index, follow, max-snippet:-1, max-image-preview:large, max-video-preview:-1\" \/>\n<link rel=\"canonical\" href=\"https:\/\/blog.zeit.de\/zeit-der-leser\/2011\/09\/18\/zeitsprung-27\/\" \/>\n<meta property=\"og:locale\" content=\"de_DE\" \/>\n<meta property=\"og:type\" content=\"article\" \/>\n<meta property=\"og:title\" content=\"Zeitsprung - ZEIT der Leser\" \/>\n<meta property=\"og:description\" content=\"Vor genau 40 Jahren war ich zum ersten Mal mit meiner Freundin Silke verreist. In Zandvoort, Holland, begaben wir uns auf Erkundungstour, und dort, auf der Strandpromenade,\u00a0 habe ich das Schwarz-Wei\u00df-Foto von meiner damals 17-j\u00e4hrigen Freundin gemacht. Das kleine Kind auf ihrem Scho\u00df lief gerade vorbei und wurde fu\u0308r das Bild \u00bbausgeliehen\u00ab. K\u00fcrzlich war ich [&hellip;]\" \/>\n<meta property=\"og:url\" content=\"https:\/\/blog.zeit.de\/zeit-der-leser\/2011\/09\/18\/zeitsprung-27\/\" \/>\n<meta property=\"og:site_name\" content=\"ZEIT der Leser\" \/>\n<meta property=\"article:published_time\" content=\"2011-09-18T16:00:00+00:00\" \/>\n<meta property=\"article:modified_time\" content=\"2011-09-14T16:31:11+00:00\" \/>\n<meta property=\"og:image\" content=\"https:\/\/blog.zeit.de\/zeit-der-leser\/files\/2011\/09\/s110-zeitsprung-1.jpg\" \/>\n<meta name=\"author\" content=\"&quot;Zeit der Leser&quot;-Redaktion\" \/>\n<meta name=\"twitter:card\" content=\"summary_large_image\" \/>\n<meta name=\"twitter:label1\" content=\"Geschrieben von\" \/>\n\t<meta name=\"twitter:data1\" content=\"\"Zeit der Leser\"-Redaktion\" \/>\n\t<meta name=\"twitter:label2\" content=\"Gesch\u00e4tzte Lesezeit\" \/>\n\t<meta name=\"twitter:data2\" content=\"1\u00a0Minute\" \/>\n<script type=\"application\/ld+json\" class=\"yoast-schema-graph\">{\"@context\":\"https:\/\/schema.org\",\"@graph\":[{\"@type\":\"WebPage\",\"@id\":\"https:\/\/blog.zeit.de\/zeit-der-leser\/2011\/09\/18\/zeitsprung-27\/\",\"url\":\"https:\/\/blog.zeit.de\/zeit-der-leser\/2011\/09\/18\/zeitsprung-27\/\",\"name\":\"Zeitsprung - ZEIT der Leser\",\"isPartOf\":{\"@id\":\"https:\/\/blog.zeit.de\/zeit-der-leser\/#website\"},\"datePublished\":\"2011-09-18T16:00:00+00:00\",\"dateModified\":\"2011-09-14T16:31:11+00:00\",\"author\":{\"@id\":\"https:\/\/blog.zeit.de\/zeit-der-leser\/#\/schema\/person\/583b14e5ad6368c23af846ecbde9f20f\"},\"breadcrumb\":{\"@id\":\"https:\/\/blog.zeit.de\/zeit-der-leser\/2011\/09\/18\/zeitsprung-27\/#breadcrumb\"},\"inLanguage\":\"de\",\"potentialAction\":[{\"@type\":\"ReadAction\",\"target\":[\"https:\/\/blog.zeit.de\/zeit-der-leser\/2011\/09\/18\/zeitsprung-27\/\"]}]},{\"@type\":\"BreadcrumbList\",\"@id\":\"https:\/\/blog.zeit.de\/zeit-der-leser\/2011\/09\/18\/zeitsprung-27\/#breadcrumb\",\"itemListElement\":[{\"@type\":\"ListItem\",\"position\":1,\"name\":\"Startseite\",\"item\":\"https:\/\/blog.zeit.de\/zeit-der-leser\/\"},{\"@type\":\"ListItem\",\"position\":2,\"name\":\"Zeitsprung\"}]},{\"@type\":\"WebSite\",\"@id\":\"https:\/\/blog.zeit.de\/zeit-der-leser\/#website\",\"url\":\"https:\/\/blog.zeit.de\/zeit-der-leser\/\",\"name\":\"ZEIT der Leser\",\"description\":\"Ein Blog mit Ihren Notizen, Gedichten und Bildern f\u00fcr die gedruckte ZEIT\",\"potentialAction\":[{\"@type\":\"SearchAction\",\"target\":{\"@type\":\"EntryPoint\",\"urlTemplate\":\"https:\/\/blog.zeit.de\/zeit-der-leser\/?s={search_term_string}\"},\"query-input\":\"required name=search_term_string\"}],\"inLanguage\":\"de\"},{\"@type\":\"Person\",\"@id\":\"https:\/\/blog.zeit.de\/zeit-der-leser\/#\/schema\/person\/583b14e5ad6368c23af846ecbde9f20f\",\"name\":\"\\\"Zeit der Leser\\\"-Redaktion\",\"image\":{\"@type\":\"ImageObject\",\"inLanguage\":\"de\",\"@id\":\"https:\/\/blog.zeit.de\/zeit-der-leser\/#\/schema\/person\/image\/\",\"url\":\"https:\/\/secure.gravatar.com\/avatar\/e801a681bd3bbf2345131a815930b48d9f8e0a94de1346b624840dc850f67ad0?s=96&d=mm&r=g\",\"contentUrl\":\"https:\/\/secure.gravatar.com\/avatar\/e801a681bd3bbf2345131a815930b48d9f8e0a94de1346b624840dc850f67ad0?s=96&d=mm&r=g\",\"caption\":\"\\\"Zeit der Leser\\\"-Redaktion\"},\"url\":\"https:\/\/blog.zeit.de\/zeit-der-leser\/author\/zeit-der-leser-redaktion\/\"}]}<\/script>\n<!-- \/ Yoast SEO plugin. -->","yoast_head_json":{"title":"Zeitsprung - ZEIT der Leser","robots":{"index":"index","follow":"follow","max-snippet":"max-snippet:-1","max-image-preview":"max-image-preview:large","max-video-preview":"max-video-preview:-1"},"canonical":"https:\/\/blog.zeit.de\/zeit-der-leser\/2011\/09\/18\/zeitsprung-27\/","og_locale":"de_DE","og_type":"article","og_title":"Zeitsprung - ZEIT der Leser","og_description":"Vor genau 40 Jahren war ich zum ersten Mal mit meiner Freundin Silke verreist. In Zandvoort, Holland, begaben wir uns auf Erkundungstour, und dort, auf der Strandpromenade,\u00a0 habe ich das Schwarz-Wei\u00df-Foto von meiner damals 17-j\u00e4hrigen Freundin gemacht. Das kleine Kind auf ihrem Scho\u00df lief gerade vorbei und wurde fu\u0308r das Bild \u00bbausgeliehen\u00ab. K\u00fcrzlich war ich [&hellip;]","og_url":"https:\/\/blog.zeit.de\/zeit-der-leser\/2011\/09\/18\/zeitsprung-27\/","og_site_name":"ZEIT der Leser","article_published_time":"2011-09-18T16:00:00+00:00","article_modified_time":"2011-09-14T16:31:11+00:00","og_image":[{"url":"https:\/\/blog.zeit.de\/zeit-der-leser\/files\/2011\/09\/s110-zeitsprung-1.jpg"}],"author":"\"Zeit der Leser\"-Redaktion","twitter_card":"summary_large_image","twitter_misc":{"Geschrieben von":"\"Zeit der Leser\"-Redaktion","Gesch\u00e4tzte Lesezeit":"1\u00a0Minute"},"schema":{"@context":"https:\/\/schema.org","@graph":[{"@type":"WebPage","@id":"https:\/\/blog.zeit.de\/zeit-der-leser\/2011\/09\/18\/zeitsprung-27\/","url":"https:\/\/blog.zeit.de\/zeit-der-leser\/2011\/09\/18\/zeitsprung-27\/","name":"Zeitsprung - ZEIT der Leser","isPartOf":{"@id":"https:\/\/blog.zeit.de\/zeit-der-leser\/#website"},"datePublished":"2011-09-18T16:00:00+00:00","dateModified":"2011-09-14T16:31:11+00:00","author":{"@id":"https:\/\/blog.zeit.de\/zeit-der-leser\/#\/schema\/person\/583b14e5ad6368c23af846ecbde9f20f"},"breadcrumb":{"@id":"https:\/\/blog.zeit.de\/zeit-der-leser\/2011\/09\/18\/zeitsprung-27\/#breadcrumb"},"inLanguage":"de","potentialAction":[{"@type":"ReadAction","target":["https:\/\/blog.zeit.de\/zeit-der-leser\/2011\/09\/18\/zeitsprung-27\/"]}]},{"@type":"BreadcrumbList","@id":"https:\/\/blog.zeit.de\/zeit-der-leser\/2011\/09\/18\/zeitsprung-27\/#breadcrumb","itemListElement":[{"@type":"ListItem","position":1,"name":"Startseite","item":"https:\/\/blog.zeit.de\/zeit-der-leser\/"},{"@type":"ListItem","position":2,"name":"Zeitsprung"}]},{"@type":"WebSite","@id":"https:\/\/blog.zeit.de\/zeit-der-leser\/#website","url":"https:\/\/blog.zeit.de\/zeit-der-leser\/","name":"ZEIT der Leser","description":"Ein Blog mit Ihren Notizen, Gedichten und Bildern f\u00fcr die gedruckte ZEIT","potentialAction":[{"@type":"SearchAction","target":{"@type":"EntryPoint","urlTemplate":"https:\/\/blog.zeit.de\/zeit-der-leser\/?s={search_term_string}"},"query-input":"required name=search_term_string"}],"inLanguage":"de"},{"@type":"Person","@id":"https:\/\/blog.zeit.de\/zeit-der-leser\/#\/schema\/person\/583b14e5ad6368c23af846ecbde9f20f","name":"\"Zeit der Leser\"-Redaktion","image":{"@type":"ImageObject","inLanguage":"de","@id":"https:\/\/blog.zeit.de\/zeit-der-leser\/#\/schema\/person\/image\/","url":"https:\/\/secure.gravatar.com\/avatar\/e801a681bd3bbf2345131a815930b48d9f8e0a94de1346b624840dc850f67ad0?s=96&d=mm&r=g","contentUrl":"https:\/\/secure.gravatar.com\/avatar\/e801a681bd3bbf2345131a815930b48d9f8e0a94de1346b624840dc850f67ad0?s=96&d=mm&r=g","caption":"\"Zeit der Leser\"-Redaktion"},"url":"https:\/\/blog.zeit.de\/zeit-der-leser\/author\/zeit-der-leser-redaktion\/"}]}},"jetpack_featured_media_url":"","jetpack_sharing_enabled":true,"_links":{"self":[{"href":"https:\/\/blog.zeit.de\/zeit-der-leser\/wp-json\/wp\/v2\/posts\/7053","targetHints":{"allow":["GET"]}}],"collection":[{"href":"https:\/\/blog.zeit.de\/zeit-der-leser\/wp-json\/wp\/v2\/posts"}],"about":[{"href":"https:\/\/blog.zeit.de\/zeit-der-leser\/wp-json\/wp\/v2\/types\/post"}],"author":[{"embeddable":true,"href":"https:\/\/blog.zeit.de\/zeit-der-leser\/wp-json\/wp\/v2\/users\/265"}],"replies":[{"embeddable":true,"href":"https:\/\/blog.zeit.de\/zeit-der-leser\/wp-json\/wp\/v2\/comments?post=7053"}],"version-history":[{"count":2,"href":"https:\/\/blog.zeit.de\/zeit-der-leser\/wp-json\/wp\/v2\/posts\/7053\/revisions"}],"predecessor-version":[{"id":7057,"href":"https:\/\/blog.zeit.de\/zeit-der-leser\/wp-json\/wp\/v2\/posts\/7053\/revisions\/7057"}],"wp:attachment":[{"href":"https:\/\/blog.zeit.de\/zeit-der-leser\/wp-json\/wp\/v2\/media?parent=7053"}],"wp:term":[{"taxonomy":"category","embeddable":true,"href":"https:\/\/blog.zeit.de\/zeit-der-leser\/wp-json\/wp\/v2\/categories?post=7053"},{"taxonomy":"post_tag","embeddable":true,"href":"https:\/\/blog.zeit.de\/zeit-der-leser\/wp-json\/wp\/v2\/tags?post=7053"}],"curies":[{"name":"wp","href":"https:\/\/api.w.org\/{rel}","templated":true}]}}