{"id":7059,"date":"2011-09-22T13:08:31","date_gmt":"2011-09-22T11:08:31","guid":{"rendered":"http:\/\/blog.zeit.de\/zeit-der-leser\/?p=7059"},"modified":"2011-09-22T13:08:31","modified_gmt":"2011-09-22T11:08:31","slug":"zeitsprung-28","status":"publish","type":"post","link":"https:\/\/blog.zeit.de\/zeit-der-leser\/2011\/09\/22\/zeitsprung-28\/","title":{"rendered":"Zeitsprung"},"content":{"rendered":"<p><a href=\"https:\/\/blog.zeit.de\/zeit-der-leser\/files\/2011\/09\/s110-zeitsprung-11.jpg\"><img loading=\"lazy\" decoding=\"async\" src=\"https:\/\/blog.zeit.de\/zeit-der-leser\/files\/2011\/09\/s110-zeitsprung-11.jpg\" alt=\"\" title=\"s110-zeitsprung-1\" width=\"180\" height=\"248\" class=\"alignleft size-full wp-image-7064\" \/><\/a><\/p>\n<p>Achtzig Jahre, in denen aus drei Kindern drei alte Damen wurden. Dazwischen drei Leben mit allem, was dazugeh\u00f6rt: H\u00f6hen und Tiefen, Hoffnungen und Entt\u00e4uschungen, Schule, Krieg und Nachkriegszeit, Berufsausbildung und Arbeit, Familiengr\u00fcndung. Sieben Kinder und sechzehn Enkel. Das war\u2019s. War\u2019s das? Beide Bilder zeigen mich mit meinen Cousinen Almut und Gisela. Almut, die gleich alt ist wie ich, ist auf dem Schwarz-Wei\u00df-Foto ganz links zu sehen, auf dem Farbbild ganz rechts. Mich haben die Cousinen jeweils in die Mitte genommen. Das erste Bild entstand in Aachen, wo mein Onkel mit seiner Familie wohnte. In seinem Haus trafen sich regelm\u00e4\u00dfig alle f\u00fcnf Br\u00fcder mit ihren Familien, und f\u00fcr mich als Einzelkind war das jedes Mal ein wunderbarer Tag. Auf dem Schwarz-Wei\u00df- Bild sind Almut und ich vier Jahre alt, Gisela ist sieben. In sp\u00e4teren Jahren fanden die Treffen nicht mehr so h\u00e4ufig statt, unsere Kinder kannten sich, verloren sich dann aber ein bisschen aus den Augen. Nun besuchen mein Mann und ich Gisela wieder regelm\u00e4\u00dfig, weil unsere Tochter in der N\u00e4he wohnt, und Almut kommt dann dazu. Es sind jedes Mal recht muntere Treffen unter dem Motto: &#8222;Wei\u00dft du noch?&#8220;<\/p>\n<p><a href=\"https:\/\/blog.zeit.de\/zeit-der-leser\/files\/2011\/09\/s110-zeitsprung-21.jpg\"><img loading=\"lazy\" decoding=\"async\" src=\"https:\/\/blog.zeit.de\/zeit-der-leser\/files\/2011\/09\/s110-zeitsprung-21.jpg\" alt=\"\" title=\"s110-zeitsprung-2\" width=\"540\" height=\"395\" class=\"alignleft size-full wp-image-7065\" srcset=\"https:\/\/blog.zeit.de\/zeit-der-leser\/files\/2011\/09\/s110-zeitsprung-21.jpg 540w, https:\/\/blog.zeit.de\/zeit-der-leser\/files\/2011\/09\/s110-zeitsprung-21-300x219.jpg 300w\" sizes=\"auto, (max-width: 540px) 100vw, 540px\" \/><\/a><\/p>\n<p><strong>Rosemarie Ulrich<\/strong>, Lenggries<\/p>\n","protected":false},"excerpt":{"rendered":"<p>Achtzig Jahre, in denen aus drei Kindern drei alte Damen wurden. Dazwischen drei Leben mit allem, was dazugeh\u00f6rt: H\u00f6hen und Tiefen, Hoffnungen und Entt\u00e4uschungen, Schule, Krieg und Nachkriegszeit, Berufsausbildung und Arbeit, Familiengr\u00fcndung. Sieben Kinder und sechzehn Enkel. Das war\u2019s. War\u2019s das? Beide Bilder zeigen mich mit meinen Cousinen Almut und Gisela. Almut, die gleich alt [&hellip;]<\/p>\n","protected":false},"author":265,"featured_media":0,"comment_status":"open","ping_status":"open","sticky":false,"template":"","format":"standard","meta":{"_jetpack_memberships_contains_paid_content":false,"footnotes":""},"categories":[1878],"tags":[],"class_list":["post-7059","post","type-post","status-publish","format-standard","hentry","category-zeitsprung"],"yoast_head":"<!-- This site is optimized with the Yoast SEO plugin v21.0 - https:\/\/yoast.com\/wordpress\/plugins\/seo\/ -->\n<title>Zeitsprung - ZEIT der Leser<\/title>\n<meta name=\"robots\" content=\"index, follow, max-snippet:-1, max-image-preview:large, max-video-preview:-1\" \/>\n<link rel=\"canonical\" href=\"https:\/\/blog.zeit.de\/zeit-der-leser\/2011\/09\/22\/zeitsprung-28\/\" \/>\n<meta property=\"og:locale\" content=\"de_DE\" \/>\n<meta property=\"og:type\" content=\"article\" \/>\n<meta property=\"og:title\" content=\"Zeitsprung - ZEIT der Leser\" \/>\n<meta property=\"og:description\" content=\"Achtzig Jahre, in denen aus drei Kindern drei alte Damen wurden. Dazwischen drei Leben mit allem, was dazugeh\u00f6rt: H\u00f6hen und Tiefen, Hoffnungen und Entt\u00e4uschungen, Schule, Krieg und Nachkriegszeit, Berufsausbildung und Arbeit, Familiengr\u00fcndung. Sieben Kinder und sechzehn Enkel. Das war\u2019s. War\u2019s das? Beide Bilder zeigen mich mit meinen Cousinen Almut und Gisela. Almut, die gleich alt [&hellip;]\" \/>\n<meta property=\"og:url\" content=\"https:\/\/blog.zeit.de\/zeit-der-leser\/2011\/09\/22\/zeitsprung-28\/\" \/>\n<meta property=\"og:site_name\" content=\"ZEIT der Leser\" \/>\n<meta property=\"article:published_time\" content=\"2011-09-22T11:08:31+00:00\" \/>\n<meta property=\"og:image\" content=\"https:\/\/blog.zeit.de\/zeit-der-leser\/files\/2011\/09\/s110-zeitsprung-11.jpg\" \/>\n<meta name=\"author\" content=\"&quot;Zeit der Leser&quot;-Redaktion\" \/>\n<meta name=\"twitter:card\" content=\"summary_large_image\" \/>\n<meta name=\"twitter:label1\" content=\"Geschrieben von\" \/>\n\t<meta name=\"twitter:data1\" content=\"\"Zeit der Leser\"-Redaktion\" \/>\n\t<meta name=\"twitter:label2\" content=\"Gesch\u00e4tzte Lesezeit\" \/>\n\t<meta name=\"twitter:data2\" content=\"1\u00a0Minute\" \/>\n<script type=\"application\/ld+json\" class=\"yoast-schema-graph\">{\"@context\":\"https:\/\/schema.org\",\"@graph\":[{\"@type\":\"WebPage\",\"@id\":\"https:\/\/blog.zeit.de\/zeit-der-leser\/2011\/09\/22\/zeitsprung-28\/\",\"url\":\"https:\/\/blog.zeit.de\/zeit-der-leser\/2011\/09\/22\/zeitsprung-28\/\",\"name\":\"Zeitsprung - ZEIT der Leser\",\"isPartOf\":{\"@id\":\"https:\/\/blog.zeit.de\/zeit-der-leser\/#website\"},\"datePublished\":\"2011-09-22T11:08:31+00:00\",\"dateModified\":\"2011-09-22T11:08:31+00:00\",\"author\":{\"@id\":\"https:\/\/blog.zeit.de\/zeit-der-leser\/#\/schema\/person\/583b14e5ad6368c23af846ecbde9f20f\"},\"breadcrumb\":{\"@id\":\"https:\/\/blog.zeit.de\/zeit-der-leser\/2011\/09\/22\/zeitsprung-28\/#breadcrumb\"},\"inLanguage\":\"de\",\"potentialAction\":[{\"@type\":\"ReadAction\",\"target\":[\"https:\/\/blog.zeit.de\/zeit-der-leser\/2011\/09\/22\/zeitsprung-28\/\"]}]},{\"@type\":\"BreadcrumbList\",\"@id\":\"https:\/\/blog.zeit.de\/zeit-der-leser\/2011\/09\/22\/zeitsprung-28\/#breadcrumb\",\"itemListElement\":[{\"@type\":\"ListItem\",\"position\":1,\"name\":\"Startseite\",\"item\":\"https:\/\/blog.zeit.de\/zeit-der-leser\/\"},{\"@type\":\"ListItem\",\"position\":2,\"name\":\"Zeitsprung\"}]},{\"@type\":\"WebSite\",\"@id\":\"https:\/\/blog.zeit.de\/zeit-der-leser\/#website\",\"url\":\"https:\/\/blog.zeit.de\/zeit-der-leser\/\",\"name\":\"ZEIT der Leser\",\"description\":\"Ein Blog mit Ihren Notizen, Gedichten und Bildern f\u00fcr die gedruckte ZEIT\",\"potentialAction\":[{\"@type\":\"SearchAction\",\"target\":{\"@type\":\"EntryPoint\",\"urlTemplate\":\"https:\/\/blog.zeit.de\/zeit-der-leser\/?s={search_term_string}\"},\"query-input\":\"required name=search_term_string\"}],\"inLanguage\":\"de\"},{\"@type\":\"Person\",\"@id\":\"https:\/\/blog.zeit.de\/zeit-der-leser\/#\/schema\/person\/583b14e5ad6368c23af846ecbde9f20f\",\"name\":\"\\\"Zeit der Leser\\\"-Redaktion\",\"image\":{\"@type\":\"ImageObject\",\"inLanguage\":\"de\",\"@id\":\"https:\/\/blog.zeit.de\/zeit-der-leser\/#\/schema\/person\/image\/\",\"url\":\"https:\/\/secure.gravatar.com\/avatar\/e801a681bd3bbf2345131a815930b48d9f8e0a94de1346b624840dc850f67ad0?s=96&d=mm&r=g\",\"contentUrl\":\"https:\/\/secure.gravatar.com\/avatar\/e801a681bd3bbf2345131a815930b48d9f8e0a94de1346b624840dc850f67ad0?s=96&d=mm&r=g\",\"caption\":\"\\\"Zeit der Leser\\\"-Redaktion\"},\"url\":\"https:\/\/blog.zeit.de\/zeit-der-leser\/author\/zeit-der-leser-redaktion\/\"}]}<\/script>\n<!-- \/ Yoast SEO plugin. -->","yoast_head_json":{"title":"Zeitsprung - ZEIT der Leser","robots":{"index":"index","follow":"follow","max-snippet":"max-snippet:-1","max-image-preview":"max-image-preview:large","max-video-preview":"max-video-preview:-1"},"canonical":"https:\/\/blog.zeit.de\/zeit-der-leser\/2011\/09\/22\/zeitsprung-28\/","og_locale":"de_DE","og_type":"article","og_title":"Zeitsprung - ZEIT der Leser","og_description":"Achtzig Jahre, in denen aus drei Kindern drei alte Damen wurden. Dazwischen drei Leben mit allem, was dazugeh\u00f6rt: H\u00f6hen und Tiefen, Hoffnungen und Entt\u00e4uschungen, Schule, Krieg und Nachkriegszeit, Berufsausbildung und Arbeit, Familiengr\u00fcndung. Sieben Kinder und sechzehn Enkel. Das war\u2019s. War\u2019s das? Beide Bilder zeigen mich mit meinen Cousinen Almut und Gisela. Almut, die gleich alt [&hellip;]","og_url":"https:\/\/blog.zeit.de\/zeit-der-leser\/2011\/09\/22\/zeitsprung-28\/","og_site_name":"ZEIT der Leser","article_published_time":"2011-09-22T11:08:31+00:00","og_image":[{"url":"https:\/\/blog.zeit.de\/zeit-der-leser\/files\/2011\/09\/s110-zeitsprung-11.jpg"}],"author":"\"Zeit der Leser\"-Redaktion","twitter_card":"summary_large_image","twitter_misc":{"Geschrieben von":"\"Zeit der Leser\"-Redaktion","Gesch\u00e4tzte Lesezeit":"1\u00a0Minute"},"schema":{"@context":"https:\/\/schema.org","@graph":[{"@type":"WebPage","@id":"https:\/\/blog.zeit.de\/zeit-der-leser\/2011\/09\/22\/zeitsprung-28\/","url":"https:\/\/blog.zeit.de\/zeit-der-leser\/2011\/09\/22\/zeitsprung-28\/","name":"Zeitsprung - ZEIT der Leser","isPartOf":{"@id":"https:\/\/blog.zeit.de\/zeit-der-leser\/#website"},"datePublished":"2011-09-22T11:08:31+00:00","dateModified":"2011-09-22T11:08:31+00:00","author":{"@id":"https:\/\/blog.zeit.de\/zeit-der-leser\/#\/schema\/person\/583b14e5ad6368c23af846ecbde9f20f"},"breadcrumb":{"@id":"https:\/\/blog.zeit.de\/zeit-der-leser\/2011\/09\/22\/zeitsprung-28\/#breadcrumb"},"inLanguage":"de","potentialAction":[{"@type":"ReadAction","target":["https:\/\/blog.zeit.de\/zeit-der-leser\/2011\/09\/22\/zeitsprung-28\/"]}]},{"@type":"BreadcrumbList","@id":"https:\/\/blog.zeit.de\/zeit-der-leser\/2011\/09\/22\/zeitsprung-28\/#breadcrumb","itemListElement":[{"@type":"ListItem","position":1,"name":"Startseite","item":"https:\/\/blog.zeit.de\/zeit-der-leser\/"},{"@type":"ListItem","position":2,"name":"Zeitsprung"}]},{"@type":"WebSite","@id":"https:\/\/blog.zeit.de\/zeit-der-leser\/#website","url":"https:\/\/blog.zeit.de\/zeit-der-leser\/","name":"ZEIT der Leser","description":"Ein Blog mit Ihren Notizen, Gedichten und Bildern f\u00fcr die gedruckte ZEIT","potentialAction":[{"@type":"SearchAction","target":{"@type":"EntryPoint","urlTemplate":"https:\/\/blog.zeit.de\/zeit-der-leser\/?s={search_term_string}"},"query-input":"required name=search_term_string"}],"inLanguage":"de"},{"@type":"Person","@id":"https:\/\/blog.zeit.de\/zeit-der-leser\/#\/schema\/person\/583b14e5ad6368c23af846ecbde9f20f","name":"\"Zeit der Leser\"-Redaktion","image":{"@type":"ImageObject","inLanguage":"de","@id":"https:\/\/blog.zeit.de\/zeit-der-leser\/#\/schema\/person\/image\/","url":"https:\/\/secure.gravatar.com\/avatar\/e801a681bd3bbf2345131a815930b48d9f8e0a94de1346b624840dc850f67ad0?s=96&d=mm&r=g","contentUrl":"https:\/\/secure.gravatar.com\/avatar\/e801a681bd3bbf2345131a815930b48d9f8e0a94de1346b624840dc850f67ad0?s=96&d=mm&r=g","caption":"\"Zeit der Leser\"-Redaktion"},"url":"https:\/\/blog.zeit.de\/zeit-der-leser\/author\/zeit-der-leser-redaktion\/"}]}},"jetpack_featured_media_url":"","jetpack_sharing_enabled":true,"_links":{"self":[{"href":"https:\/\/blog.zeit.de\/zeit-der-leser\/wp-json\/wp\/v2\/posts\/7059","targetHints":{"allow":["GET"]}}],"collection":[{"href":"https:\/\/blog.zeit.de\/zeit-der-leser\/wp-json\/wp\/v2\/posts"}],"about":[{"href":"https:\/\/blog.zeit.de\/zeit-der-leser\/wp-json\/wp\/v2\/types\/post"}],"author":[{"embeddable":true,"href":"https:\/\/blog.zeit.de\/zeit-der-leser\/wp-json\/wp\/v2\/users\/265"}],"replies":[{"embeddable":true,"href":"https:\/\/blog.zeit.de\/zeit-der-leser\/wp-json\/wp\/v2\/comments?post=7059"}],"version-history":[{"count":9,"href":"https:\/\/blog.zeit.de\/zeit-der-leser\/wp-json\/wp\/v2\/posts\/7059\/revisions"}],"predecessor-version":[{"id":7070,"href":"https:\/\/blog.zeit.de\/zeit-der-leser\/wp-json\/wp\/v2\/posts\/7059\/revisions\/7070"}],"wp:attachment":[{"href":"https:\/\/blog.zeit.de\/zeit-der-leser\/wp-json\/wp\/v2\/media?parent=7059"}],"wp:term":[{"taxonomy":"category","embeddable":true,"href":"https:\/\/blog.zeit.de\/zeit-der-leser\/wp-json\/wp\/v2\/categories?post=7059"},{"taxonomy":"post_tag","embeddable":true,"href":"https:\/\/blog.zeit.de\/zeit-der-leser\/wp-json\/wp\/v2\/tags?post=7059"}],"curies":[{"name":"wp","href":"https:\/\/api.w.org\/{rel}","templated":true}]}}