{"id":7078,"date":"2011-09-24T09:00:17","date_gmt":"2011-09-24T07:00:17","guid":{"rendered":"http:\/\/blog.zeit.de\/zeit-der-leser\/?p=7078"},"modified":"2011-09-22T13:14:57","modified_gmt":"2011-09-22T11:14:57","slug":"ein-zeichen","status":"publish","type":"post","link":"https:\/\/blog.zeit.de\/zeit-der-leser\/2011\/09\/24\/ein-zeichen\/","title":{"rendered":"Ein Zeichen"},"content":{"rendered":"<p><a href=\"https:\/\/blog.zeit.de\/zeit-der-leser\/files\/2011\/09\/s110-strassenbild-39.jpg\"><img loading=\"lazy\" decoding=\"async\" src=\"https:\/\/blog.zeit.de\/zeit-der-leser\/files\/2011\/09\/s110-strassenbild-39.jpg\" alt=\"\" title=\"s110-strassenbild-39\" width=\"540\" height=\"450\" class=\"alignleft size-full wp-image-7081\" srcset=\"https:\/\/blog.zeit.de\/zeit-der-leser\/files\/2011\/09\/s110-strassenbild-39.jpg 540w, https:\/\/blog.zeit.de\/zeit-der-leser\/files\/2011\/09\/s110-strassenbild-39-300x250.jpg 300w\" sizes=\"auto, (max-width: 540px) 100vw, 540px\" \/><\/a><\/p>\n<p>Ich bin sp\u00e4t dran, radle, schnell, schnell zu meiner \u00c4rztin: Wo kann ich das Fahrrad abstellen? Schnell an einem Verkehrszeichen abgesperrt &#8230; Beim Verlassen der Praxis stocke ich: Was ist denn das? War das vorhin schon da? Ein Herz f\u00fcr mein Fahrrad? Wenn ich noch j\u00fcnger w\u00e4re und nicht gl\u00fccklich verheiratet, w\u00fcrde ich glatt an einen Verehrer denken &#8230; In meinen Studentenjahren lebte ich in diesem Teil der Stadt. Aber die Farbe ist trocken und riecht nicht, das Herz ist schon l\u00e4nger da als mein Fahrrad. Aber das Foto ist es in jedem Fall wert!<\/p>\n<p><strong>Konstanze Eppensteiner<\/strong>, Wien<\/p>\n","protected":false},"excerpt":{"rendered":"<p>Ich bin sp\u00e4t dran, radle, schnell, schnell zu meiner \u00c4rztin: Wo kann ich das Fahrrad abstellen? Schnell an einem Verkehrszeichen abgesperrt &#8230; Beim Verlassen der Praxis stocke ich: Was ist denn das? War das vorhin schon da? Ein Herz f\u00fcr mein Fahrrad? Wenn ich noch j\u00fcnger w\u00e4re und nicht gl\u00fccklich verheiratet, w\u00fcrde ich glatt an [&hellip;]<\/p>\n","protected":false},"author":265,"featured_media":0,"comment_status":"open","ping_status":"open","sticky":false,"template":"","format":"standard","meta":{"_jetpack_memberships_contains_paid_content":false,"footnotes":""},"categories":[5688],"tags":[],"class_list":["post-7078","post","type-post","status-publish","format-standard","hentry","category-strasenbild"],"yoast_head":"<!-- This site is optimized with the Yoast SEO plugin v21.0 - https:\/\/yoast.com\/wordpress\/plugins\/seo\/ -->\n<title>Ein Zeichen - ZEIT der Leser<\/title>\n<meta name=\"robots\" content=\"index, follow, max-snippet:-1, max-image-preview:large, max-video-preview:-1\" \/>\n<link rel=\"canonical\" href=\"https:\/\/blog.zeit.de\/zeit-der-leser\/2011\/09\/24\/ein-zeichen\/\" \/>\n<meta property=\"og:locale\" content=\"de_DE\" \/>\n<meta property=\"og:type\" content=\"article\" \/>\n<meta property=\"og:title\" content=\"Ein Zeichen - ZEIT der Leser\" \/>\n<meta property=\"og:description\" content=\"Ich bin sp\u00e4t dran, radle, schnell, schnell zu meiner \u00c4rztin: Wo kann ich das Fahrrad abstellen? Schnell an einem Verkehrszeichen abgesperrt &#8230; Beim Verlassen der Praxis stocke ich: Was ist denn das? War das vorhin schon da? Ein Herz f\u00fcr mein Fahrrad? Wenn ich noch j\u00fcnger w\u00e4re und nicht gl\u00fccklich verheiratet, w\u00fcrde ich glatt an [&hellip;]\" \/>\n<meta property=\"og:url\" content=\"https:\/\/blog.zeit.de\/zeit-der-leser\/2011\/09\/24\/ein-zeichen\/\" \/>\n<meta property=\"og:site_name\" content=\"ZEIT der Leser\" \/>\n<meta property=\"article:published_time\" content=\"2011-09-24T07:00:17+00:00\" \/>\n<meta property=\"article:modified_time\" content=\"2011-09-22T11:14:57+00:00\" \/>\n<meta property=\"og:image\" content=\"https:\/\/blog.zeit.de\/zeit-der-leser\/files\/2011\/09\/s110-strassenbild-39.jpg\" \/>\n<meta name=\"author\" content=\"&quot;Zeit der Leser&quot;-Redaktion\" \/>\n<meta name=\"twitter:card\" content=\"summary_large_image\" \/>\n<meta name=\"twitter:label1\" content=\"Geschrieben von\" \/>\n\t<meta name=\"twitter:data1\" content=\"\"Zeit der Leser\"-Redaktion\" \/>\n\t<meta name=\"twitter:label2\" content=\"Gesch\u00e4tzte Lesezeit\" \/>\n\t<meta name=\"twitter:data2\" content=\"1\u00a0Minute\" \/>\n<script type=\"application\/ld+json\" class=\"yoast-schema-graph\">{\"@context\":\"https:\/\/schema.org\",\"@graph\":[{\"@type\":\"WebPage\",\"@id\":\"https:\/\/blog.zeit.de\/zeit-der-leser\/2011\/09\/24\/ein-zeichen\/\",\"url\":\"https:\/\/blog.zeit.de\/zeit-der-leser\/2011\/09\/24\/ein-zeichen\/\",\"name\":\"Ein Zeichen - ZEIT der Leser\",\"isPartOf\":{\"@id\":\"https:\/\/blog.zeit.de\/zeit-der-leser\/#website\"},\"datePublished\":\"2011-09-24T07:00:17+00:00\",\"dateModified\":\"2011-09-22T11:14:57+00:00\",\"author\":{\"@id\":\"https:\/\/blog.zeit.de\/zeit-der-leser\/#\/schema\/person\/583b14e5ad6368c23af846ecbde9f20f\"},\"breadcrumb\":{\"@id\":\"https:\/\/blog.zeit.de\/zeit-der-leser\/2011\/09\/24\/ein-zeichen\/#breadcrumb\"},\"inLanguage\":\"de\",\"potentialAction\":[{\"@type\":\"ReadAction\",\"target\":[\"https:\/\/blog.zeit.de\/zeit-der-leser\/2011\/09\/24\/ein-zeichen\/\"]}]},{\"@type\":\"BreadcrumbList\",\"@id\":\"https:\/\/blog.zeit.de\/zeit-der-leser\/2011\/09\/24\/ein-zeichen\/#breadcrumb\",\"itemListElement\":[{\"@type\":\"ListItem\",\"position\":1,\"name\":\"Startseite\",\"item\":\"https:\/\/blog.zeit.de\/zeit-der-leser\/\"},{\"@type\":\"ListItem\",\"position\":2,\"name\":\"Ein Zeichen\"}]},{\"@type\":\"WebSite\",\"@id\":\"https:\/\/blog.zeit.de\/zeit-der-leser\/#website\",\"url\":\"https:\/\/blog.zeit.de\/zeit-der-leser\/\",\"name\":\"ZEIT der Leser\",\"description\":\"Ein Blog mit Ihren Notizen, Gedichten und Bildern f\u00fcr die gedruckte ZEIT\",\"potentialAction\":[{\"@type\":\"SearchAction\",\"target\":{\"@type\":\"EntryPoint\",\"urlTemplate\":\"https:\/\/blog.zeit.de\/zeit-der-leser\/?s={search_term_string}\"},\"query-input\":\"required name=search_term_string\"}],\"inLanguage\":\"de\"},{\"@type\":\"Person\",\"@id\":\"https:\/\/blog.zeit.de\/zeit-der-leser\/#\/schema\/person\/583b14e5ad6368c23af846ecbde9f20f\",\"name\":\"\\\"Zeit der Leser\\\"-Redaktion\",\"image\":{\"@type\":\"ImageObject\",\"inLanguage\":\"de\",\"@id\":\"https:\/\/blog.zeit.de\/zeit-der-leser\/#\/schema\/person\/image\/\",\"url\":\"https:\/\/secure.gravatar.com\/avatar\/e801a681bd3bbf2345131a815930b48d9f8e0a94de1346b624840dc850f67ad0?s=96&d=mm&r=g\",\"contentUrl\":\"https:\/\/secure.gravatar.com\/avatar\/e801a681bd3bbf2345131a815930b48d9f8e0a94de1346b624840dc850f67ad0?s=96&d=mm&r=g\",\"caption\":\"\\\"Zeit der Leser\\\"-Redaktion\"},\"url\":\"https:\/\/blog.zeit.de\/zeit-der-leser\/author\/zeit-der-leser-redaktion\/\"}]}<\/script>\n<!-- \/ Yoast SEO plugin. -->","yoast_head_json":{"title":"Ein Zeichen - ZEIT der Leser","robots":{"index":"index","follow":"follow","max-snippet":"max-snippet:-1","max-image-preview":"max-image-preview:large","max-video-preview":"max-video-preview:-1"},"canonical":"https:\/\/blog.zeit.de\/zeit-der-leser\/2011\/09\/24\/ein-zeichen\/","og_locale":"de_DE","og_type":"article","og_title":"Ein Zeichen - ZEIT der Leser","og_description":"Ich bin sp\u00e4t dran, radle, schnell, schnell zu meiner \u00c4rztin: Wo kann ich das Fahrrad abstellen? Schnell an einem Verkehrszeichen abgesperrt &#8230; Beim Verlassen der Praxis stocke ich: Was ist denn das? War das vorhin schon da? Ein Herz f\u00fcr mein Fahrrad? Wenn ich noch j\u00fcnger w\u00e4re und nicht gl\u00fccklich verheiratet, w\u00fcrde ich glatt an [&hellip;]","og_url":"https:\/\/blog.zeit.de\/zeit-der-leser\/2011\/09\/24\/ein-zeichen\/","og_site_name":"ZEIT der Leser","article_published_time":"2011-09-24T07:00:17+00:00","article_modified_time":"2011-09-22T11:14:57+00:00","og_image":[{"url":"https:\/\/blog.zeit.de\/zeit-der-leser\/files\/2011\/09\/s110-strassenbild-39.jpg"}],"author":"\"Zeit der Leser\"-Redaktion","twitter_card":"summary_large_image","twitter_misc":{"Geschrieben von":"\"Zeit der Leser\"-Redaktion","Gesch\u00e4tzte Lesezeit":"1\u00a0Minute"},"schema":{"@context":"https:\/\/schema.org","@graph":[{"@type":"WebPage","@id":"https:\/\/blog.zeit.de\/zeit-der-leser\/2011\/09\/24\/ein-zeichen\/","url":"https:\/\/blog.zeit.de\/zeit-der-leser\/2011\/09\/24\/ein-zeichen\/","name":"Ein Zeichen - ZEIT der Leser","isPartOf":{"@id":"https:\/\/blog.zeit.de\/zeit-der-leser\/#website"},"datePublished":"2011-09-24T07:00:17+00:00","dateModified":"2011-09-22T11:14:57+00:00","author":{"@id":"https:\/\/blog.zeit.de\/zeit-der-leser\/#\/schema\/person\/583b14e5ad6368c23af846ecbde9f20f"},"breadcrumb":{"@id":"https:\/\/blog.zeit.de\/zeit-der-leser\/2011\/09\/24\/ein-zeichen\/#breadcrumb"},"inLanguage":"de","potentialAction":[{"@type":"ReadAction","target":["https:\/\/blog.zeit.de\/zeit-der-leser\/2011\/09\/24\/ein-zeichen\/"]}]},{"@type":"BreadcrumbList","@id":"https:\/\/blog.zeit.de\/zeit-der-leser\/2011\/09\/24\/ein-zeichen\/#breadcrumb","itemListElement":[{"@type":"ListItem","position":1,"name":"Startseite","item":"https:\/\/blog.zeit.de\/zeit-der-leser\/"},{"@type":"ListItem","position":2,"name":"Ein Zeichen"}]},{"@type":"WebSite","@id":"https:\/\/blog.zeit.de\/zeit-der-leser\/#website","url":"https:\/\/blog.zeit.de\/zeit-der-leser\/","name":"ZEIT der Leser","description":"Ein Blog mit Ihren Notizen, Gedichten und Bildern f\u00fcr die gedruckte ZEIT","potentialAction":[{"@type":"SearchAction","target":{"@type":"EntryPoint","urlTemplate":"https:\/\/blog.zeit.de\/zeit-der-leser\/?s={search_term_string}"},"query-input":"required name=search_term_string"}],"inLanguage":"de"},{"@type":"Person","@id":"https:\/\/blog.zeit.de\/zeit-der-leser\/#\/schema\/person\/583b14e5ad6368c23af846ecbde9f20f","name":"\"Zeit der Leser\"-Redaktion","image":{"@type":"ImageObject","inLanguage":"de","@id":"https:\/\/blog.zeit.de\/zeit-der-leser\/#\/schema\/person\/image\/","url":"https:\/\/secure.gravatar.com\/avatar\/e801a681bd3bbf2345131a815930b48d9f8e0a94de1346b624840dc850f67ad0?s=96&d=mm&r=g","contentUrl":"https:\/\/secure.gravatar.com\/avatar\/e801a681bd3bbf2345131a815930b48d9f8e0a94de1346b624840dc850f67ad0?s=96&d=mm&r=g","caption":"\"Zeit der Leser\"-Redaktion"},"url":"https:\/\/blog.zeit.de\/zeit-der-leser\/author\/zeit-der-leser-redaktion\/"}]}},"jetpack_featured_media_url":"","jetpack_sharing_enabled":true,"_links":{"self":[{"href":"https:\/\/blog.zeit.de\/zeit-der-leser\/wp-json\/wp\/v2\/posts\/7078","targetHints":{"allow":["GET"]}}],"collection":[{"href":"https:\/\/blog.zeit.de\/zeit-der-leser\/wp-json\/wp\/v2\/posts"}],"about":[{"href":"https:\/\/blog.zeit.de\/zeit-der-leser\/wp-json\/wp\/v2\/types\/post"}],"author":[{"embeddable":true,"href":"https:\/\/blog.zeit.de\/zeit-der-leser\/wp-json\/wp\/v2\/users\/265"}],"replies":[{"embeddable":true,"href":"https:\/\/blog.zeit.de\/zeit-der-leser\/wp-json\/wp\/v2\/comments?post=7078"}],"version-history":[{"count":6,"href":"https:\/\/blog.zeit.de\/zeit-der-leser\/wp-json\/wp\/v2\/posts\/7078\/revisions"}],"predecessor-version":[{"id":7084,"href":"https:\/\/blog.zeit.de\/zeit-der-leser\/wp-json\/wp\/v2\/posts\/7078\/revisions\/7084"}],"wp:attachment":[{"href":"https:\/\/blog.zeit.de\/zeit-der-leser\/wp-json\/wp\/v2\/media?parent=7078"}],"wp:term":[{"taxonomy":"category","embeddable":true,"href":"https:\/\/blog.zeit.de\/zeit-der-leser\/wp-json\/wp\/v2\/categories?post=7078"},{"taxonomy":"post_tag","embeddable":true,"href":"https:\/\/blog.zeit.de\/zeit-der-leser\/wp-json\/wp\/v2\/tags?post=7078"}],"curies":[{"name":"wp","href":"https:\/\/api.w.org\/{rel}","templated":true}]}}