{"id":7086,"date":"2011-09-25T09:00:15","date_gmt":"2011-09-25T07:00:15","guid":{"rendered":"http:\/\/blog.zeit.de\/zeit-der-leser\/?p=7086"},"modified":"2011-09-22T13:17:26","modified_gmt":"2011-09-22T11:17:26","slug":"die-kritzelei-der-woche-3","status":"publish","type":"post","link":"https:\/\/blog.zeit.de\/zeit-der-leser\/2011\/09\/25\/die-kritzelei-der-woche-3\/","title":{"rendered":"Die Kritzelei der Woche"},"content":{"rendered":"<p><a href=\"https:\/\/blog.zeit.de\/zeit-der-leser\/files\/2011\/09\/s110-kritzelei1.jpg\"><img loading=\"lazy\" decoding=\"async\" src=\"https:\/\/blog.zeit.de\/zeit-der-leser\/files\/2011\/09\/s110-kritzelei1.jpg\" alt=\"\" title=\"s110-kritzelei\" width=\"180\" height=\"253\" class=\"alignleft size-full wp-image-7088\" \/><\/a><\/p>\n<p>Bei einem Telefonat mit einer Bekannten, deren Redeschwall nie enden will, entstand diese Kritzelei. Von einer Abendveranstaltung am Vortag war ich sehr m\u00fcde und konnte die Augen kaum noch offen halten. Doch erst als ich laut g\u00e4hnte, gelang es mir, den Redefluss zu stoppen. Inzwischen war der Zettel vollgekritzelt. &#8222;Eigentlich zu schade f\u00fcr den Papierkorb!&#8220;, dachte ich am n\u00e4chsten Morgen und spielte noch ein wenig mit dem Bildbearbeitungsprogramm, um die Kritzelei zu kolorieren. Hier das Ergebnis.<\/p>\n<p><strong>Bruni H\u00e4cker<\/strong>, Talheim bei Heilbronn<\/p>\n","protected":false},"excerpt":{"rendered":"<p>Bei einem Telefonat mit einer Bekannten, deren Redeschwall nie enden will, entstand diese Kritzelei. Von einer Abendveranstaltung am Vortag war ich sehr m\u00fcde und konnte die Augen kaum noch offen halten. Doch erst als ich laut g\u00e4hnte, gelang es mir, den Redefluss zu stoppen. Inzwischen war der Zettel vollgekritzelt. &#8222;Eigentlich zu schade f\u00fcr den Papierkorb!&#8220;, [&hellip;]<\/p>\n","protected":false},"author":265,"featured_media":0,"comment_status":"open","ping_status":"open","sticky":false,"template":"","format":"standard","meta":{"_jetpack_memberships_contains_paid_content":false,"footnotes":""},"categories":[1896],"tags":[],"class_list":["post-7086","post","type-post","status-publish","format-standard","hentry","category-kritzelei"],"yoast_head":"<!-- This site is optimized with the Yoast SEO plugin v21.0 - https:\/\/yoast.com\/wordpress\/plugins\/seo\/ -->\n<title>Die Kritzelei der Woche - ZEIT der Leser<\/title>\n<meta name=\"robots\" content=\"index, follow, max-snippet:-1, max-image-preview:large, max-video-preview:-1\" \/>\n<link rel=\"canonical\" href=\"https:\/\/blog.zeit.de\/zeit-der-leser\/2011\/09\/25\/die-kritzelei-der-woche-3\/\" \/>\n<meta property=\"og:locale\" content=\"de_DE\" \/>\n<meta property=\"og:type\" content=\"article\" \/>\n<meta property=\"og:title\" content=\"Die Kritzelei der Woche - ZEIT der Leser\" \/>\n<meta property=\"og:description\" content=\"Bei einem Telefonat mit einer Bekannten, deren Redeschwall nie enden will, entstand diese Kritzelei. Von einer Abendveranstaltung am Vortag war ich sehr m\u00fcde und konnte die Augen kaum noch offen halten. Doch erst als ich laut g\u00e4hnte, gelang es mir, den Redefluss zu stoppen. Inzwischen war der Zettel vollgekritzelt. &#8222;Eigentlich zu schade f\u00fcr den Papierkorb!&#8220;, [&hellip;]\" \/>\n<meta property=\"og:url\" content=\"https:\/\/blog.zeit.de\/zeit-der-leser\/2011\/09\/25\/die-kritzelei-der-woche-3\/\" \/>\n<meta property=\"og:site_name\" content=\"ZEIT der Leser\" \/>\n<meta property=\"article:published_time\" content=\"2011-09-25T07:00:15+00:00\" \/>\n<meta property=\"article:modified_time\" content=\"2011-09-22T11:17:26+00:00\" \/>\n<meta property=\"og:image\" content=\"https:\/\/blog.zeit.de\/zeit-der-leser\/files\/2011\/09\/s110-kritzelei1.jpg\" \/>\n<meta name=\"author\" content=\"&quot;Zeit der Leser&quot;-Redaktion\" \/>\n<meta name=\"twitter:card\" content=\"summary_large_image\" \/>\n<meta name=\"twitter:label1\" content=\"Geschrieben von\" \/>\n\t<meta name=\"twitter:data1\" content=\"\"Zeit der Leser\"-Redaktion\" \/>\n<script type=\"application\/ld+json\" class=\"yoast-schema-graph\">{\"@context\":\"https:\/\/schema.org\",\"@graph\":[{\"@type\":\"WebPage\",\"@id\":\"https:\/\/blog.zeit.de\/zeit-der-leser\/2011\/09\/25\/die-kritzelei-der-woche-3\/\",\"url\":\"https:\/\/blog.zeit.de\/zeit-der-leser\/2011\/09\/25\/die-kritzelei-der-woche-3\/\",\"name\":\"Die Kritzelei der Woche - ZEIT der Leser\",\"isPartOf\":{\"@id\":\"https:\/\/blog.zeit.de\/zeit-der-leser\/#website\"},\"datePublished\":\"2011-09-25T07:00:15+00:00\",\"dateModified\":\"2011-09-22T11:17:26+00:00\",\"author\":{\"@id\":\"https:\/\/blog.zeit.de\/zeit-der-leser\/#\/schema\/person\/583b14e5ad6368c23af846ecbde9f20f\"},\"breadcrumb\":{\"@id\":\"https:\/\/blog.zeit.de\/zeit-der-leser\/2011\/09\/25\/die-kritzelei-der-woche-3\/#breadcrumb\"},\"inLanguage\":\"de\",\"potentialAction\":[{\"@type\":\"ReadAction\",\"target\":[\"https:\/\/blog.zeit.de\/zeit-der-leser\/2011\/09\/25\/die-kritzelei-der-woche-3\/\"]}]},{\"@type\":\"BreadcrumbList\",\"@id\":\"https:\/\/blog.zeit.de\/zeit-der-leser\/2011\/09\/25\/die-kritzelei-der-woche-3\/#breadcrumb\",\"itemListElement\":[{\"@type\":\"ListItem\",\"position\":1,\"name\":\"Startseite\",\"item\":\"https:\/\/blog.zeit.de\/zeit-der-leser\/\"},{\"@type\":\"ListItem\",\"position\":2,\"name\":\"Die Kritzelei der Woche\"}]},{\"@type\":\"WebSite\",\"@id\":\"https:\/\/blog.zeit.de\/zeit-der-leser\/#website\",\"url\":\"https:\/\/blog.zeit.de\/zeit-der-leser\/\",\"name\":\"ZEIT der Leser\",\"description\":\"Ein Blog mit Ihren Notizen, Gedichten und Bildern f\u00fcr die gedruckte ZEIT\",\"potentialAction\":[{\"@type\":\"SearchAction\",\"target\":{\"@type\":\"EntryPoint\",\"urlTemplate\":\"https:\/\/blog.zeit.de\/zeit-der-leser\/?s={search_term_string}\"},\"query-input\":\"required name=search_term_string\"}],\"inLanguage\":\"de\"},{\"@type\":\"Person\",\"@id\":\"https:\/\/blog.zeit.de\/zeit-der-leser\/#\/schema\/person\/583b14e5ad6368c23af846ecbde9f20f\",\"name\":\"\\\"Zeit der Leser\\\"-Redaktion\",\"image\":{\"@type\":\"ImageObject\",\"inLanguage\":\"de\",\"@id\":\"https:\/\/blog.zeit.de\/zeit-der-leser\/#\/schema\/person\/image\/\",\"url\":\"https:\/\/secure.gravatar.com\/avatar\/e801a681bd3bbf2345131a815930b48d9f8e0a94de1346b624840dc850f67ad0?s=96&d=mm&r=g\",\"contentUrl\":\"https:\/\/secure.gravatar.com\/avatar\/e801a681bd3bbf2345131a815930b48d9f8e0a94de1346b624840dc850f67ad0?s=96&d=mm&r=g\",\"caption\":\"\\\"Zeit der Leser\\\"-Redaktion\"},\"url\":\"https:\/\/blog.zeit.de\/zeit-der-leser\/author\/zeit-der-leser-redaktion\/\"}]}<\/script>\n<!-- \/ Yoast SEO plugin. -->","yoast_head_json":{"title":"Die Kritzelei der Woche - ZEIT der Leser","robots":{"index":"index","follow":"follow","max-snippet":"max-snippet:-1","max-image-preview":"max-image-preview:large","max-video-preview":"max-video-preview:-1"},"canonical":"https:\/\/blog.zeit.de\/zeit-der-leser\/2011\/09\/25\/die-kritzelei-der-woche-3\/","og_locale":"de_DE","og_type":"article","og_title":"Die Kritzelei der Woche - ZEIT der Leser","og_description":"Bei einem Telefonat mit einer Bekannten, deren Redeschwall nie enden will, entstand diese Kritzelei. Von einer Abendveranstaltung am Vortag war ich sehr m\u00fcde und konnte die Augen kaum noch offen halten. Doch erst als ich laut g\u00e4hnte, gelang es mir, den Redefluss zu stoppen. Inzwischen war der Zettel vollgekritzelt. &#8222;Eigentlich zu schade f\u00fcr den Papierkorb!&#8220;, [&hellip;]","og_url":"https:\/\/blog.zeit.de\/zeit-der-leser\/2011\/09\/25\/die-kritzelei-der-woche-3\/","og_site_name":"ZEIT der Leser","article_published_time":"2011-09-25T07:00:15+00:00","article_modified_time":"2011-09-22T11:17:26+00:00","og_image":[{"url":"https:\/\/blog.zeit.de\/zeit-der-leser\/files\/2011\/09\/s110-kritzelei1.jpg"}],"author":"\"Zeit der Leser\"-Redaktion","twitter_card":"summary_large_image","twitter_misc":{"Geschrieben von":"\"Zeit der Leser\"-Redaktion"},"schema":{"@context":"https:\/\/schema.org","@graph":[{"@type":"WebPage","@id":"https:\/\/blog.zeit.de\/zeit-der-leser\/2011\/09\/25\/die-kritzelei-der-woche-3\/","url":"https:\/\/blog.zeit.de\/zeit-der-leser\/2011\/09\/25\/die-kritzelei-der-woche-3\/","name":"Die Kritzelei der Woche - ZEIT der Leser","isPartOf":{"@id":"https:\/\/blog.zeit.de\/zeit-der-leser\/#website"},"datePublished":"2011-09-25T07:00:15+00:00","dateModified":"2011-09-22T11:17:26+00:00","author":{"@id":"https:\/\/blog.zeit.de\/zeit-der-leser\/#\/schema\/person\/583b14e5ad6368c23af846ecbde9f20f"},"breadcrumb":{"@id":"https:\/\/blog.zeit.de\/zeit-der-leser\/2011\/09\/25\/die-kritzelei-der-woche-3\/#breadcrumb"},"inLanguage":"de","potentialAction":[{"@type":"ReadAction","target":["https:\/\/blog.zeit.de\/zeit-der-leser\/2011\/09\/25\/die-kritzelei-der-woche-3\/"]}]},{"@type":"BreadcrumbList","@id":"https:\/\/blog.zeit.de\/zeit-der-leser\/2011\/09\/25\/die-kritzelei-der-woche-3\/#breadcrumb","itemListElement":[{"@type":"ListItem","position":1,"name":"Startseite","item":"https:\/\/blog.zeit.de\/zeit-der-leser\/"},{"@type":"ListItem","position":2,"name":"Die Kritzelei der Woche"}]},{"@type":"WebSite","@id":"https:\/\/blog.zeit.de\/zeit-der-leser\/#website","url":"https:\/\/blog.zeit.de\/zeit-der-leser\/","name":"ZEIT der Leser","description":"Ein Blog mit Ihren Notizen, Gedichten und Bildern f\u00fcr die gedruckte ZEIT","potentialAction":[{"@type":"SearchAction","target":{"@type":"EntryPoint","urlTemplate":"https:\/\/blog.zeit.de\/zeit-der-leser\/?s={search_term_string}"},"query-input":"required name=search_term_string"}],"inLanguage":"de"},{"@type":"Person","@id":"https:\/\/blog.zeit.de\/zeit-der-leser\/#\/schema\/person\/583b14e5ad6368c23af846ecbde9f20f","name":"\"Zeit der Leser\"-Redaktion","image":{"@type":"ImageObject","inLanguage":"de","@id":"https:\/\/blog.zeit.de\/zeit-der-leser\/#\/schema\/person\/image\/","url":"https:\/\/secure.gravatar.com\/avatar\/e801a681bd3bbf2345131a815930b48d9f8e0a94de1346b624840dc850f67ad0?s=96&d=mm&r=g","contentUrl":"https:\/\/secure.gravatar.com\/avatar\/e801a681bd3bbf2345131a815930b48d9f8e0a94de1346b624840dc850f67ad0?s=96&d=mm&r=g","caption":"\"Zeit der Leser\"-Redaktion"},"url":"https:\/\/blog.zeit.de\/zeit-der-leser\/author\/zeit-der-leser-redaktion\/"}]}},"jetpack_featured_media_url":"","jetpack_sharing_enabled":true,"_links":{"self":[{"href":"https:\/\/blog.zeit.de\/zeit-der-leser\/wp-json\/wp\/v2\/posts\/7086","targetHints":{"allow":["GET"]}}],"collection":[{"href":"https:\/\/blog.zeit.de\/zeit-der-leser\/wp-json\/wp\/v2\/posts"}],"about":[{"href":"https:\/\/blog.zeit.de\/zeit-der-leser\/wp-json\/wp\/v2\/types\/post"}],"author":[{"embeddable":true,"href":"https:\/\/blog.zeit.de\/zeit-der-leser\/wp-json\/wp\/v2\/users\/265"}],"replies":[{"embeddable":true,"href":"https:\/\/blog.zeit.de\/zeit-der-leser\/wp-json\/wp\/v2\/comments?post=7086"}],"version-history":[{"count":5,"href":"https:\/\/blog.zeit.de\/zeit-der-leser\/wp-json\/wp\/v2\/posts\/7086\/revisions"}],"predecessor-version":[{"id":7092,"href":"https:\/\/blog.zeit.de\/zeit-der-leser\/wp-json\/wp\/v2\/posts\/7086\/revisions\/7092"}],"wp:attachment":[{"href":"https:\/\/blog.zeit.de\/zeit-der-leser\/wp-json\/wp\/v2\/media?parent=7086"}],"wp:term":[{"taxonomy":"category","embeddable":true,"href":"https:\/\/blog.zeit.de\/zeit-der-leser\/wp-json\/wp\/v2\/categories?post=7086"},{"taxonomy":"post_tag","embeddable":true,"href":"https:\/\/blog.zeit.de\/zeit-der-leser\/wp-json\/wp\/v2\/tags?post=7086"}],"curies":[{"name":"wp","href":"https:\/\/api.w.org\/{rel}","templated":true}]}}