{"id":7156,"date":"2011-09-29T09:00:53","date_gmt":"2011-09-29T07:00:53","guid":{"rendered":"http:\/\/blog.zeit.de\/zeit-der-leser\/?p=7156"},"modified":"2011-10-06T16:31:14","modified_gmt":"2011-10-06T14:31:14","slug":"warum-ich-trampe","status":"publish","type":"post","link":"https:\/\/blog.zeit.de\/zeit-der-leser\/2011\/09\/29\/warum-ich-trampe\/","title":{"rendered":"Warum ich trampe"},"content":{"rendered":"<p>Liebe Autofahrerin, lieber Autofahrer,<\/p>\n<p>ich reise, genau wie ihr. Mal mit Zeit, mal habe ich es eilig. Dabei verbringe ich viele Stunden auf Landstra\u00dfen, Auffahrten, Rastst\u00e4tten. Und warte. Auf euch! Gerade habe ich am <a href=\"www.tramprennen.org\" target=\"_blank\">Tramprennen 2011<\/a> nach Griechenland teilgenommen. Ich mag diese Art der Fortbewegung. Bahn fahren ist sch\u00f6n, aber teuer. Mitfahrzentralen sind sch\u00f6n, aber langweilig. Beim Trampen aber gibt es etwas, das schwer zu beschreiben ist. Einen Kick, ein Gl\u00fccklichsein. Wenn das Auto stoppt, dann \u00f6ffnet sich auch eine T\u00fcr in eine neue Lebenswelt. <\/p>\n<p>Wie tickt ein Multimillion\u00e4r bei 250km\/h? Wie sieht ein Lkw-Fahrer die Welt? Und andersrum: Was bewegt einen Studenten? Warum steht er hier? Manchmal sehe ich Misstrauen in euren Augen. Es ist okay, wenn ihr Nein sagt an der Rastst\u00e4tte. Doch mit einem Ja macht ihr mich gl\u00fccklich. Ein St\u00fcck vorankommen Richtung Ziel. Und manchmal \u00fcberrascht ihr mich. Fahrt Umwege, bringt mich vor die Haust\u00fcr. Teilt euer Essen, erz\u00e4hlt aus eurem Leben. Ich bin dankbar f\u00fcr diese Geschichten, Einblicke und Erfahrungen und bewundere euren Mut.<br \/>\n<strong><br \/>\nHanjo Klein<\/strong>, Bayreuth<\/p>\n","protected":false},"excerpt":{"rendered":"<p>Liebe Autofahrerin, lieber Autofahrer, ich reise, genau wie ihr. Mal mit Zeit, mal habe ich es eilig. Dabei verbringe ich viele Stunden auf Landstra\u00dfen, Auffahrten, Rastst\u00e4tten. Und warte. Auf euch! Gerade habe ich am Tramprennen 2011 nach Griechenland teilgenommen. Ich mag diese Art der Fortbewegung. Bahn fahren ist sch\u00f6n, aber teuer. Mitfahrzentralen sind sch\u00f6n, aber [&hellip;]<\/p>\n","protected":false},"author":265,"featured_media":0,"comment_status":"open","ping_status":"open","sticky":false,"template":"","format":"standard","meta":{"_jetpack_memberships_contains_paid_content":false,"footnotes":""},"categories":[1],"tags":[],"class_list":["post-7156","post","type-post","status-publish","format-standard","hentry","category-allgemein"],"yoast_head":"<!-- This site is optimized with the Yoast SEO plugin v21.0 - https:\/\/yoast.com\/wordpress\/plugins\/seo\/ -->\n<title>Warum ich trampe - ZEIT der Leser<\/title>\n<meta name=\"robots\" content=\"index, follow, max-snippet:-1, max-image-preview:large, max-video-preview:-1\" \/>\n<link rel=\"canonical\" href=\"https:\/\/blog.zeit.de\/zeit-der-leser\/2011\/09\/29\/warum-ich-trampe\/\" \/>\n<meta property=\"og:locale\" content=\"de_DE\" \/>\n<meta property=\"og:type\" content=\"article\" \/>\n<meta property=\"og:title\" content=\"Warum ich trampe - ZEIT der Leser\" \/>\n<meta property=\"og:description\" content=\"Liebe Autofahrerin, lieber Autofahrer, ich reise, genau wie ihr. Mal mit Zeit, mal habe ich es eilig. Dabei verbringe ich viele Stunden auf Landstra\u00dfen, Auffahrten, Rastst\u00e4tten. Und warte. Auf euch! Gerade habe ich am Tramprennen 2011 nach Griechenland teilgenommen. Ich mag diese Art der Fortbewegung. Bahn fahren ist sch\u00f6n, aber teuer. Mitfahrzentralen sind sch\u00f6n, aber [&hellip;]\" \/>\n<meta property=\"og:url\" content=\"https:\/\/blog.zeit.de\/zeit-der-leser\/2011\/09\/29\/warum-ich-trampe\/\" \/>\n<meta property=\"og:site_name\" content=\"ZEIT der Leser\" \/>\n<meta property=\"article:published_time\" content=\"2011-09-29T07:00:53+00:00\" \/>\n<meta property=\"article:modified_time\" content=\"2011-10-06T14:31:14+00:00\" \/>\n<meta name=\"author\" content=\"&quot;Zeit der Leser&quot;-Redaktion\" \/>\n<meta name=\"twitter:card\" content=\"summary_large_image\" \/>\n<meta name=\"twitter:label1\" content=\"Geschrieben von\" \/>\n\t<meta name=\"twitter:data1\" content=\"\"Zeit der Leser\"-Redaktion\" \/>\n\t<meta name=\"twitter:label2\" content=\"Gesch\u00e4tzte Lesezeit\" \/>\n\t<meta name=\"twitter:data2\" content=\"1\u00a0Minute\" \/>\n<script type=\"application\/ld+json\" class=\"yoast-schema-graph\">{\"@context\":\"https:\/\/schema.org\",\"@graph\":[{\"@type\":\"WebPage\",\"@id\":\"https:\/\/blog.zeit.de\/zeit-der-leser\/2011\/09\/29\/warum-ich-trampe\/\",\"url\":\"https:\/\/blog.zeit.de\/zeit-der-leser\/2011\/09\/29\/warum-ich-trampe\/\",\"name\":\"Warum ich trampe - ZEIT der Leser\",\"isPartOf\":{\"@id\":\"https:\/\/blog.zeit.de\/zeit-der-leser\/#website\"},\"datePublished\":\"2011-09-29T07:00:53+00:00\",\"dateModified\":\"2011-10-06T14:31:14+00:00\",\"author\":{\"@id\":\"https:\/\/blog.zeit.de\/zeit-der-leser\/#\/schema\/person\/583b14e5ad6368c23af846ecbde9f20f\"},\"breadcrumb\":{\"@id\":\"https:\/\/blog.zeit.de\/zeit-der-leser\/2011\/09\/29\/warum-ich-trampe\/#breadcrumb\"},\"inLanguage\":\"de\",\"potentialAction\":[{\"@type\":\"ReadAction\",\"target\":[\"https:\/\/blog.zeit.de\/zeit-der-leser\/2011\/09\/29\/warum-ich-trampe\/\"]}]},{\"@type\":\"BreadcrumbList\",\"@id\":\"https:\/\/blog.zeit.de\/zeit-der-leser\/2011\/09\/29\/warum-ich-trampe\/#breadcrumb\",\"itemListElement\":[{\"@type\":\"ListItem\",\"position\":1,\"name\":\"Startseite\",\"item\":\"https:\/\/blog.zeit.de\/zeit-der-leser\/\"},{\"@type\":\"ListItem\",\"position\":2,\"name\":\"Warum ich trampe\"}]},{\"@type\":\"WebSite\",\"@id\":\"https:\/\/blog.zeit.de\/zeit-der-leser\/#website\",\"url\":\"https:\/\/blog.zeit.de\/zeit-der-leser\/\",\"name\":\"ZEIT der Leser\",\"description\":\"Ein Blog mit Ihren Notizen, Gedichten und Bildern f\u00fcr die gedruckte ZEIT\",\"potentialAction\":[{\"@type\":\"SearchAction\",\"target\":{\"@type\":\"EntryPoint\",\"urlTemplate\":\"https:\/\/blog.zeit.de\/zeit-der-leser\/?s={search_term_string}\"},\"query-input\":\"required name=search_term_string\"}],\"inLanguage\":\"de\"},{\"@type\":\"Person\",\"@id\":\"https:\/\/blog.zeit.de\/zeit-der-leser\/#\/schema\/person\/583b14e5ad6368c23af846ecbde9f20f\",\"name\":\"\\\"Zeit der Leser\\\"-Redaktion\",\"image\":{\"@type\":\"ImageObject\",\"inLanguage\":\"de\",\"@id\":\"https:\/\/blog.zeit.de\/zeit-der-leser\/#\/schema\/person\/image\/\",\"url\":\"https:\/\/secure.gravatar.com\/avatar\/e801a681bd3bbf2345131a815930b48d9f8e0a94de1346b624840dc850f67ad0?s=96&d=mm&r=g\",\"contentUrl\":\"https:\/\/secure.gravatar.com\/avatar\/e801a681bd3bbf2345131a815930b48d9f8e0a94de1346b624840dc850f67ad0?s=96&d=mm&r=g\",\"caption\":\"\\\"Zeit der Leser\\\"-Redaktion\"},\"url\":\"https:\/\/blog.zeit.de\/zeit-der-leser\/author\/zeit-der-leser-redaktion\/\"}]}<\/script>\n<!-- \/ Yoast SEO plugin. -->","yoast_head_json":{"title":"Warum ich trampe - ZEIT der Leser","robots":{"index":"index","follow":"follow","max-snippet":"max-snippet:-1","max-image-preview":"max-image-preview:large","max-video-preview":"max-video-preview:-1"},"canonical":"https:\/\/blog.zeit.de\/zeit-der-leser\/2011\/09\/29\/warum-ich-trampe\/","og_locale":"de_DE","og_type":"article","og_title":"Warum ich trampe - ZEIT der Leser","og_description":"Liebe Autofahrerin, lieber Autofahrer, ich reise, genau wie ihr. Mal mit Zeit, mal habe ich es eilig. Dabei verbringe ich viele Stunden auf Landstra\u00dfen, Auffahrten, Rastst\u00e4tten. Und warte. Auf euch! Gerade habe ich am Tramprennen 2011 nach Griechenland teilgenommen. Ich mag diese Art der Fortbewegung. Bahn fahren ist sch\u00f6n, aber teuer. Mitfahrzentralen sind sch\u00f6n, aber [&hellip;]","og_url":"https:\/\/blog.zeit.de\/zeit-der-leser\/2011\/09\/29\/warum-ich-trampe\/","og_site_name":"ZEIT der Leser","article_published_time":"2011-09-29T07:00:53+00:00","article_modified_time":"2011-10-06T14:31:14+00:00","author":"\"Zeit der Leser\"-Redaktion","twitter_card":"summary_large_image","twitter_misc":{"Geschrieben von":"\"Zeit der Leser\"-Redaktion","Gesch\u00e4tzte Lesezeit":"1\u00a0Minute"},"schema":{"@context":"https:\/\/schema.org","@graph":[{"@type":"WebPage","@id":"https:\/\/blog.zeit.de\/zeit-der-leser\/2011\/09\/29\/warum-ich-trampe\/","url":"https:\/\/blog.zeit.de\/zeit-der-leser\/2011\/09\/29\/warum-ich-trampe\/","name":"Warum ich trampe - ZEIT der Leser","isPartOf":{"@id":"https:\/\/blog.zeit.de\/zeit-der-leser\/#website"},"datePublished":"2011-09-29T07:00:53+00:00","dateModified":"2011-10-06T14:31:14+00:00","author":{"@id":"https:\/\/blog.zeit.de\/zeit-der-leser\/#\/schema\/person\/583b14e5ad6368c23af846ecbde9f20f"},"breadcrumb":{"@id":"https:\/\/blog.zeit.de\/zeit-der-leser\/2011\/09\/29\/warum-ich-trampe\/#breadcrumb"},"inLanguage":"de","potentialAction":[{"@type":"ReadAction","target":["https:\/\/blog.zeit.de\/zeit-der-leser\/2011\/09\/29\/warum-ich-trampe\/"]}]},{"@type":"BreadcrumbList","@id":"https:\/\/blog.zeit.de\/zeit-der-leser\/2011\/09\/29\/warum-ich-trampe\/#breadcrumb","itemListElement":[{"@type":"ListItem","position":1,"name":"Startseite","item":"https:\/\/blog.zeit.de\/zeit-der-leser\/"},{"@type":"ListItem","position":2,"name":"Warum ich trampe"}]},{"@type":"WebSite","@id":"https:\/\/blog.zeit.de\/zeit-der-leser\/#website","url":"https:\/\/blog.zeit.de\/zeit-der-leser\/","name":"ZEIT der Leser","description":"Ein Blog mit Ihren Notizen, Gedichten und Bildern f\u00fcr die gedruckte ZEIT","potentialAction":[{"@type":"SearchAction","target":{"@type":"EntryPoint","urlTemplate":"https:\/\/blog.zeit.de\/zeit-der-leser\/?s={search_term_string}"},"query-input":"required name=search_term_string"}],"inLanguage":"de"},{"@type":"Person","@id":"https:\/\/blog.zeit.de\/zeit-der-leser\/#\/schema\/person\/583b14e5ad6368c23af846ecbde9f20f","name":"\"Zeit der Leser\"-Redaktion","image":{"@type":"ImageObject","inLanguage":"de","@id":"https:\/\/blog.zeit.de\/zeit-der-leser\/#\/schema\/person\/image\/","url":"https:\/\/secure.gravatar.com\/avatar\/e801a681bd3bbf2345131a815930b48d9f8e0a94de1346b624840dc850f67ad0?s=96&d=mm&r=g","contentUrl":"https:\/\/secure.gravatar.com\/avatar\/e801a681bd3bbf2345131a815930b48d9f8e0a94de1346b624840dc850f67ad0?s=96&d=mm&r=g","caption":"\"Zeit der Leser\"-Redaktion"},"url":"https:\/\/blog.zeit.de\/zeit-der-leser\/author\/zeit-der-leser-redaktion\/"}]}},"jetpack_featured_media_url":"","jetpack_sharing_enabled":true,"_links":{"self":[{"href":"https:\/\/blog.zeit.de\/zeit-der-leser\/wp-json\/wp\/v2\/posts\/7156","targetHints":{"allow":["GET"]}}],"collection":[{"href":"https:\/\/blog.zeit.de\/zeit-der-leser\/wp-json\/wp\/v2\/posts"}],"about":[{"href":"https:\/\/blog.zeit.de\/zeit-der-leser\/wp-json\/wp\/v2\/types\/post"}],"author":[{"embeddable":true,"href":"https:\/\/blog.zeit.de\/zeit-der-leser\/wp-json\/wp\/v2\/users\/265"}],"replies":[{"embeddable":true,"href":"https:\/\/blog.zeit.de\/zeit-der-leser\/wp-json\/wp\/v2\/comments?post=7156"}],"version-history":[{"count":3,"href":"https:\/\/blog.zeit.de\/zeit-der-leser\/wp-json\/wp\/v2\/posts\/7156\/revisions"}],"predecessor-version":[{"id":7314,"href":"https:\/\/blog.zeit.de\/zeit-der-leser\/wp-json\/wp\/v2\/posts\/7156\/revisions\/7314"}],"wp:attachment":[{"href":"https:\/\/blog.zeit.de\/zeit-der-leser\/wp-json\/wp\/v2\/media?parent=7156"}],"wp:term":[{"taxonomy":"category","embeddable":true,"href":"https:\/\/blog.zeit.de\/zeit-der-leser\/wp-json\/wp\/v2\/categories?post=7156"},{"taxonomy":"post_tag","embeddable":true,"href":"https:\/\/blog.zeit.de\/zeit-der-leser\/wp-json\/wp\/v2\/tags?post=7156"}],"curies":[{"name":"wp","href":"https:\/\/api.w.org\/{rel}","templated":true}]}}