{"id":7198,"date":"2011-10-05T09:00:17","date_gmt":"2011-10-05T07:00:17","guid":{"rendered":"http:\/\/blog.zeit.de\/zeit-der-leser\/?p=7198"},"modified":"2015-02-24T17:51:02","modified_gmt":"2015-02-24T16:51:02","slug":"mein-wort-schatz-bettenwechsel","status":"publish","type":"post","link":"https:\/\/blog.zeit.de\/zeit-der-leser\/2011\/10\/05\/mein-wort-schatz-bettenwechsel\/","title":{"rendered":"Bettenwechsel: Mein Wort-Schatz"},"content":{"rendered":"<p>D\u00e4nemark ist unser liebstes Urlaubsland. Alle paar Jahre, meist im Herbst, fahren wir f\u00fcr zwei Wochen hin. In den Ferienh\u00e4usern ist der Samstag der Tag, an dem an- und abgereist wird, daf\u00fcr gibt es ein Wort: <strong>Bettenwechsel<\/strong>.<\/p>\n<p>Anfangs fand ich das Wort in den Ferienhaus-Katalogen eher kurios, aber inzwischen ist es f\u00fcr mich zu einem Synonym f\u00fcr Urlaub geworden. Zumal es f\u00fcr den ersten Tag steht, den Anreisetag \u2013 der Urlaub f\u00e4ngt erst an! Fr\u00fcher, als wir im Rheinland wohnten, bedeutete das: Freitagabend das Auto packen und vor Sonnenaufgang rauf auf die Autobahn. Sechs Stunden Fahrt liegen vor uns. Wie wird das Haus diesmal sein? Kann man die Brandung h\u00f6ren? Gibt es Wind genug f\u00fcr den Drachen? Werden wir Bernstein finden? Ist der Mann mit dem Softeis noch da? Vorfreude ist eben die sch\u00f6nste Freude.<\/p>\n<p>Jetzt wohnen wir in der N\u00e4he von Hamburg. Wenn ich samstagmorgens an die Br\u00fccke \u00fcber die A 7 komme, schaue ich, wie stark der Verkehr Richtung Norden ist. In Ferienzeiten sieht man es gleich: In D\u00e4nemark ist Bettenwechsel.<\/p>\n<p><strong>Thomas Pfnorr<\/strong>, Wedel<\/p>\n","protected":false},"excerpt":{"rendered":"<p>D\u00e4nemark ist unser liebstes Urlaubsland. Alle paar Jahre, meist im Herbst, fahren wir f\u00fcr zwei Wochen hin. In den Ferienh\u00e4usern ist der Samstag der Tag, an dem an- und abgereist wird, daf\u00fcr gibt es ein Wort: Bettenwechsel. Anfangs fand ich das Wort in den Ferienhaus-Katalogen eher kurios, aber inzwischen ist es f\u00fcr mich zu einem [&hellip;]<\/p>\n","protected":false},"author":265,"featured_media":0,"comment_status":"open","ping_status":"open","sticky":false,"template":"","format":"standard","meta":{"_jetpack_memberships_contains_paid_content":false,"footnotes":""},"categories":[5687],"tags":[],"class_list":["post-7198","post","type-post","status-publish","format-standard","hentry","category-mein-wort-schatz"],"yoast_head":"<!-- This site is optimized with the Yoast SEO plugin v21.0 - https:\/\/yoast.com\/wordpress\/plugins\/seo\/ -->\n<title>Bettenwechsel: Mein Wort-Schatz - ZEIT der Leser<\/title>\n<meta name=\"robots\" content=\"index, follow, max-snippet:-1, max-image-preview:large, max-video-preview:-1\" \/>\n<link rel=\"canonical\" href=\"https:\/\/blog.zeit.de\/zeit-der-leser\/2011\/10\/05\/mein-wort-schatz-bettenwechsel\/\" \/>\n<meta property=\"og:locale\" content=\"de_DE\" \/>\n<meta property=\"og:type\" content=\"article\" \/>\n<meta property=\"og:title\" content=\"Bettenwechsel: Mein Wort-Schatz - ZEIT der Leser\" \/>\n<meta property=\"og:description\" content=\"D\u00e4nemark ist unser liebstes Urlaubsland. Alle paar Jahre, meist im Herbst, fahren wir f\u00fcr zwei Wochen hin. In den Ferienh\u00e4usern ist der Samstag der Tag, an dem an- und abgereist wird, daf\u00fcr gibt es ein Wort: Bettenwechsel. Anfangs fand ich das Wort in den Ferienhaus-Katalogen eher kurios, aber inzwischen ist es f\u00fcr mich zu einem [&hellip;]\" \/>\n<meta property=\"og:url\" content=\"https:\/\/blog.zeit.de\/zeit-der-leser\/2011\/10\/05\/mein-wort-schatz-bettenwechsel\/\" \/>\n<meta property=\"og:site_name\" content=\"ZEIT der Leser\" \/>\n<meta property=\"article:published_time\" content=\"2011-10-05T07:00:17+00:00\" \/>\n<meta property=\"article:modified_time\" content=\"2015-02-24T16:51:02+00:00\" \/>\n<meta name=\"author\" content=\"&quot;Zeit der Leser&quot;-Redaktion\" \/>\n<meta name=\"twitter:card\" content=\"summary_large_image\" \/>\n<meta name=\"twitter:label1\" content=\"Geschrieben von\" \/>\n\t<meta name=\"twitter:data1\" content=\"\"Zeit der Leser\"-Redaktion\" \/>\n\t<meta name=\"twitter:label2\" content=\"Gesch\u00e4tzte Lesezeit\" \/>\n\t<meta name=\"twitter:data2\" content=\"1\u00a0Minute\" \/>\n<script type=\"application\/ld+json\" class=\"yoast-schema-graph\">{\"@context\":\"https:\/\/schema.org\",\"@graph\":[{\"@type\":\"WebPage\",\"@id\":\"https:\/\/blog.zeit.de\/zeit-der-leser\/2011\/10\/05\/mein-wort-schatz-bettenwechsel\/\",\"url\":\"https:\/\/blog.zeit.de\/zeit-der-leser\/2011\/10\/05\/mein-wort-schatz-bettenwechsel\/\",\"name\":\"Bettenwechsel: Mein Wort-Schatz - ZEIT der Leser\",\"isPartOf\":{\"@id\":\"https:\/\/blog.zeit.de\/zeit-der-leser\/#website\"},\"datePublished\":\"2011-10-05T07:00:17+00:00\",\"dateModified\":\"2015-02-24T16:51:02+00:00\",\"author\":{\"@id\":\"https:\/\/blog.zeit.de\/zeit-der-leser\/#\/schema\/person\/583b14e5ad6368c23af846ecbde9f20f\"},\"breadcrumb\":{\"@id\":\"https:\/\/blog.zeit.de\/zeit-der-leser\/2011\/10\/05\/mein-wort-schatz-bettenwechsel\/#breadcrumb\"},\"inLanguage\":\"de\",\"potentialAction\":[{\"@type\":\"ReadAction\",\"target\":[\"https:\/\/blog.zeit.de\/zeit-der-leser\/2011\/10\/05\/mein-wort-schatz-bettenwechsel\/\"]}]},{\"@type\":\"BreadcrumbList\",\"@id\":\"https:\/\/blog.zeit.de\/zeit-der-leser\/2011\/10\/05\/mein-wort-schatz-bettenwechsel\/#breadcrumb\",\"itemListElement\":[{\"@type\":\"ListItem\",\"position\":1,\"name\":\"Startseite\",\"item\":\"https:\/\/blog.zeit.de\/zeit-der-leser\/\"},{\"@type\":\"ListItem\",\"position\":2,\"name\":\"Bettenwechsel: Mein Wort-Schatz\"}]},{\"@type\":\"WebSite\",\"@id\":\"https:\/\/blog.zeit.de\/zeit-der-leser\/#website\",\"url\":\"https:\/\/blog.zeit.de\/zeit-der-leser\/\",\"name\":\"ZEIT der Leser\",\"description\":\"Ein Blog mit Ihren Notizen, Gedichten und Bildern f\u00fcr die gedruckte ZEIT\",\"potentialAction\":[{\"@type\":\"SearchAction\",\"target\":{\"@type\":\"EntryPoint\",\"urlTemplate\":\"https:\/\/blog.zeit.de\/zeit-der-leser\/?s={search_term_string}\"},\"query-input\":\"required name=search_term_string\"}],\"inLanguage\":\"de\"},{\"@type\":\"Person\",\"@id\":\"https:\/\/blog.zeit.de\/zeit-der-leser\/#\/schema\/person\/583b14e5ad6368c23af846ecbde9f20f\",\"name\":\"\\\"Zeit der Leser\\\"-Redaktion\",\"image\":{\"@type\":\"ImageObject\",\"inLanguage\":\"de\",\"@id\":\"https:\/\/blog.zeit.de\/zeit-der-leser\/#\/schema\/person\/image\/\",\"url\":\"https:\/\/secure.gravatar.com\/avatar\/e801a681bd3bbf2345131a815930b48d9f8e0a94de1346b624840dc850f67ad0?s=96&d=mm&r=g\",\"contentUrl\":\"https:\/\/secure.gravatar.com\/avatar\/e801a681bd3bbf2345131a815930b48d9f8e0a94de1346b624840dc850f67ad0?s=96&d=mm&r=g\",\"caption\":\"\\\"Zeit der Leser\\\"-Redaktion\"},\"url\":\"https:\/\/blog.zeit.de\/zeit-der-leser\/author\/zeit-der-leser-redaktion\/\"}]}<\/script>\n<!-- \/ Yoast SEO plugin. -->","yoast_head_json":{"title":"Bettenwechsel: Mein Wort-Schatz - ZEIT der Leser","robots":{"index":"index","follow":"follow","max-snippet":"max-snippet:-1","max-image-preview":"max-image-preview:large","max-video-preview":"max-video-preview:-1"},"canonical":"https:\/\/blog.zeit.de\/zeit-der-leser\/2011\/10\/05\/mein-wort-schatz-bettenwechsel\/","og_locale":"de_DE","og_type":"article","og_title":"Bettenwechsel: Mein Wort-Schatz - ZEIT der Leser","og_description":"D\u00e4nemark ist unser liebstes Urlaubsland. Alle paar Jahre, meist im Herbst, fahren wir f\u00fcr zwei Wochen hin. In den Ferienh\u00e4usern ist der Samstag der Tag, an dem an- und abgereist wird, daf\u00fcr gibt es ein Wort: Bettenwechsel. Anfangs fand ich das Wort in den Ferienhaus-Katalogen eher kurios, aber inzwischen ist es f\u00fcr mich zu einem [&hellip;]","og_url":"https:\/\/blog.zeit.de\/zeit-der-leser\/2011\/10\/05\/mein-wort-schatz-bettenwechsel\/","og_site_name":"ZEIT der Leser","article_published_time":"2011-10-05T07:00:17+00:00","article_modified_time":"2015-02-24T16:51:02+00:00","author":"\"Zeit der Leser\"-Redaktion","twitter_card":"summary_large_image","twitter_misc":{"Geschrieben von":"\"Zeit der Leser\"-Redaktion","Gesch\u00e4tzte Lesezeit":"1\u00a0Minute"},"schema":{"@context":"https:\/\/schema.org","@graph":[{"@type":"WebPage","@id":"https:\/\/blog.zeit.de\/zeit-der-leser\/2011\/10\/05\/mein-wort-schatz-bettenwechsel\/","url":"https:\/\/blog.zeit.de\/zeit-der-leser\/2011\/10\/05\/mein-wort-schatz-bettenwechsel\/","name":"Bettenwechsel: Mein Wort-Schatz - ZEIT der Leser","isPartOf":{"@id":"https:\/\/blog.zeit.de\/zeit-der-leser\/#website"},"datePublished":"2011-10-05T07:00:17+00:00","dateModified":"2015-02-24T16:51:02+00:00","author":{"@id":"https:\/\/blog.zeit.de\/zeit-der-leser\/#\/schema\/person\/583b14e5ad6368c23af846ecbde9f20f"},"breadcrumb":{"@id":"https:\/\/blog.zeit.de\/zeit-der-leser\/2011\/10\/05\/mein-wort-schatz-bettenwechsel\/#breadcrumb"},"inLanguage":"de","potentialAction":[{"@type":"ReadAction","target":["https:\/\/blog.zeit.de\/zeit-der-leser\/2011\/10\/05\/mein-wort-schatz-bettenwechsel\/"]}]},{"@type":"BreadcrumbList","@id":"https:\/\/blog.zeit.de\/zeit-der-leser\/2011\/10\/05\/mein-wort-schatz-bettenwechsel\/#breadcrumb","itemListElement":[{"@type":"ListItem","position":1,"name":"Startseite","item":"https:\/\/blog.zeit.de\/zeit-der-leser\/"},{"@type":"ListItem","position":2,"name":"Bettenwechsel: Mein Wort-Schatz"}]},{"@type":"WebSite","@id":"https:\/\/blog.zeit.de\/zeit-der-leser\/#website","url":"https:\/\/blog.zeit.de\/zeit-der-leser\/","name":"ZEIT der Leser","description":"Ein Blog mit Ihren Notizen, Gedichten und Bildern f\u00fcr die gedruckte ZEIT","potentialAction":[{"@type":"SearchAction","target":{"@type":"EntryPoint","urlTemplate":"https:\/\/blog.zeit.de\/zeit-der-leser\/?s={search_term_string}"},"query-input":"required name=search_term_string"}],"inLanguage":"de"},{"@type":"Person","@id":"https:\/\/blog.zeit.de\/zeit-der-leser\/#\/schema\/person\/583b14e5ad6368c23af846ecbde9f20f","name":"\"Zeit der Leser\"-Redaktion","image":{"@type":"ImageObject","inLanguage":"de","@id":"https:\/\/blog.zeit.de\/zeit-der-leser\/#\/schema\/person\/image\/","url":"https:\/\/secure.gravatar.com\/avatar\/e801a681bd3bbf2345131a815930b48d9f8e0a94de1346b624840dc850f67ad0?s=96&d=mm&r=g","contentUrl":"https:\/\/secure.gravatar.com\/avatar\/e801a681bd3bbf2345131a815930b48d9f8e0a94de1346b624840dc850f67ad0?s=96&d=mm&r=g","caption":"\"Zeit der Leser\"-Redaktion"},"url":"https:\/\/blog.zeit.de\/zeit-der-leser\/author\/zeit-der-leser-redaktion\/"}]}},"jetpack_featured_media_url":"","jetpack_sharing_enabled":true,"_links":{"self":[{"href":"https:\/\/blog.zeit.de\/zeit-der-leser\/wp-json\/wp\/v2\/posts\/7198","targetHints":{"allow":["GET"]}}],"collection":[{"href":"https:\/\/blog.zeit.de\/zeit-der-leser\/wp-json\/wp\/v2\/posts"}],"about":[{"href":"https:\/\/blog.zeit.de\/zeit-der-leser\/wp-json\/wp\/v2\/types\/post"}],"author":[{"embeddable":true,"href":"https:\/\/blog.zeit.de\/zeit-der-leser\/wp-json\/wp\/v2\/users\/265"}],"replies":[{"embeddable":true,"href":"https:\/\/blog.zeit.de\/zeit-der-leser\/wp-json\/wp\/v2\/comments?post=7198"}],"version-history":[{"count":4,"href":"https:\/\/blog.zeit.de\/zeit-der-leser\/wp-json\/wp\/v2\/posts\/7198\/revisions"}],"predecessor-version":[{"id":17265,"href":"https:\/\/blog.zeit.de\/zeit-der-leser\/wp-json\/wp\/v2\/posts\/7198\/revisions\/17265"}],"wp:attachment":[{"href":"https:\/\/blog.zeit.de\/zeit-der-leser\/wp-json\/wp\/v2\/media?parent=7198"}],"wp:term":[{"taxonomy":"category","embeddable":true,"href":"https:\/\/blog.zeit.de\/zeit-der-leser\/wp-json\/wp\/v2\/categories?post=7198"},{"taxonomy":"post_tag","embeddable":true,"href":"https:\/\/blog.zeit.de\/zeit-der-leser\/wp-json\/wp\/v2\/tags?post=7198"}],"curies":[{"name":"wp","href":"https:\/\/api.w.org\/{rel}","templated":true}]}}