{"id":72,"date":"2010-03-30T13:55:22","date_gmt":"2010-03-30T11:55:22","guid":{"rendered":"http:\/\/blog.zeit.de\/zeit-der-leser\/?p=72"},"modified":"2010-03-31T11:16:42","modified_gmt":"2010-03-31T09:16:42","slug":"eine-ermutigung","status":"publish","type":"post","link":"https:\/\/blog.zeit.de\/zeit-der-leser\/2010\/03\/30\/eine-ermutigung\/","title":{"rendered":"Wiedergefunden: T\u00fcrmerlied"},"content":{"rendered":"<p>Von meinem Vater habe ich einen Teil seiner zahlreichen B\u00fccher geerbt. Noch habe ich davon nicht alle gelesen.<br \/>\nAus einem, das ich mir k\u00fcrzlich vornahm, fiel ein winziger, sparsamer Zettel heraus, auf dem in der engen Handschrift meines Vaters steht:<\/p>\n<p>Ihr gl\u00fccklichen Augen,<br \/>\nWas ihr je gesehn,<br \/>\nEs sei, wie es wolle,<br \/>\nEs war doch so sch\u00f6n!<\/p>\n<p>Ich habe diese Zeilen wiedererkannt: Es ist die letzte Strophe des Gedichts <em>T\u00fcrmerlied<\/em> von Johann Wolfgang von Goethe. Und zwanzig Jahre nach dem Tod meines Vaters sind diese Worte eine Botschaft an mich.<br \/>\nMein Vater, der sein Leben trotz K\u00e4mpfen und Leid geliebt hatte, dann aber in Verwirrung und Depression gestorben ist, will mir mit dieser Ermahnung sagen: &#8222;Danke auch du f\u00fcr alles \u2013 trotz allem!&#8220;<\/p>\n<p><em>Birgit Schicci, Lerici, Italien<\/em><\/p>\n","protected":false},"excerpt":{"rendered":"<p>Von meinem Vater habe ich einen Teil seiner zahlreichen B\u00fccher geerbt. Noch habe ich davon nicht alle gelesen. Aus einem, das ich mir k\u00fcrzlich vornahm, fiel ein winziger, sparsamer Zettel heraus, auf dem in der engen Handschrift meines Vaters steht: Ihr gl\u00fccklichen Augen, Was ihr je gesehn, Es sei, wie es wolle, Es war doch [&hellip;]<\/p>\n","protected":false},"author":264,"featured_media":0,"comment_status":"open","ping_status":"open","sticky":false,"template":"","format":"standard","meta":{"_jetpack_memberships_contains_paid_content":false,"footnotes":""},"categories":[1876],"tags":[],"class_list":["post-72","post","type-post","status-publish","format-standard","hentry","category-wiedergefunden"],"yoast_head":"<!-- This site is optimized with the Yoast SEO plugin v21.0 - https:\/\/yoast.com\/wordpress\/plugins\/seo\/ -->\n<title>Wiedergefunden: T\u00fcrmerlied - ZEIT der Leser<\/title>\n<meta name=\"robots\" content=\"index, follow, max-snippet:-1, max-image-preview:large, max-video-preview:-1\" \/>\n<link rel=\"canonical\" href=\"https:\/\/blog.zeit.de\/zeit-der-leser\/2010\/03\/30\/eine-ermutigung\/\" \/>\n<meta property=\"og:locale\" content=\"de_DE\" \/>\n<meta property=\"og:type\" content=\"article\" \/>\n<meta property=\"og:title\" content=\"Wiedergefunden: T\u00fcrmerlied - ZEIT der Leser\" \/>\n<meta property=\"og:description\" content=\"Von meinem Vater habe ich einen Teil seiner zahlreichen B\u00fccher geerbt. Noch habe ich davon nicht alle gelesen. Aus einem, das ich mir k\u00fcrzlich vornahm, fiel ein winziger, sparsamer Zettel heraus, auf dem in der engen Handschrift meines Vaters steht: Ihr gl\u00fccklichen Augen, Was ihr je gesehn, Es sei, wie es wolle, Es war doch [&hellip;]\" \/>\n<meta property=\"og:url\" content=\"https:\/\/blog.zeit.de\/zeit-der-leser\/2010\/03\/30\/eine-ermutigung\/\" \/>\n<meta property=\"og:site_name\" content=\"ZEIT der Leser\" \/>\n<meta property=\"article:published_time\" content=\"2010-03-30T11:55:22+00:00\" \/>\n<meta property=\"article:modified_time\" content=\"2010-03-31T09:16:42+00:00\" \/>\n<meta name=\"author\" content=\"Zeit der Leser\" \/>\n<meta name=\"twitter:card\" content=\"summary_large_image\" \/>\n<meta name=\"twitter:label1\" content=\"Geschrieben von\" \/>\n\t<meta name=\"twitter:data1\" content=\"Zeit der Leser\" \/>\n\t<meta name=\"twitter:label2\" content=\"Gesch\u00e4tzte Lesezeit\" \/>\n\t<meta name=\"twitter:data2\" content=\"1\u00a0Minute\" \/>\n<script type=\"application\/ld+json\" class=\"yoast-schema-graph\">{\"@context\":\"https:\/\/schema.org\",\"@graph\":[{\"@type\":\"WebPage\",\"@id\":\"https:\/\/blog.zeit.de\/zeit-der-leser\/2010\/03\/30\/eine-ermutigung\/\",\"url\":\"https:\/\/blog.zeit.de\/zeit-der-leser\/2010\/03\/30\/eine-ermutigung\/\",\"name\":\"Wiedergefunden: T\u00fcrmerlied - ZEIT der Leser\",\"isPartOf\":{\"@id\":\"https:\/\/blog.zeit.de\/zeit-der-leser\/#website\"},\"datePublished\":\"2010-03-30T11:55:22+00:00\",\"dateModified\":\"2010-03-31T09:16:42+00:00\",\"author\":{\"@id\":\"https:\/\/blog.zeit.de\/zeit-der-leser\/#\/schema\/person\/e248c7ff5a10552f6a3bd5e9385b3667\"},\"breadcrumb\":{\"@id\":\"https:\/\/blog.zeit.de\/zeit-der-leser\/2010\/03\/30\/eine-ermutigung\/#breadcrumb\"},\"inLanguage\":\"de\",\"potentialAction\":[{\"@type\":\"ReadAction\",\"target\":[\"https:\/\/blog.zeit.de\/zeit-der-leser\/2010\/03\/30\/eine-ermutigung\/\"]}]},{\"@type\":\"BreadcrumbList\",\"@id\":\"https:\/\/blog.zeit.de\/zeit-der-leser\/2010\/03\/30\/eine-ermutigung\/#breadcrumb\",\"itemListElement\":[{\"@type\":\"ListItem\",\"position\":1,\"name\":\"Startseite\",\"item\":\"https:\/\/blog.zeit.de\/zeit-der-leser\/\"},{\"@type\":\"ListItem\",\"position\":2,\"name\":\"Wiedergefunden: T\u00fcrmerlied\"}]},{\"@type\":\"WebSite\",\"@id\":\"https:\/\/blog.zeit.de\/zeit-der-leser\/#website\",\"url\":\"https:\/\/blog.zeit.de\/zeit-der-leser\/\",\"name\":\"ZEIT der Leser\",\"description\":\"Ein Blog mit Ihren Notizen, Gedichten und Bildern f\u00fcr die gedruckte ZEIT\",\"potentialAction\":[{\"@type\":\"SearchAction\",\"target\":{\"@type\":\"EntryPoint\",\"urlTemplate\":\"https:\/\/blog.zeit.de\/zeit-der-leser\/?s={search_term_string}\"},\"query-input\":\"required name=search_term_string\"}],\"inLanguage\":\"de\"},{\"@type\":\"Person\",\"@id\":\"https:\/\/blog.zeit.de\/zeit-der-leser\/#\/schema\/person\/e248c7ff5a10552f6a3bd5e9385b3667\",\"name\":\"Zeit der Leser\",\"image\":{\"@type\":\"ImageObject\",\"inLanguage\":\"de\",\"@id\":\"https:\/\/blog.zeit.de\/zeit-der-leser\/#\/schema\/person\/image\/\",\"url\":\"https:\/\/secure.gravatar.com\/avatar\/529bb2731085995bda6c8ba0e4da7e528ea8be4e6c7abdd217f176e2309035f6?s=96&d=mm&r=g\",\"contentUrl\":\"https:\/\/secure.gravatar.com\/avatar\/529bb2731085995bda6c8ba0e4da7e528ea8be4e6c7abdd217f176e2309035f6?s=96&d=mm&r=g\",\"caption\":\"Zeit der Leser\"},\"url\":\"https:\/\/blog.zeit.de\/zeit-der-leser\/author\/zeit-der-leser\/\"}]}<\/script>\n<!-- \/ Yoast SEO plugin. -->","yoast_head_json":{"title":"Wiedergefunden: T\u00fcrmerlied - ZEIT der Leser","robots":{"index":"index","follow":"follow","max-snippet":"max-snippet:-1","max-image-preview":"max-image-preview:large","max-video-preview":"max-video-preview:-1"},"canonical":"https:\/\/blog.zeit.de\/zeit-der-leser\/2010\/03\/30\/eine-ermutigung\/","og_locale":"de_DE","og_type":"article","og_title":"Wiedergefunden: T\u00fcrmerlied - ZEIT der Leser","og_description":"Von meinem Vater habe ich einen Teil seiner zahlreichen B\u00fccher geerbt. Noch habe ich davon nicht alle gelesen. Aus einem, das ich mir k\u00fcrzlich vornahm, fiel ein winziger, sparsamer Zettel heraus, auf dem in der engen Handschrift meines Vaters steht: Ihr gl\u00fccklichen Augen, Was ihr je gesehn, Es sei, wie es wolle, Es war doch [&hellip;]","og_url":"https:\/\/blog.zeit.de\/zeit-der-leser\/2010\/03\/30\/eine-ermutigung\/","og_site_name":"ZEIT der Leser","article_published_time":"2010-03-30T11:55:22+00:00","article_modified_time":"2010-03-31T09:16:42+00:00","author":"Zeit der Leser","twitter_card":"summary_large_image","twitter_misc":{"Geschrieben von":"Zeit der Leser","Gesch\u00e4tzte Lesezeit":"1\u00a0Minute"},"schema":{"@context":"https:\/\/schema.org","@graph":[{"@type":"WebPage","@id":"https:\/\/blog.zeit.de\/zeit-der-leser\/2010\/03\/30\/eine-ermutigung\/","url":"https:\/\/blog.zeit.de\/zeit-der-leser\/2010\/03\/30\/eine-ermutigung\/","name":"Wiedergefunden: T\u00fcrmerlied - ZEIT der Leser","isPartOf":{"@id":"https:\/\/blog.zeit.de\/zeit-der-leser\/#website"},"datePublished":"2010-03-30T11:55:22+00:00","dateModified":"2010-03-31T09:16:42+00:00","author":{"@id":"https:\/\/blog.zeit.de\/zeit-der-leser\/#\/schema\/person\/e248c7ff5a10552f6a3bd5e9385b3667"},"breadcrumb":{"@id":"https:\/\/blog.zeit.de\/zeit-der-leser\/2010\/03\/30\/eine-ermutigung\/#breadcrumb"},"inLanguage":"de","potentialAction":[{"@type":"ReadAction","target":["https:\/\/blog.zeit.de\/zeit-der-leser\/2010\/03\/30\/eine-ermutigung\/"]}]},{"@type":"BreadcrumbList","@id":"https:\/\/blog.zeit.de\/zeit-der-leser\/2010\/03\/30\/eine-ermutigung\/#breadcrumb","itemListElement":[{"@type":"ListItem","position":1,"name":"Startseite","item":"https:\/\/blog.zeit.de\/zeit-der-leser\/"},{"@type":"ListItem","position":2,"name":"Wiedergefunden: T\u00fcrmerlied"}]},{"@type":"WebSite","@id":"https:\/\/blog.zeit.de\/zeit-der-leser\/#website","url":"https:\/\/blog.zeit.de\/zeit-der-leser\/","name":"ZEIT der Leser","description":"Ein Blog mit Ihren Notizen, Gedichten und Bildern f\u00fcr die gedruckte ZEIT","potentialAction":[{"@type":"SearchAction","target":{"@type":"EntryPoint","urlTemplate":"https:\/\/blog.zeit.de\/zeit-der-leser\/?s={search_term_string}"},"query-input":"required name=search_term_string"}],"inLanguage":"de"},{"@type":"Person","@id":"https:\/\/blog.zeit.de\/zeit-der-leser\/#\/schema\/person\/e248c7ff5a10552f6a3bd5e9385b3667","name":"Zeit der Leser","image":{"@type":"ImageObject","inLanguage":"de","@id":"https:\/\/blog.zeit.de\/zeit-der-leser\/#\/schema\/person\/image\/","url":"https:\/\/secure.gravatar.com\/avatar\/529bb2731085995bda6c8ba0e4da7e528ea8be4e6c7abdd217f176e2309035f6?s=96&d=mm&r=g","contentUrl":"https:\/\/secure.gravatar.com\/avatar\/529bb2731085995bda6c8ba0e4da7e528ea8be4e6c7abdd217f176e2309035f6?s=96&d=mm&r=g","caption":"Zeit der Leser"},"url":"https:\/\/blog.zeit.de\/zeit-der-leser\/author\/zeit-der-leser\/"}]}},"jetpack_featured_media_url":"","jetpack_sharing_enabled":true,"_links":{"self":[{"href":"https:\/\/blog.zeit.de\/zeit-der-leser\/wp-json\/wp\/v2\/posts\/72","targetHints":{"allow":["GET"]}}],"collection":[{"href":"https:\/\/blog.zeit.de\/zeit-der-leser\/wp-json\/wp\/v2\/posts"}],"about":[{"href":"https:\/\/blog.zeit.de\/zeit-der-leser\/wp-json\/wp\/v2\/types\/post"}],"author":[{"embeddable":true,"href":"https:\/\/blog.zeit.de\/zeit-der-leser\/wp-json\/wp\/v2\/users\/264"}],"replies":[{"embeddable":true,"href":"https:\/\/blog.zeit.de\/zeit-der-leser\/wp-json\/wp\/v2\/comments?post=72"}],"version-history":[{"count":0,"href":"https:\/\/blog.zeit.de\/zeit-der-leser\/wp-json\/wp\/v2\/posts\/72\/revisions"}],"wp:attachment":[{"href":"https:\/\/blog.zeit.de\/zeit-der-leser\/wp-json\/wp\/v2\/media?parent=72"}],"wp:term":[{"taxonomy":"category","embeddable":true,"href":"https:\/\/blog.zeit.de\/zeit-der-leser\/wp-json\/wp\/v2\/categories?post=72"},{"taxonomy":"post_tag","embeddable":true,"href":"https:\/\/blog.zeit.de\/zeit-der-leser\/wp-json\/wp\/v2\/tags?post=72"}],"curies":[{"name":"wp","href":"https:\/\/api.w.org\/{rel}","templated":true}]}}