{"id":7235,"date":"2011-10-06T10:00:46","date_gmt":"2011-10-06T08:00:46","guid":{"rendered":"http:\/\/blog.zeit.de\/zeit-der-leser\/?p=7235"},"modified":"2015-02-24T17:50:43","modified_gmt":"2015-02-24T16:50:43","slug":"mein-wort-schatz-zu-ddr-zeiten","status":"publish","type":"post","link":"https:\/\/blog.zeit.de\/zeit-der-leser\/2011\/10\/06\/mein-wort-schatz-zu-ddr-zeiten\/","title":{"rendered":"Zu DDR-Zeiten: Mein Wort-Schatz"},"content":{"rendered":"<p>\u00bbDiese H\u00fctte hier, die war <strong>zu DDR-Zeiten<\/strong> beheizt.\u00ab Zu DDR-Zeiten \u2013 auch so eine Redewendung, die aller Voraussicht nach in zehn, zwanzig Jahren ausgestorben sein wird. Heute aber h\u00f6re ich sie noch viel hier in den neuen L\u00e4ndern; mir, der Zugezogenen gegen\u00fcber, aber erst wenn der Sprecher sich von meiner Harmlosigkeit \u00fcberzeugt hat. Oder wenn er austesten will, wie ich wohl reagiere. Dann schaut man mir in die Augen, die Worte haben einen trotzigen Ton, und ich kann nur spekulieren, weshalb. Meist aber sind es junge Leute, denen mit\u00a0 diesen Worten erkl\u00e4rt wird, wie es fr\u00fcher war, vor der Wende. Ich nehme an, fu\u0308r diese jungen Leute ist es \u00e4hnlich spannend wie fu\u0308r meine Generation, wenn der Vater oder Gro\u00dfvater eine Erz\u00e4hlung mit den Worten \u00bbDamals, nach dem Krieg&#8230;\u00ab eingeleitet hat. F\u00fcr mich heute aber \u00f6ffnet die Redewendung \u00bbin DDR-Zeiten\u00ab ganze Welten, die gro\u00dfe Geschichte in\u00a0 kleinen, privaten Mosaiksteinchen. Es schwingt mit: Erinnerung, manchmal wehm\u00fctig. Erschrecken, dass man verd\u00e4chtigt werden k\u00f6nnte, ostalgisch zu sein und die alte Zeit\u00a0 wiederhaben zu wollen. Dann wird schnell ein \u00bbAber heute ist das ja gl\u00fccklicherweise anders geregelt\u00ab nachgeschoben. Oder, wie im angef\u00fchrten Fall, es spricht daraus auch der Stolz, dass etwas damals besser war, die Verwunderung, dass etwas heute, in den doch so viel bequemeren Zeiten, unbequemer geworden ist. Wer diese Redewendung benutzt, sagt damit\u00a0 eigentlich: \u00bbIn meiner Jugend\u00ab. Und es sind nur Leute aus derselben Generation, aber von der anderen Seite der Mauer, die verstehen wollen, wie das damals war.<\/p>\n<p><strong>Charlotte Bensch<\/strong>, Weimar<\/p>\n","protected":false},"excerpt":{"rendered":"<p>\u00bbDiese H\u00fctte hier, die war zu DDR-Zeiten beheizt.\u00ab Zu DDR-Zeiten \u2013 auch so eine Redewendung, die aller Voraussicht nach in zehn, zwanzig Jahren ausgestorben sein wird. Heute aber h\u00f6re ich sie noch viel hier in den neuen L\u00e4ndern; mir, der Zugezogenen gegen\u00fcber, aber erst wenn der Sprecher sich von meiner Harmlosigkeit \u00fcberzeugt hat. Oder wenn [&hellip;]<\/p>\n","protected":false},"author":265,"featured_media":0,"comment_status":"open","ping_status":"open","sticky":false,"template":"","format":"standard","meta":{"_jetpack_memberships_contains_paid_content":false,"footnotes":""},"categories":[5687],"tags":[],"class_list":["post-7235","post","type-post","status-publish","format-standard","hentry","category-mein-wort-schatz"],"yoast_head":"<!-- This site is optimized with the Yoast SEO plugin v21.0 - https:\/\/yoast.com\/wordpress\/plugins\/seo\/ -->\n<title>Zu DDR-Zeiten: Mein Wort-Schatz - ZEIT der Leser<\/title>\n<meta name=\"robots\" content=\"index, follow, max-snippet:-1, max-image-preview:large, max-video-preview:-1\" \/>\n<link rel=\"canonical\" href=\"https:\/\/blog.zeit.de\/zeit-der-leser\/2011\/10\/06\/mein-wort-schatz-zu-ddr-zeiten\/\" \/>\n<meta property=\"og:locale\" content=\"de_DE\" \/>\n<meta property=\"og:type\" content=\"article\" \/>\n<meta property=\"og:title\" content=\"Zu DDR-Zeiten: Mein Wort-Schatz - ZEIT der Leser\" \/>\n<meta property=\"og:description\" content=\"\u00bbDiese H\u00fctte hier, die war zu DDR-Zeiten beheizt.\u00ab Zu DDR-Zeiten \u2013 auch so eine Redewendung, die aller Voraussicht nach in zehn, zwanzig Jahren ausgestorben sein wird. Heute aber h\u00f6re ich sie noch viel hier in den neuen L\u00e4ndern; mir, der Zugezogenen gegen\u00fcber, aber erst wenn der Sprecher sich von meiner Harmlosigkeit \u00fcberzeugt hat. Oder wenn [&hellip;]\" \/>\n<meta property=\"og:url\" content=\"https:\/\/blog.zeit.de\/zeit-der-leser\/2011\/10\/06\/mein-wort-schatz-zu-ddr-zeiten\/\" \/>\n<meta property=\"og:site_name\" content=\"ZEIT der Leser\" \/>\n<meta property=\"article:published_time\" content=\"2011-10-06T08:00:46+00:00\" \/>\n<meta property=\"article:modified_time\" content=\"2015-02-24T16:50:43+00:00\" \/>\n<meta name=\"author\" content=\"&quot;Zeit der Leser&quot;-Redaktion\" \/>\n<meta name=\"twitter:card\" content=\"summary_large_image\" \/>\n<meta name=\"twitter:label1\" content=\"Geschrieben von\" \/>\n\t<meta name=\"twitter:data1\" content=\"\"Zeit der Leser\"-Redaktion\" \/>\n\t<meta name=\"twitter:label2\" content=\"Gesch\u00e4tzte Lesezeit\" \/>\n\t<meta name=\"twitter:data2\" content=\"1\u00a0Minute\" \/>\n<script type=\"application\/ld+json\" class=\"yoast-schema-graph\">{\"@context\":\"https:\/\/schema.org\",\"@graph\":[{\"@type\":\"WebPage\",\"@id\":\"https:\/\/blog.zeit.de\/zeit-der-leser\/2011\/10\/06\/mein-wort-schatz-zu-ddr-zeiten\/\",\"url\":\"https:\/\/blog.zeit.de\/zeit-der-leser\/2011\/10\/06\/mein-wort-schatz-zu-ddr-zeiten\/\",\"name\":\"Zu DDR-Zeiten: Mein Wort-Schatz - ZEIT der Leser\",\"isPartOf\":{\"@id\":\"https:\/\/blog.zeit.de\/zeit-der-leser\/#website\"},\"datePublished\":\"2011-10-06T08:00:46+00:00\",\"dateModified\":\"2015-02-24T16:50:43+00:00\",\"author\":{\"@id\":\"https:\/\/blog.zeit.de\/zeit-der-leser\/#\/schema\/person\/583b14e5ad6368c23af846ecbde9f20f\"},\"breadcrumb\":{\"@id\":\"https:\/\/blog.zeit.de\/zeit-der-leser\/2011\/10\/06\/mein-wort-schatz-zu-ddr-zeiten\/#breadcrumb\"},\"inLanguage\":\"de\",\"potentialAction\":[{\"@type\":\"ReadAction\",\"target\":[\"https:\/\/blog.zeit.de\/zeit-der-leser\/2011\/10\/06\/mein-wort-schatz-zu-ddr-zeiten\/\"]}]},{\"@type\":\"BreadcrumbList\",\"@id\":\"https:\/\/blog.zeit.de\/zeit-der-leser\/2011\/10\/06\/mein-wort-schatz-zu-ddr-zeiten\/#breadcrumb\",\"itemListElement\":[{\"@type\":\"ListItem\",\"position\":1,\"name\":\"Startseite\",\"item\":\"https:\/\/blog.zeit.de\/zeit-der-leser\/\"},{\"@type\":\"ListItem\",\"position\":2,\"name\":\"Zu DDR-Zeiten: Mein Wort-Schatz\"}]},{\"@type\":\"WebSite\",\"@id\":\"https:\/\/blog.zeit.de\/zeit-der-leser\/#website\",\"url\":\"https:\/\/blog.zeit.de\/zeit-der-leser\/\",\"name\":\"ZEIT der Leser\",\"description\":\"Ein Blog mit Ihren Notizen, Gedichten und Bildern f\u00fcr die gedruckte ZEIT\",\"potentialAction\":[{\"@type\":\"SearchAction\",\"target\":{\"@type\":\"EntryPoint\",\"urlTemplate\":\"https:\/\/blog.zeit.de\/zeit-der-leser\/?s={search_term_string}\"},\"query-input\":\"required name=search_term_string\"}],\"inLanguage\":\"de\"},{\"@type\":\"Person\",\"@id\":\"https:\/\/blog.zeit.de\/zeit-der-leser\/#\/schema\/person\/583b14e5ad6368c23af846ecbde9f20f\",\"name\":\"\\\"Zeit der Leser\\\"-Redaktion\",\"image\":{\"@type\":\"ImageObject\",\"inLanguage\":\"de\",\"@id\":\"https:\/\/blog.zeit.de\/zeit-der-leser\/#\/schema\/person\/image\/\",\"url\":\"https:\/\/secure.gravatar.com\/avatar\/e801a681bd3bbf2345131a815930b48d9f8e0a94de1346b624840dc850f67ad0?s=96&d=mm&r=g\",\"contentUrl\":\"https:\/\/secure.gravatar.com\/avatar\/e801a681bd3bbf2345131a815930b48d9f8e0a94de1346b624840dc850f67ad0?s=96&d=mm&r=g\",\"caption\":\"\\\"Zeit der Leser\\\"-Redaktion\"},\"url\":\"https:\/\/blog.zeit.de\/zeit-der-leser\/author\/zeit-der-leser-redaktion\/\"}]}<\/script>\n<!-- \/ Yoast SEO plugin. -->","yoast_head_json":{"title":"Zu DDR-Zeiten: Mein Wort-Schatz - ZEIT der Leser","robots":{"index":"index","follow":"follow","max-snippet":"max-snippet:-1","max-image-preview":"max-image-preview:large","max-video-preview":"max-video-preview:-1"},"canonical":"https:\/\/blog.zeit.de\/zeit-der-leser\/2011\/10\/06\/mein-wort-schatz-zu-ddr-zeiten\/","og_locale":"de_DE","og_type":"article","og_title":"Zu DDR-Zeiten: Mein Wort-Schatz - ZEIT der Leser","og_description":"\u00bbDiese H\u00fctte hier, die war zu DDR-Zeiten beheizt.\u00ab Zu DDR-Zeiten \u2013 auch so eine Redewendung, die aller Voraussicht nach in zehn, zwanzig Jahren ausgestorben sein wird. Heute aber h\u00f6re ich sie noch viel hier in den neuen L\u00e4ndern; mir, der Zugezogenen gegen\u00fcber, aber erst wenn der Sprecher sich von meiner Harmlosigkeit \u00fcberzeugt hat. Oder wenn [&hellip;]","og_url":"https:\/\/blog.zeit.de\/zeit-der-leser\/2011\/10\/06\/mein-wort-schatz-zu-ddr-zeiten\/","og_site_name":"ZEIT der Leser","article_published_time":"2011-10-06T08:00:46+00:00","article_modified_time":"2015-02-24T16:50:43+00:00","author":"\"Zeit der Leser\"-Redaktion","twitter_card":"summary_large_image","twitter_misc":{"Geschrieben von":"\"Zeit der Leser\"-Redaktion","Gesch\u00e4tzte Lesezeit":"1\u00a0Minute"},"schema":{"@context":"https:\/\/schema.org","@graph":[{"@type":"WebPage","@id":"https:\/\/blog.zeit.de\/zeit-der-leser\/2011\/10\/06\/mein-wort-schatz-zu-ddr-zeiten\/","url":"https:\/\/blog.zeit.de\/zeit-der-leser\/2011\/10\/06\/mein-wort-schatz-zu-ddr-zeiten\/","name":"Zu DDR-Zeiten: Mein Wort-Schatz - ZEIT der Leser","isPartOf":{"@id":"https:\/\/blog.zeit.de\/zeit-der-leser\/#website"},"datePublished":"2011-10-06T08:00:46+00:00","dateModified":"2015-02-24T16:50:43+00:00","author":{"@id":"https:\/\/blog.zeit.de\/zeit-der-leser\/#\/schema\/person\/583b14e5ad6368c23af846ecbde9f20f"},"breadcrumb":{"@id":"https:\/\/blog.zeit.de\/zeit-der-leser\/2011\/10\/06\/mein-wort-schatz-zu-ddr-zeiten\/#breadcrumb"},"inLanguage":"de","potentialAction":[{"@type":"ReadAction","target":["https:\/\/blog.zeit.de\/zeit-der-leser\/2011\/10\/06\/mein-wort-schatz-zu-ddr-zeiten\/"]}]},{"@type":"BreadcrumbList","@id":"https:\/\/blog.zeit.de\/zeit-der-leser\/2011\/10\/06\/mein-wort-schatz-zu-ddr-zeiten\/#breadcrumb","itemListElement":[{"@type":"ListItem","position":1,"name":"Startseite","item":"https:\/\/blog.zeit.de\/zeit-der-leser\/"},{"@type":"ListItem","position":2,"name":"Zu DDR-Zeiten: Mein Wort-Schatz"}]},{"@type":"WebSite","@id":"https:\/\/blog.zeit.de\/zeit-der-leser\/#website","url":"https:\/\/blog.zeit.de\/zeit-der-leser\/","name":"ZEIT der Leser","description":"Ein Blog mit Ihren Notizen, Gedichten und Bildern f\u00fcr die gedruckte ZEIT","potentialAction":[{"@type":"SearchAction","target":{"@type":"EntryPoint","urlTemplate":"https:\/\/blog.zeit.de\/zeit-der-leser\/?s={search_term_string}"},"query-input":"required name=search_term_string"}],"inLanguage":"de"},{"@type":"Person","@id":"https:\/\/blog.zeit.de\/zeit-der-leser\/#\/schema\/person\/583b14e5ad6368c23af846ecbde9f20f","name":"\"Zeit der Leser\"-Redaktion","image":{"@type":"ImageObject","inLanguage":"de","@id":"https:\/\/blog.zeit.de\/zeit-der-leser\/#\/schema\/person\/image\/","url":"https:\/\/secure.gravatar.com\/avatar\/e801a681bd3bbf2345131a815930b48d9f8e0a94de1346b624840dc850f67ad0?s=96&d=mm&r=g","contentUrl":"https:\/\/secure.gravatar.com\/avatar\/e801a681bd3bbf2345131a815930b48d9f8e0a94de1346b624840dc850f67ad0?s=96&d=mm&r=g","caption":"\"Zeit der Leser\"-Redaktion"},"url":"https:\/\/blog.zeit.de\/zeit-der-leser\/author\/zeit-der-leser-redaktion\/"}]}},"jetpack_featured_media_url":"","jetpack_sharing_enabled":true,"_links":{"self":[{"href":"https:\/\/blog.zeit.de\/zeit-der-leser\/wp-json\/wp\/v2\/posts\/7235","targetHints":{"allow":["GET"]}}],"collection":[{"href":"https:\/\/blog.zeit.de\/zeit-der-leser\/wp-json\/wp\/v2\/posts"}],"about":[{"href":"https:\/\/blog.zeit.de\/zeit-der-leser\/wp-json\/wp\/v2\/types\/post"}],"author":[{"embeddable":true,"href":"https:\/\/blog.zeit.de\/zeit-der-leser\/wp-json\/wp\/v2\/users\/265"}],"replies":[{"embeddable":true,"href":"https:\/\/blog.zeit.de\/zeit-der-leser\/wp-json\/wp\/v2\/comments?post=7235"}],"version-history":[{"count":8,"href":"https:\/\/blog.zeit.de\/zeit-der-leser\/wp-json\/wp\/v2\/posts\/7235\/revisions"}],"predecessor-version":[{"id":19836,"href":"https:\/\/blog.zeit.de\/zeit-der-leser\/wp-json\/wp\/v2\/posts\/7235\/revisions\/19836"}],"wp:attachment":[{"href":"https:\/\/blog.zeit.de\/zeit-der-leser\/wp-json\/wp\/v2\/media?parent=7235"}],"wp:term":[{"taxonomy":"category","embeddable":true,"href":"https:\/\/blog.zeit.de\/zeit-der-leser\/wp-json\/wp\/v2\/categories?post=7235"},{"taxonomy":"post_tag","embeddable":true,"href":"https:\/\/blog.zeit.de\/zeit-der-leser\/wp-json\/wp\/v2\/tags?post=7235"}],"curies":[{"name":"wp","href":"https:\/\/api.w.org\/{rel}","templated":true}]}}