{"id":7243,"date":"2011-10-08T10:00:17","date_gmt":"2011-10-08T08:00:17","guid":{"rendered":"http:\/\/blog.zeit.de\/zeit-der-leser\/?p=7243"},"modified":"2011-10-05T15:49:09","modified_gmt":"2011-10-05T13:49:09","slug":"zeitsprung-30","status":"publish","type":"post","link":"https:\/\/blog.zeit.de\/zeit-der-leser\/2011\/10\/08\/zeitsprung-30\/","title":{"rendered":"Zeitsprung"},"content":{"rendered":"<p><figure id=\"attachment_7244\" aria-describedby=\"caption-attachment-7244\" style=\"width: 540px\" class=\"wp-caption alignnone\"><a href=\"https:\/\/blog.zeit.de\/zeit-der-leser\/files\/2011\/10\/2001-zeitsprung.jpg\"><img loading=\"lazy\" decoding=\"async\" class=\"size-full wp-image-7244\" src=\"https:\/\/blog.zeit.de\/zeit-der-leser\/files\/2011\/10\/2001-zeitsprung.jpg\" alt=\"\" width=\"540\" height=\"300\" srcset=\"https:\/\/blog.zeit.de\/zeit-der-leser\/files\/2011\/10\/2001-zeitsprung.jpg 540w, https:\/\/blog.zeit.de\/zeit-der-leser\/files\/2011\/10\/2001-zeitsprung-300x166.jpg 300w\" sizes=\"auto, (max-width: 540px) 100vw, 540px\" \/><\/a><figcaption id=\"caption-attachment-7244\" class=\"wp-caption-text\">2001<\/figcaption><\/figure><\/p>\n<p><figure id=\"attachment_7245\" aria-describedby=\"caption-attachment-7245\" style=\"width: 540px\" class=\"wp-caption alignnone\"><a href=\"https:\/\/blog.zeit.de\/zeit-der-leser\/files\/2011\/10\/2011-zeitsprung.jpg\"><img loading=\"lazy\" decoding=\"async\" class=\"size-full wp-image-7245\" src=\"https:\/\/blog.zeit.de\/zeit-der-leser\/files\/2011\/10\/2011-zeitsprung.jpg\" alt=\"\" width=\"540\" height=\"300\" srcset=\"https:\/\/blog.zeit.de\/zeit-der-leser\/files\/2011\/10\/2011-zeitsprung.jpg 540w, https:\/\/blog.zeit.de\/zeit-der-leser\/files\/2011\/10\/2011-zeitsprung-300x166.jpg 300w\" sizes=\"auto, (max-width: 540px) 100vw, 540px\" \/><\/a><figcaption id=\"caption-attachment-7245\" class=\"wp-caption-text\">2011<\/figcaption><\/figure><\/p>\n<p>Vor 20 Jahren wurde unser Sohn Jonas geboren, vier Jahre sp\u00e4ter unsere Tochter Marie. Der Wesenskern der Kinder, das Originelle und Individuelle, war vom ersten Tag an zu sp\u00fcren und zu sehen. Seitdem wachsen sie in diese mitgebrachte Form und f\u00fcllen sie mit ihrer eigenen Art. Als Eltern k\u00f6nnen wir diese Entwicklung meistens nur beobachten. Das Empfangen wird zum Betreuen, bald zum Begleiten, dann zur Unterst\u00fctzung. Was folgt, ist das loslassen, der Abschied, das Freigeben neuer R\u00e4ume. Jonas und Marie hatten immer ihren eigenen Platz in der Familie und sind einander als Geschwister sehr verbunden. Die beiden Bilder zeigen einen Zeitsprung von 2001 nach 2011, und eigentlich war beim ersten Bild schon abzusehen, wie es zehn Jahre sp\u00e4ter sein w\u00fcrde. Vor wenigen Tagen haben wir unseren Sohn in sein \u00bbFreies Soziales Jahr\u00ab verabschiedet, das er in einem Favelaprojekt in S\u00e3o Paulo absolvieren wird. Kurz vor Schluss wurde es noch einmal turbulent in der Familie, vieles war noch zu organisieren, zu regeln und zu \u00fcbergeben. Alle waren gut vorbereitet, die Zeit war reif, und es war eine Freude, Jonas gehen zu sehen.<\/p>\n<p><em>Kurt Friedrich, Darmstadt<\/em><\/p>\n","protected":false},"excerpt":{"rendered":"<p>Vor 20 Jahren wurde unser Sohn Jonas geboren, vier Jahre sp\u00e4ter unsere Tochter Marie. Der Wesenskern der Kinder, das Originelle und Individuelle, war vom ersten Tag an zu sp\u00fcren und zu sehen. Seitdem wachsen sie in diese mitgebrachte Form und f\u00fcllen sie mit ihrer eigenen Art. Als Eltern k\u00f6nnen wir diese Entwicklung meistens nur beobachten. [&hellip;]<\/p>\n","protected":false},"author":265,"featured_media":0,"comment_status":"open","ping_status":"open","sticky":false,"template":"","format":"standard","meta":{"_jetpack_memberships_contains_paid_content":false,"footnotes":""},"categories":[1878],"tags":[],"class_list":["post-7243","post","type-post","status-publish","format-standard","hentry","category-zeitsprung"],"yoast_head":"<!-- This site is optimized with the Yoast SEO plugin v21.0 - https:\/\/yoast.com\/wordpress\/plugins\/seo\/ -->\n<title>Zeitsprung - ZEIT der Leser<\/title>\n<meta name=\"robots\" content=\"index, follow, max-snippet:-1, max-image-preview:large, max-video-preview:-1\" \/>\n<link rel=\"canonical\" href=\"https:\/\/blog.zeit.de\/zeit-der-leser\/2011\/10\/08\/zeitsprung-30\/\" \/>\n<meta property=\"og:locale\" content=\"de_DE\" \/>\n<meta property=\"og:type\" content=\"article\" \/>\n<meta property=\"og:title\" content=\"Zeitsprung - ZEIT der Leser\" \/>\n<meta property=\"og:description\" content=\"Vor 20 Jahren wurde unser Sohn Jonas geboren, vier Jahre sp\u00e4ter unsere Tochter Marie. Der Wesenskern der Kinder, das Originelle und Individuelle, war vom ersten Tag an zu sp\u00fcren und zu sehen. Seitdem wachsen sie in diese mitgebrachte Form und f\u00fcllen sie mit ihrer eigenen Art. Als Eltern k\u00f6nnen wir diese Entwicklung meistens nur beobachten. [&hellip;]\" \/>\n<meta property=\"og:url\" content=\"https:\/\/blog.zeit.de\/zeit-der-leser\/2011\/10\/08\/zeitsprung-30\/\" \/>\n<meta property=\"og:site_name\" content=\"ZEIT der Leser\" \/>\n<meta property=\"article:published_time\" content=\"2011-10-08T08:00:17+00:00\" \/>\n<meta property=\"article:modified_time\" content=\"2011-10-05T13:49:09+00:00\" \/>\n<meta property=\"og:image\" content=\"https:\/\/blog.zeit.de\/zeit-der-leser\/files\/2011\/10\/2001-zeitsprung.jpg\" \/>\n<meta name=\"author\" content=\"&quot;Zeit der Leser&quot;-Redaktion\" \/>\n<meta name=\"twitter:card\" content=\"summary_large_image\" \/>\n<meta name=\"twitter:label1\" content=\"Geschrieben von\" \/>\n\t<meta name=\"twitter:data1\" content=\"\"Zeit der Leser\"-Redaktion\" \/>\n\t<meta name=\"twitter:label2\" content=\"Gesch\u00e4tzte Lesezeit\" \/>\n\t<meta name=\"twitter:data2\" content=\"1\u00a0Minute\" \/>\n<script type=\"application\/ld+json\" class=\"yoast-schema-graph\">{\"@context\":\"https:\/\/schema.org\",\"@graph\":[{\"@type\":\"WebPage\",\"@id\":\"https:\/\/blog.zeit.de\/zeit-der-leser\/2011\/10\/08\/zeitsprung-30\/\",\"url\":\"https:\/\/blog.zeit.de\/zeit-der-leser\/2011\/10\/08\/zeitsprung-30\/\",\"name\":\"Zeitsprung - ZEIT der Leser\",\"isPartOf\":{\"@id\":\"https:\/\/blog.zeit.de\/zeit-der-leser\/#website\"},\"datePublished\":\"2011-10-08T08:00:17+00:00\",\"dateModified\":\"2011-10-05T13:49:09+00:00\",\"author\":{\"@id\":\"https:\/\/blog.zeit.de\/zeit-der-leser\/#\/schema\/person\/583b14e5ad6368c23af846ecbde9f20f\"},\"breadcrumb\":{\"@id\":\"https:\/\/blog.zeit.de\/zeit-der-leser\/2011\/10\/08\/zeitsprung-30\/#breadcrumb\"},\"inLanguage\":\"de\",\"potentialAction\":[{\"@type\":\"ReadAction\",\"target\":[\"https:\/\/blog.zeit.de\/zeit-der-leser\/2011\/10\/08\/zeitsprung-30\/\"]}]},{\"@type\":\"BreadcrumbList\",\"@id\":\"https:\/\/blog.zeit.de\/zeit-der-leser\/2011\/10\/08\/zeitsprung-30\/#breadcrumb\",\"itemListElement\":[{\"@type\":\"ListItem\",\"position\":1,\"name\":\"Startseite\",\"item\":\"https:\/\/blog.zeit.de\/zeit-der-leser\/\"},{\"@type\":\"ListItem\",\"position\":2,\"name\":\"Zeitsprung\"}]},{\"@type\":\"WebSite\",\"@id\":\"https:\/\/blog.zeit.de\/zeit-der-leser\/#website\",\"url\":\"https:\/\/blog.zeit.de\/zeit-der-leser\/\",\"name\":\"ZEIT der Leser\",\"description\":\"Ein Blog mit Ihren Notizen, Gedichten und Bildern f\u00fcr die gedruckte ZEIT\",\"potentialAction\":[{\"@type\":\"SearchAction\",\"target\":{\"@type\":\"EntryPoint\",\"urlTemplate\":\"https:\/\/blog.zeit.de\/zeit-der-leser\/?s={search_term_string}\"},\"query-input\":\"required name=search_term_string\"}],\"inLanguage\":\"de\"},{\"@type\":\"Person\",\"@id\":\"https:\/\/blog.zeit.de\/zeit-der-leser\/#\/schema\/person\/583b14e5ad6368c23af846ecbde9f20f\",\"name\":\"\\\"Zeit der Leser\\\"-Redaktion\",\"image\":{\"@type\":\"ImageObject\",\"inLanguage\":\"de\",\"@id\":\"https:\/\/blog.zeit.de\/zeit-der-leser\/#\/schema\/person\/image\/\",\"url\":\"https:\/\/secure.gravatar.com\/avatar\/e801a681bd3bbf2345131a815930b48d9f8e0a94de1346b624840dc850f67ad0?s=96&d=mm&r=g\",\"contentUrl\":\"https:\/\/secure.gravatar.com\/avatar\/e801a681bd3bbf2345131a815930b48d9f8e0a94de1346b624840dc850f67ad0?s=96&d=mm&r=g\",\"caption\":\"\\\"Zeit der Leser\\\"-Redaktion\"},\"url\":\"https:\/\/blog.zeit.de\/zeit-der-leser\/author\/zeit-der-leser-redaktion\/\"}]}<\/script>\n<!-- \/ Yoast SEO plugin. -->","yoast_head_json":{"title":"Zeitsprung - ZEIT der Leser","robots":{"index":"index","follow":"follow","max-snippet":"max-snippet:-1","max-image-preview":"max-image-preview:large","max-video-preview":"max-video-preview:-1"},"canonical":"https:\/\/blog.zeit.de\/zeit-der-leser\/2011\/10\/08\/zeitsprung-30\/","og_locale":"de_DE","og_type":"article","og_title":"Zeitsprung - ZEIT der Leser","og_description":"Vor 20 Jahren wurde unser Sohn Jonas geboren, vier Jahre sp\u00e4ter unsere Tochter Marie. Der Wesenskern der Kinder, das Originelle und Individuelle, war vom ersten Tag an zu sp\u00fcren und zu sehen. Seitdem wachsen sie in diese mitgebrachte Form und f\u00fcllen sie mit ihrer eigenen Art. Als Eltern k\u00f6nnen wir diese Entwicklung meistens nur beobachten. [&hellip;]","og_url":"https:\/\/blog.zeit.de\/zeit-der-leser\/2011\/10\/08\/zeitsprung-30\/","og_site_name":"ZEIT der Leser","article_published_time":"2011-10-08T08:00:17+00:00","article_modified_time":"2011-10-05T13:49:09+00:00","og_image":[{"url":"https:\/\/blog.zeit.de\/zeit-der-leser\/files\/2011\/10\/2001-zeitsprung.jpg"}],"author":"\"Zeit der Leser\"-Redaktion","twitter_card":"summary_large_image","twitter_misc":{"Geschrieben von":"\"Zeit der Leser\"-Redaktion","Gesch\u00e4tzte Lesezeit":"1\u00a0Minute"},"schema":{"@context":"https:\/\/schema.org","@graph":[{"@type":"WebPage","@id":"https:\/\/blog.zeit.de\/zeit-der-leser\/2011\/10\/08\/zeitsprung-30\/","url":"https:\/\/blog.zeit.de\/zeit-der-leser\/2011\/10\/08\/zeitsprung-30\/","name":"Zeitsprung - ZEIT der Leser","isPartOf":{"@id":"https:\/\/blog.zeit.de\/zeit-der-leser\/#website"},"datePublished":"2011-10-08T08:00:17+00:00","dateModified":"2011-10-05T13:49:09+00:00","author":{"@id":"https:\/\/blog.zeit.de\/zeit-der-leser\/#\/schema\/person\/583b14e5ad6368c23af846ecbde9f20f"},"breadcrumb":{"@id":"https:\/\/blog.zeit.de\/zeit-der-leser\/2011\/10\/08\/zeitsprung-30\/#breadcrumb"},"inLanguage":"de","potentialAction":[{"@type":"ReadAction","target":["https:\/\/blog.zeit.de\/zeit-der-leser\/2011\/10\/08\/zeitsprung-30\/"]}]},{"@type":"BreadcrumbList","@id":"https:\/\/blog.zeit.de\/zeit-der-leser\/2011\/10\/08\/zeitsprung-30\/#breadcrumb","itemListElement":[{"@type":"ListItem","position":1,"name":"Startseite","item":"https:\/\/blog.zeit.de\/zeit-der-leser\/"},{"@type":"ListItem","position":2,"name":"Zeitsprung"}]},{"@type":"WebSite","@id":"https:\/\/blog.zeit.de\/zeit-der-leser\/#website","url":"https:\/\/blog.zeit.de\/zeit-der-leser\/","name":"ZEIT der Leser","description":"Ein Blog mit Ihren Notizen, Gedichten und Bildern f\u00fcr die gedruckte ZEIT","potentialAction":[{"@type":"SearchAction","target":{"@type":"EntryPoint","urlTemplate":"https:\/\/blog.zeit.de\/zeit-der-leser\/?s={search_term_string}"},"query-input":"required name=search_term_string"}],"inLanguage":"de"},{"@type":"Person","@id":"https:\/\/blog.zeit.de\/zeit-der-leser\/#\/schema\/person\/583b14e5ad6368c23af846ecbde9f20f","name":"\"Zeit der Leser\"-Redaktion","image":{"@type":"ImageObject","inLanguage":"de","@id":"https:\/\/blog.zeit.de\/zeit-der-leser\/#\/schema\/person\/image\/","url":"https:\/\/secure.gravatar.com\/avatar\/e801a681bd3bbf2345131a815930b48d9f8e0a94de1346b624840dc850f67ad0?s=96&d=mm&r=g","contentUrl":"https:\/\/secure.gravatar.com\/avatar\/e801a681bd3bbf2345131a815930b48d9f8e0a94de1346b624840dc850f67ad0?s=96&d=mm&r=g","caption":"\"Zeit der Leser\"-Redaktion"},"url":"https:\/\/blog.zeit.de\/zeit-der-leser\/author\/zeit-der-leser-redaktion\/"}]}},"jetpack_featured_media_url":"","jetpack_sharing_enabled":true,"_links":{"self":[{"href":"https:\/\/blog.zeit.de\/zeit-der-leser\/wp-json\/wp\/v2\/posts\/7243","targetHints":{"allow":["GET"]}}],"collection":[{"href":"https:\/\/blog.zeit.de\/zeit-der-leser\/wp-json\/wp\/v2\/posts"}],"about":[{"href":"https:\/\/blog.zeit.de\/zeit-der-leser\/wp-json\/wp\/v2\/types\/post"}],"author":[{"embeddable":true,"href":"https:\/\/blog.zeit.de\/zeit-der-leser\/wp-json\/wp\/v2\/users\/265"}],"replies":[{"embeddable":true,"href":"https:\/\/blog.zeit.de\/zeit-der-leser\/wp-json\/wp\/v2\/comments?post=7243"}],"version-history":[{"count":3,"href":"https:\/\/blog.zeit.de\/zeit-der-leser\/wp-json\/wp\/v2\/posts\/7243\/revisions"}],"predecessor-version":[{"id":7248,"href":"https:\/\/blog.zeit.de\/zeit-der-leser\/wp-json\/wp\/v2\/posts\/7243\/revisions\/7248"}],"wp:attachment":[{"href":"https:\/\/blog.zeit.de\/zeit-der-leser\/wp-json\/wp\/v2\/media?parent=7243"}],"wp:term":[{"taxonomy":"category","embeddable":true,"href":"https:\/\/blog.zeit.de\/zeit-der-leser\/wp-json\/wp\/v2\/categories?post=7243"},{"taxonomy":"post_tag","embeddable":true,"href":"https:\/\/blog.zeit.de\/zeit-der-leser\/wp-json\/wp\/v2\/tags?post=7243"}],"curies":[{"name":"wp","href":"https:\/\/api.w.org\/{rel}","templated":true}]}}