{"id":7342,"date":"2011-10-13T10:05:08","date_gmt":"2011-10-13T08:05:08","guid":{"rendered":"http:\/\/blog.zeit.de\/zeit-der-leser\/?p=7342"},"modified":"2015-02-24T17:49:58","modified_gmt":"2015-02-24T16:49:58","slug":"mein-wort-schatz-chaiselongue","status":"publish","type":"post","link":"https:\/\/blog.zeit.de\/zeit-der-leser\/2011\/10\/13\/mein-wort-schatz-chaiselongue\/","title":{"rendered":"Chaiselongue: Mein Wort-Schatz"},"content":{"rendered":"<p>Aus der K\u00fcche meiner Eltern war sie nicht wegzudenken: die <strong>Chaiselongue<\/strong>. Auch meine Schwiegereltern hatten so ein Liegesofa. Es bereicherte das Esszimmer. Mit dem erh\u00f6hten\u00a0 Kopfteil war es fu\u0308r eine Person das ideale Kurzzeitruhem\u00f6belst\u00fcck fu\u0308r ein Mittagsschl\u00e4fchen. Doch nicht nur aus den allermeisten Wohnungen, sondern auch aus dem heutigen\u00a0 Wortschatz ist das gepolsterte \u00bbR\u00f6mersofa\u00ab praktisch verschwunden. Als alltagstaugliche Sitzgelegenheit wie auch als Tagesruhem\u00f6glichkeit geh\u00f6rte es nach meiner Erfahrung zur\u00a0 Einrichtungsnormalit\u00e4t der sechziger und siebziger Jahre. Offenbar steht es heute auf der Roten Liste der vom Aussterben bedrohten Begriffe. Rein zuf\u00e4llig ist es mir vor Kurzem wiederbegegnet, das Wort \u00bbChaiselongue\u00ab. Wie ein alter, lieb gewonnener Bekannter, den man seit Jahrzehnten nicht mehr gesehen hat, f\u00fchlte es sich an, das Erinnern an den \u00bblangen Stuhl\u00ab, wie er w\u00f6rtlich u\u0308bersetzt hei\u00dft. Viele Kindheitserinnerungen verbinde ich damit, die spontan wieder pr\u00e4sent waren. Schonungslos strapazierte ich das M\u00f6belst\u00fcck damals als Spielwiese und Trampolin oder zweckentfremdete es als Sprungbrett und Austragungsort fu\u0308r Raufereien mit Spielgef\u00e4hrten. Auch Tobi, unser kleiner Hund, hat es genossen, darauf zu toben \u2013 oder neben seinem Herrchen solidarisch mitzud\u00f6sen. Vielleicht wird sie ja im Zuge des angesagten Retro-Trends irgendwann wieder hip und erlebt als modernes, megacooles\u00a0 Designerst\u00fcck eine Renaissance, die Chaiselongue!<\/p>\n<p><strong>Thomas Fu\u0308rba\u00df<\/strong>, Bad Sch\u00f6nborn<\/p>\n","protected":false},"excerpt":{"rendered":"<p>Aus der K\u00fcche meiner Eltern war sie nicht wegzudenken: die Chaiselongue. Auch meine Schwiegereltern hatten so ein Liegesofa. Es bereicherte das Esszimmer. Mit dem erh\u00f6hten\u00a0 Kopfteil war es fu\u0308r eine Person das ideale Kurzzeitruhem\u00f6belst\u00fcck fu\u0308r ein Mittagsschl\u00e4fchen. Doch nicht nur aus den allermeisten Wohnungen, sondern auch aus dem heutigen\u00a0 Wortschatz ist das gepolsterte \u00bbR\u00f6mersofa\u00ab praktisch [&hellip;]<\/p>\n","protected":false},"author":265,"featured_media":0,"comment_status":"open","ping_status":"open","sticky":false,"template":"","format":"standard","meta":{"_jetpack_memberships_contains_paid_content":false,"footnotes":""},"categories":[5687],"tags":[],"class_list":["post-7342","post","type-post","status-publish","format-standard","hentry","category-mein-wort-schatz"],"yoast_head":"<!-- This site is optimized with the Yoast SEO plugin v21.0 - https:\/\/yoast.com\/wordpress\/plugins\/seo\/ -->\n<title>Chaiselongue: Mein Wort-Schatz - ZEIT der Leser<\/title>\n<meta name=\"robots\" content=\"index, follow, max-snippet:-1, max-image-preview:large, max-video-preview:-1\" \/>\n<link rel=\"canonical\" href=\"https:\/\/blog.zeit.de\/zeit-der-leser\/2011\/10\/13\/mein-wort-schatz-chaiselongue\/\" \/>\n<meta property=\"og:locale\" content=\"de_DE\" \/>\n<meta property=\"og:type\" content=\"article\" \/>\n<meta property=\"og:title\" content=\"Chaiselongue: Mein Wort-Schatz - ZEIT der Leser\" \/>\n<meta property=\"og:description\" content=\"Aus der K\u00fcche meiner Eltern war sie nicht wegzudenken: die Chaiselongue. Auch meine Schwiegereltern hatten so ein Liegesofa. Es bereicherte das Esszimmer. Mit dem erh\u00f6hten\u00a0 Kopfteil war es fu\u0308r eine Person das ideale Kurzzeitruhem\u00f6belst\u00fcck fu\u0308r ein Mittagsschl\u00e4fchen. Doch nicht nur aus den allermeisten Wohnungen, sondern auch aus dem heutigen\u00a0 Wortschatz ist das gepolsterte \u00bbR\u00f6mersofa\u00ab praktisch [&hellip;]\" \/>\n<meta property=\"og:url\" content=\"https:\/\/blog.zeit.de\/zeit-der-leser\/2011\/10\/13\/mein-wort-schatz-chaiselongue\/\" \/>\n<meta property=\"og:site_name\" content=\"ZEIT der Leser\" \/>\n<meta property=\"article:published_time\" content=\"2011-10-13T08:05:08+00:00\" \/>\n<meta property=\"article:modified_time\" content=\"2015-02-24T16:49:58+00:00\" \/>\n<meta name=\"author\" content=\"&quot;Zeit der Leser&quot;-Redaktion\" \/>\n<meta name=\"twitter:card\" content=\"summary_large_image\" \/>\n<meta name=\"twitter:label1\" content=\"Geschrieben von\" \/>\n\t<meta name=\"twitter:data1\" content=\"\"Zeit der Leser\"-Redaktion\" \/>\n\t<meta name=\"twitter:label2\" content=\"Gesch\u00e4tzte Lesezeit\" \/>\n\t<meta name=\"twitter:data2\" content=\"1\u00a0Minute\" \/>\n<script type=\"application\/ld+json\" class=\"yoast-schema-graph\">{\"@context\":\"https:\/\/schema.org\",\"@graph\":[{\"@type\":\"WebPage\",\"@id\":\"https:\/\/blog.zeit.de\/zeit-der-leser\/2011\/10\/13\/mein-wort-schatz-chaiselongue\/\",\"url\":\"https:\/\/blog.zeit.de\/zeit-der-leser\/2011\/10\/13\/mein-wort-schatz-chaiselongue\/\",\"name\":\"Chaiselongue: Mein Wort-Schatz - ZEIT der Leser\",\"isPartOf\":{\"@id\":\"https:\/\/blog.zeit.de\/zeit-der-leser\/#website\"},\"datePublished\":\"2011-10-13T08:05:08+00:00\",\"dateModified\":\"2015-02-24T16:49:58+00:00\",\"author\":{\"@id\":\"https:\/\/blog.zeit.de\/zeit-der-leser\/#\/schema\/person\/583b14e5ad6368c23af846ecbde9f20f\"},\"breadcrumb\":{\"@id\":\"https:\/\/blog.zeit.de\/zeit-der-leser\/2011\/10\/13\/mein-wort-schatz-chaiselongue\/#breadcrumb\"},\"inLanguage\":\"de\",\"potentialAction\":[{\"@type\":\"ReadAction\",\"target\":[\"https:\/\/blog.zeit.de\/zeit-der-leser\/2011\/10\/13\/mein-wort-schatz-chaiselongue\/\"]}]},{\"@type\":\"BreadcrumbList\",\"@id\":\"https:\/\/blog.zeit.de\/zeit-der-leser\/2011\/10\/13\/mein-wort-schatz-chaiselongue\/#breadcrumb\",\"itemListElement\":[{\"@type\":\"ListItem\",\"position\":1,\"name\":\"Startseite\",\"item\":\"https:\/\/blog.zeit.de\/zeit-der-leser\/\"},{\"@type\":\"ListItem\",\"position\":2,\"name\":\"Chaiselongue: Mein Wort-Schatz\"}]},{\"@type\":\"WebSite\",\"@id\":\"https:\/\/blog.zeit.de\/zeit-der-leser\/#website\",\"url\":\"https:\/\/blog.zeit.de\/zeit-der-leser\/\",\"name\":\"ZEIT der Leser\",\"description\":\"Ein Blog mit Ihren Notizen, Gedichten und Bildern f\u00fcr die gedruckte ZEIT\",\"potentialAction\":[{\"@type\":\"SearchAction\",\"target\":{\"@type\":\"EntryPoint\",\"urlTemplate\":\"https:\/\/blog.zeit.de\/zeit-der-leser\/?s={search_term_string}\"},\"query-input\":\"required name=search_term_string\"}],\"inLanguage\":\"de\"},{\"@type\":\"Person\",\"@id\":\"https:\/\/blog.zeit.de\/zeit-der-leser\/#\/schema\/person\/583b14e5ad6368c23af846ecbde9f20f\",\"name\":\"\\\"Zeit der Leser\\\"-Redaktion\",\"image\":{\"@type\":\"ImageObject\",\"inLanguage\":\"de\",\"@id\":\"https:\/\/blog.zeit.de\/zeit-der-leser\/#\/schema\/person\/image\/\",\"url\":\"https:\/\/secure.gravatar.com\/avatar\/e801a681bd3bbf2345131a815930b48d9f8e0a94de1346b624840dc850f67ad0?s=96&d=mm&r=g\",\"contentUrl\":\"https:\/\/secure.gravatar.com\/avatar\/e801a681bd3bbf2345131a815930b48d9f8e0a94de1346b624840dc850f67ad0?s=96&d=mm&r=g\",\"caption\":\"\\\"Zeit der Leser\\\"-Redaktion\"},\"url\":\"https:\/\/blog.zeit.de\/zeit-der-leser\/author\/zeit-der-leser-redaktion\/\"}]}<\/script>\n<!-- \/ Yoast SEO plugin. -->","yoast_head_json":{"title":"Chaiselongue: Mein Wort-Schatz - ZEIT der Leser","robots":{"index":"index","follow":"follow","max-snippet":"max-snippet:-1","max-image-preview":"max-image-preview:large","max-video-preview":"max-video-preview:-1"},"canonical":"https:\/\/blog.zeit.de\/zeit-der-leser\/2011\/10\/13\/mein-wort-schatz-chaiselongue\/","og_locale":"de_DE","og_type":"article","og_title":"Chaiselongue: Mein Wort-Schatz - ZEIT der Leser","og_description":"Aus der K\u00fcche meiner Eltern war sie nicht wegzudenken: die Chaiselongue. Auch meine Schwiegereltern hatten so ein Liegesofa. Es bereicherte das Esszimmer. Mit dem erh\u00f6hten\u00a0 Kopfteil war es fu\u0308r eine Person das ideale Kurzzeitruhem\u00f6belst\u00fcck fu\u0308r ein Mittagsschl\u00e4fchen. Doch nicht nur aus den allermeisten Wohnungen, sondern auch aus dem heutigen\u00a0 Wortschatz ist das gepolsterte \u00bbR\u00f6mersofa\u00ab praktisch [&hellip;]","og_url":"https:\/\/blog.zeit.de\/zeit-der-leser\/2011\/10\/13\/mein-wort-schatz-chaiselongue\/","og_site_name":"ZEIT der Leser","article_published_time":"2011-10-13T08:05:08+00:00","article_modified_time":"2015-02-24T16:49:58+00:00","author":"\"Zeit der Leser\"-Redaktion","twitter_card":"summary_large_image","twitter_misc":{"Geschrieben von":"\"Zeit der Leser\"-Redaktion","Gesch\u00e4tzte Lesezeit":"1\u00a0Minute"},"schema":{"@context":"https:\/\/schema.org","@graph":[{"@type":"WebPage","@id":"https:\/\/blog.zeit.de\/zeit-der-leser\/2011\/10\/13\/mein-wort-schatz-chaiselongue\/","url":"https:\/\/blog.zeit.de\/zeit-der-leser\/2011\/10\/13\/mein-wort-schatz-chaiselongue\/","name":"Chaiselongue: Mein Wort-Schatz - ZEIT der Leser","isPartOf":{"@id":"https:\/\/blog.zeit.de\/zeit-der-leser\/#website"},"datePublished":"2011-10-13T08:05:08+00:00","dateModified":"2015-02-24T16:49:58+00:00","author":{"@id":"https:\/\/blog.zeit.de\/zeit-der-leser\/#\/schema\/person\/583b14e5ad6368c23af846ecbde9f20f"},"breadcrumb":{"@id":"https:\/\/blog.zeit.de\/zeit-der-leser\/2011\/10\/13\/mein-wort-schatz-chaiselongue\/#breadcrumb"},"inLanguage":"de","potentialAction":[{"@type":"ReadAction","target":["https:\/\/blog.zeit.de\/zeit-der-leser\/2011\/10\/13\/mein-wort-schatz-chaiselongue\/"]}]},{"@type":"BreadcrumbList","@id":"https:\/\/blog.zeit.de\/zeit-der-leser\/2011\/10\/13\/mein-wort-schatz-chaiselongue\/#breadcrumb","itemListElement":[{"@type":"ListItem","position":1,"name":"Startseite","item":"https:\/\/blog.zeit.de\/zeit-der-leser\/"},{"@type":"ListItem","position":2,"name":"Chaiselongue: Mein Wort-Schatz"}]},{"@type":"WebSite","@id":"https:\/\/blog.zeit.de\/zeit-der-leser\/#website","url":"https:\/\/blog.zeit.de\/zeit-der-leser\/","name":"ZEIT der Leser","description":"Ein Blog mit Ihren Notizen, Gedichten und Bildern f\u00fcr die gedruckte ZEIT","potentialAction":[{"@type":"SearchAction","target":{"@type":"EntryPoint","urlTemplate":"https:\/\/blog.zeit.de\/zeit-der-leser\/?s={search_term_string}"},"query-input":"required name=search_term_string"}],"inLanguage":"de"},{"@type":"Person","@id":"https:\/\/blog.zeit.de\/zeit-der-leser\/#\/schema\/person\/583b14e5ad6368c23af846ecbde9f20f","name":"\"Zeit der Leser\"-Redaktion","image":{"@type":"ImageObject","inLanguage":"de","@id":"https:\/\/blog.zeit.de\/zeit-der-leser\/#\/schema\/person\/image\/","url":"https:\/\/secure.gravatar.com\/avatar\/e801a681bd3bbf2345131a815930b48d9f8e0a94de1346b624840dc850f67ad0?s=96&d=mm&r=g","contentUrl":"https:\/\/secure.gravatar.com\/avatar\/e801a681bd3bbf2345131a815930b48d9f8e0a94de1346b624840dc850f67ad0?s=96&d=mm&r=g","caption":"\"Zeit der Leser\"-Redaktion"},"url":"https:\/\/blog.zeit.de\/zeit-der-leser\/author\/zeit-der-leser-redaktion\/"}]}},"jetpack_featured_media_url":"","jetpack_sharing_enabled":true,"_links":{"self":[{"href":"https:\/\/blog.zeit.de\/zeit-der-leser\/wp-json\/wp\/v2\/posts\/7342","targetHints":{"allow":["GET"]}}],"collection":[{"href":"https:\/\/blog.zeit.de\/zeit-der-leser\/wp-json\/wp\/v2\/posts"}],"about":[{"href":"https:\/\/blog.zeit.de\/zeit-der-leser\/wp-json\/wp\/v2\/types\/post"}],"author":[{"embeddable":true,"href":"https:\/\/blog.zeit.de\/zeit-der-leser\/wp-json\/wp\/v2\/users\/265"}],"replies":[{"embeddable":true,"href":"https:\/\/blog.zeit.de\/zeit-der-leser\/wp-json\/wp\/v2\/comments?post=7342"}],"version-history":[{"count":8,"href":"https:\/\/blog.zeit.de\/zeit-der-leser\/wp-json\/wp\/v2\/posts\/7342\/revisions"}],"predecessor-version":[{"id":19834,"href":"https:\/\/blog.zeit.de\/zeit-der-leser\/wp-json\/wp\/v2\/posts\/7342\/revisions\/19834"}],"wp:attachment":[{"href":"https:\/\/blog.zeit.de\/zeit-der-leser\/wp-json\/wp\/v2\/media?parent=7342"}],"wp:term":[{"taxonomy":"category","embeddable":true,"href":"https:\/\/blog.zeit.de\/zeit-der-leser\/wp-json\/wp\/v2\/categories?post=7342"},{"taxonomy":"post_tag","embeddable":true,"href":"https:\/\/blog.zeit.de\/zeit-der-leser\/wp-json\/wp\/v2\/tags?post=7342"}],"curies":[{"name":"wp","href":"https:\/\/api.w.org\/{rel}","templated":true}]}}