{"id":7414,"date":"2011-10-14T12:00:37","date_gmt":"2011-10-14T10:00:37","guid":{"rendered":"http:\/\/blog.zeit.de\/zeit-der-leser\/?p=7414"},"modified":"2011-10-14T11:50:14","modified_gmt":"2011-10-14T09:50:14","slug":"65-jahre-die-zeit-36","status":"publish","type":"post","link":"https:\/\/blog.zeit.de\/zeit-der-leser\/2011\/10\/14\/65-jahre-die-zeit-36\/","title":{"rendered":"65 Jahre DIE ZEIT"},"content":{"rendered":"<p>Am 28. und 29. September reisten Moritz M\u00fcller-Wirth, Stellvertretender Chefredakteur und Feuilleton-Chef der ZEIT, sowie Silvie Rundel, Leiterin der Presse- und \u00d6ffentlichkeitsarbeit, nach S\u00fcddeutschland. Bei herrlichstem Sp\u00e4tsommerwetter hie\u00df der erste Stopp \u00dcberlingen am Bodensee. Der <a href=\"http:\/\/www.soroptimist-ueberlingen.de\/index.php?option=com_content&amp;view=frontpage&amp;Itemid=55\" target=\"_blank\">Soroptimist International Club<\/a> hatte sich einen Besuch der ZEIT gew\u00fcnscht, um mehr \u00fcber die Arbeit in Redaktion und Verlag einer Zeitung zu erfahren. Soroptimist International ist eine Organisation berufst\u00e4tiger Frauen, die es weltweit in vielen St\u00e4dten gibt. Die \u00dcberlinger Mitglieder kommen aus unterschiedlichen Branchen, von der Apothekerin zur selbstst\u00e4ndigen Gesch\u00e4ftsfrau. Im Hotel Ochsen am Bodensee stellten rund 30 Soroptimisten, darunter viele ZEIT-Leserinnen und einige geladene G\u00e4ste, den Hamburger Besuchern Fragen zu Redaktion und Verlag: Wie entsteht eine Titelgeschichte? Wie geht DIE ZEIT mit Fehlern im Blatt um? Und wie profitiert die Wochenzeitung vom Feedback der Leserinnen und Leser?<\/p>\n<p><figure id=\"attachment_7416\" aria-describedby=\"caption-attachment-7416\" style=\"width: 540px\" class=\"wp-caption aligncenter\"><a href=\"https:\/\/blog.zeit.de\/zeit-der-leser\/files\/2011\/10\/wirth_%C3%9Cberlingen1.jpg\"><img loading=\"lazy\" decoding=\"async\" class=\"size-full wp-image-7416\" src=\"https:\/\/blog.zeit.de\/zeit-der-leser\/files\/2011\/10\/wirth_%C3%9Cberlingen1.jpg\" alt=\"\" width=\"540\" height=\"304\" \/><\/a><figcaption id=\"caption-attachment-7416\" class=\"wp-caption-text\">Diskussion mit den Damen von Soroptimist International Club \u00dcberlingen<\/figcaption><\/figure><\/p>\n<p>Am n\u00e4chsten Morgen ging die Reise weiter nach Ravensburg an das <a href=\"http:\/\/www.aeg.rv.bw.schule.de\/joomla\/\" target=\"_blank\">Albert-Einstein-Gymnasium<\/a>. Studienrat J\u00fcrgen Straub hatte sich den Besuch gew\u00fcnscht, um seinen Sch\u00fclern einen Einblick in die Arbeitsweise einer Zeitungsredaktion zu geben. In der Schulaula erkl\u00e4rte Moritz M\u00fcller-Wirth am Beispiel der aktuellen Ausgabe wie DIE ZEIT jede Woche entsteht: Von der Themenfindung in unterschiedlichen Konferenzen \u00fcber die Produktion der einzelnen Ressorts bis zum Erscheinen der ZEIT am Donnerstag und der anschlie\u00dfenden Blattkritik, bei der die erschienenen Artikel gelobt oder kritisiert werden.<\/p>\n<p>Der Stellvertretende Chefredakteur erkl\u00e4rte auch, wie sich DIE ZEIT ihre redaktionelle Unabh\u00e4ngigkeit sichert: Trotz der wirtschaftlichen Bedeutung von Anzeigen und damit von Unternehmen, die diese schalten, agiere die Redaktion v\u00f6llig unabh\u00e4ngig von diesen. Dies sei die Basis f\u00fcr den Erfolg der ZEIT als Qualit\u00e4tszeitung. M\u00fcller-Wirth erkl\u00e4rte auch, wie DIE ZEIT ihre Leser einbinde. Die Seite \u201eZEIT der Leser\u201c sei nur eine von vielen Ma\u00dfnahmen: So stimmt ein Leserpanel jede Woche \u00fcber die kommende Titelgeschichte ab, es gibt regelm\u00e4\u00dfige Treffen zwischen Lesern und Redakteuren, und beim Tag der offenen T\u00fcr in diesem Jahr besuchten \u00fcber 2000 Menschen das Hamburger Verlagshaus. Den Zuh\u00f6rern gefiel dieser Blick hinter die Kulissen: \u201eSch\u00f6n, dass sich jemand die Zeit nimmt, uns Sch\u00fclern die komplexen Vorg\u00e4nge und die Problemstellungen der journalistischen Arbeit n\u00e4herzubringen\u201c, so Robert Blennemann. Und Alexander Kott\u00e9 best\u00e4tigt: \u201eEin neues Erlebnis, das mit DIE ZEIT n\u00e4her brachte. Viele Hintergrundinformationen, die man sonst wahrscheinlich nicht bekommen h\u00e4tte.\u201c<\/p>\n<p><figure id=\"attachment_7415\" aria-describedby=\"caption-attachment-7415\" style=\"width: 540px\" class=\"wp-caption aligncenter\"><a href=\"https:\/\/blog.zeit.de\/zeit-der-leser\/files\/2011\/10\/wirth_ravensburg2.jpg\"><img loading=\"lazy\" decoding=\"async\" class=\"size-full wp-image-7415\" src=\"https:\/\/blog.zeit.de\/zeit-der-leser\/files\/2011\/10\/wirth_ravensburg2.jpg\" alt=\"\" width=\"540\" height=\"304\" srcset=\"https:\/\/blog.zeit.de\/zeit-der-leser\/files\/2011\/10\/wirth_ravensburg2.jpg 540w, https:\/\/blog.zeit.de\/zeit-der-leser\/files\/2011\/10\/wirth_ravensburg2-300x168.jpg 300w\" sizes=\"auto, (max-width: 540px) 100vw, 540px\" \/><\/a><figcaption id=\"caption-attachment-7415\" class=\"wp-caption-text\">Silvie Rundel und Moritz M\u00fcller-Wirth am Albert-Einstein-Gymnasium in Ravensburg<\/figcaption><\/figure><\/p>\n","protected":false},"excerpt":{"rendered":"<p>Am 28. und 29. September reisten Moritz M\u00fcller-Wirth, Stellvertretender Chefredakteur und Feuilleton-Chef der ZEIT, sowie Silvie Rundel, Leiterin der Presse- und \u00d6ffentlichkeitsarbeit, nach S\u00fcddeutschland. Bei herrlichstem Sp\u00e4tsommerwetter hie\u00df der erste Stopp \u00dcberlingen am Bodensee. Der Soroptimist International Club hatte sich einen Besuch der ZEIT gew\u00fcnscht, um mehr \u00fcber die Arbeit in Redaktion und Verlag einer [&hellip;]<\/p>\n","protected":false},"author":265,"featured_media":0,"comment_status":"open","ping_status":"open","sticky":false,"template":"","format":"standard","meta":{"_jetpack_memberships_contains_paid_content":false,"footnotes":""},"categories":[5686],"tags":[],"class_list":["post-7414","post","type-post","status-publish","format-standard","hentry","category-65-jahre-die-zeit"],"yoast_head":"<!-- This site is optimized with the Yoast SEO plugin v21.0 - https:\/\/yoast.com\/wordpress\/plugins\/seo\/ -->\n<title>65 Jahre DIE ZEIT - ZEIT der Leser<\/title>\n<meta name=\"robots\" content=\"index, follow, max-snippet:-1, max-image-preview:large, max-video-preview:-1\" \/>\n<link rel=\"canonical\" href=\"https:\/\/blog.zeit.de\/zeit-der-leser\/2011\/10\/14\/65-jahre-die-zeit-36\/\" \/>\n<meta property=\"og:locale\" content=\"de_DE\" \/>\n<meta property=\"og:type\" content=\"article\" \/>\n<meta property=\"og:title\" content=\"65 Jahre DIE ZEIT - ZEIT der Leser\" \/>\n<meta property=\"og:description\" content=\"Am 28. und 29. September reisten Moritz M\u00fcller-Wirth, Stellvertretender Chefredakteur und Feuilleton-Chef der ZEIT, sowie Silvie Rundel, Leiterin der Presse- und \u00d6ffentlichkeitsarbeit, nach S\u00fcddeutschland. Bei herrlichstem Sp\u00e4tsommerwetter hie\u00df der erste Stopp \u00dcberlingen am Bodensee. Der Soroptimist International Club hatte sich einen Besuch der ZEIT gew\u00fcnscht, um mehr \u00fcber die Arbeit in Redaktion und Verlag einer [&hellip;]\" \/>\n<meta property=\"og:url\" content=\"https:\/\/blog.zeit.de\/zeit-der-leser\/2011\/10\/14\/65-jahre-die-zeit-36\/\" \/>\n<meta property=\"og:site_name\" content=\"ZEIT der Leser\" \/>\n<meta property=\"article:published_time\" content=\"2011-10-14T10:00:37+00:00\" \/>\n<meta property=\"article:modified_time\" content=\"2011-10-14T09:50:14+00:00\" \/>\n<meta property=\"og:image\" content=\"https:\/\/blog.zeit.de\/zeit-der-leser\/files\/2011\/10\/wirth_%C3%9Cberlingen1.jpg\" \/>\n<meta name=\"author\" content=\"&quot;Zeit der Leser&quot;-Redaktion\" \/>\n<meta name=\"twitter:card\" content=\"summary_large_image\" \/>\n<meta name=\"twitter:label1\" content=\"Geschrieben von\" \/>\n\t<meta name=\"twitter:data1\" content=\"\"Zeit der Leser\"-Redaktion\" \/>\n\t<meta name=\"twitter:label2\" content=\"Gesch\u00e4tzte Lesezeit\" \/>\n\t<meta name=\"twitter:data2\" content=\"2\u00a0Minuten\" \/>\n<script type=\"application\/ld+json\" class=\"yoast-schema-graph\">{\"@context\":\"https:\/\/schema.org\",\"@graph\":[{\"@type\":\"WebPage\",\"@id\":\"https:\/\/blog.zeit.de\/zeit-der-leser\/2011\/10\/14\/65-jahre-die-zeit-36\/\",\"url\":\"https:\/\/blog.zeit.de\/zeit-der-leser\/2011\/10\/14\/65-jahre-die-zeit-36\/\",\"name\":\"65 Jahre DIE ZEIT - ZEIT der Leser\",\"isPartOf\":{\"@id\":\"https:\/\/blog.zeit.de\/zeit-der-leser\/#website\"},\"datePublished\":\"2011-10-14T10:00:37+00:00\",\"dateModified\":\"2011-10-14T09:50:14+00:00\",\"author\":{\"@id\":\"https:\/\/blog.zeit.de\/zeit-der-leser\/#\/schema\/person\/583b14e5ad6368c23af846ecbde9f20f\"},\"breadcrumb\":{\"@id\":\"https:\/\/blog.zeit.de\/zeit-der-leser\/2011\/10\/14\/65-jahre-die-zeit-36\/#breadcrumb\"},\"inLanguage\":\"de\",\"potentialAction\":[{\"@type\":\"ReadAction\",\"target\":[\"https:\/\/blog.zeit.de\/zeit-der-leser\/2011\/10\/14\/65-jahre-die-zeit-36\/\"]}]},{\"@type\":\"BreadcrumbList\",\"@id\":\"https:\/\/blog.zeit.de\/zeit-der-leser\/2011\/10\/14\/65-jahre-die-zeit-36\/#breadcrumb\",\"itemListElement\":[{\"@type\":\"ListItem\",\"position\":1,\"name\":\"Startseite\",\"item\":\"https:\/\/blog.zeit.de\/zeit-der-leser\/\"},{\"@type\":\"ListItem\",\"position\":2,\"name\":\"65 Jahre DIE ZEIT\"}]},{\"@type\":\"WebSite\",\"@id\":\"https:\/\/blog.zeit.de\/zeit-der-leser\/#website\",\"url\":\"https:\/\/blog.zeit.de\/zeit-der-leser\/\",\"name\":\"ZEIT der Leser\",\"description\":\"Ein Blog mit Ihren Notizen, Gedichten und Bildern f\u00fcr die gedruckte ZEIT\",\"potentialAction\":[{\"@type\":\"SearchAction\",\"target\":{\"@type\":\"EntryPoint\",\"urlTemplate\":\"https:\/\/blog.zeit.de\/zeit-der-leser\/?s={search_term_string}\"},\"query-input\":\"required name=search_term_string\"}],\"inLanguage\":\"de\"},{\"@type\":\"Person\",\"@id\":\"https:\/\/blog.zeit.de\/zeit-der-leser\/#\/schema\/person\/583b14e5ad6368c23af846ecbde9f20f\",\"name\":\"\\\"Zeit der Leser\\\"-Redaktion\",\"image\":{\"@type\":\"ImageObject\",\"inLanguage\":\"de\",\"@id\":\"https:\/\/blog.zeit.de\/zeit-der-leser\/#\/schema\/person\/image\/\",\"url\":\"https:\/\/secure.gravatar.com\/avatar\/e801a681bd3bbf2345131a815930b48d9f8e0a94de1346b624840dc850f67ad0?s=96&d=mm&r=g\",\"contentUrl\":\"https:\/\/secure.gravatar.com\/avatar\/e801a681bd3bbf2345131a815930b48d9f8e0a94de1346b624840dc850f67ad0?s=96&d=mm&r=g\",\"caption\":\"\\\"Zeit der Leser\\\"-Redaktion\"},\"url\":\"https:\/\/blog.zeit.de\/zeit-der-leser\/author\/zeit-der-leser-redaktion\/\"}]}<\/script>\n<!-- \/ Yoast SEO plugin. -->","yoast_head_json":{"title":"65 Jahre DIE ZEIT - ZEIT der Leser","robots":{"index":"index","follow":"follow","max-snippet":"max-snippet:-1","max-image-preview":"max-image-preview:large","max-video-preview":"max-video-preview:-1"},"canonical":"https:\/\/blog.zeit.de\/zeit-der-leser\/2011\/10\/14\/65-jahre-die-zeit-36\/","og_locale":"de_DE","og_type":"article","og_title":"65 Jahre DIE ZEIT - ZEIT der Leser","og_description":"Am 28. und 29. September reisten Moritz M\u00fcller-Wirth, Stellvertretender Chefredakteur und Feuilleton-Chef der ZEIT, sowie Silvie Rundel, Leiterin der Presse- und \u00d6ffentlichkeitsarbeit, nach S\u00fcddeutschland. Bei herrlichstem Sp\u00e4tsommerwetter hie\u00df der erste Stopp \u00dcberlingen am Bodensee. Der Soroptimist International Club hatte sich einen Besuch der ZEIT gew\u00fcnscht, um mehr \u00fcber die Arbeit in Redaktion und Verlag einer [&hellip;]","og_url":"https:\/\/blog.zeit.de\/zeit-der-leser\/2011\/10\/14\/65-jahre-die-zeit-36\/","og_site_name":"ZEIT der Leser","article_published_time":"2011-10-14T10:00:37+00:00","article_modified_time":"2011-10-14T09:50:14+00:00","og_image":[{"url":"https:\/\/blog.zeit.de\/zeit-der-leser\/files\/2011\/10\/wirth_%C3%9Cberlingen1.jpg"}],"author":"\"Zeit der Leser\"-Redaktion","twitter_card":"summary_large_image","twitter_misc":{"Geschrieben von":"\"Zeit der Leser\"-Redaktion","Gesch\u00e4tzte Lesezeit":"2\u00a0Minuten"},"schema":{"@context":"https:\/\/schema.org","@graph":[{"@type":"WebPage","@id":"https:\/\/blog.zeit.de\/zeit-der-leser\/2011\/10\/14\/65-jahre-die-zeit-36\/","url":"https:\/\/blog.zeit.de\/zeit-der-leser\/2011\/10\/14\/65-jahre-die-zeit-36\/","name":"65 Jahre DIE ZEIT - ZEIT der Leser","isPartOf":{"@id":"https:\/\/blog.zeit.de\/zeit-der-leser\/#website"},"datePublished":"2011-10-14T10:00:37+00:00","dateModified":"2011-10-14T09:50:14+00:00","author":{"@id":"https:\/\/blog.zeit.de\/zeit-der-leser\/#\/schema\/person\/583b14e5ad6368c23af846ecbde9f20f"},"breadcrumb":{"@id":"https:\/\/blog.zeit.de\/zeit-der-leser\/2011\/10\/14\/65-jahre-die-zeit-36\/#breadcrumb"},"inLanguage":"de","potentialAction":[{"@type":"ReadAction","target":["https:\/\/blog.zeit.de\/zeit-der-leser\/2011\/10\/14\/65-jahre-die-zeit-36\/"]}]},{"@type":"BreadcrumbList","@id":"https:\/\/blog.zeit.de\/zeit-der-leser\/2011\/10\/14\/65-jahre-die-zeit-36\/#breadcrumb","itemListElement":[{"@type":"ListItem","position":1,"name":"Startseite","item":"https:\/\/blog.zeit.de\/zeit-der-leser\/"},{"@type":"ListItem","position":2,"name":"65 Jahre DIE ZEIT"}]},{"@type":"WebSite","@id":"https:\/\/blog.zeit.de\/zeit-der-leser\/#website","url":"https:\/\/blog.zeit.de\/zeit-der-leser\/","name":"ZEIT der Leser","description":"Ein Blog mit Ihren Notizen, Gedichten und Bildern f\u00fcr die gedruckte ZEIT","potentialAction":[{"@type":"SearchAction","target":{"@type":"EntryPoint","urlTemplate":"https:\/\/blog.zeit.de\/zeit-der-leser\/?s={search_term_string}"},"query-input":"required name=search_term_string"}],"inLanguage":"de"},{"@type":"Person","@id":"https:\/\/blog.zeit.de\/zeit-der-leser\/#\/schema\/person\/583b14e5ad6368c23af846ecbde9f20f","name":"\"Zeit der Leser\"-Redaktion","image":{"@type":"ImageObject","inLanguage":"de","@id":"https:\/\/blog.zeit.de\/zeit-der-leser\/#\/schema\/person\/image\/","url":"https:\/\/secure.gravatar.com\/avatar\/e801a681bd3bbf2345131a815930b48d9f8e0a94de1346b624840dc850f67ad0?s=96&d=mm&r=g","contentUrl":"https:\/\/secure.gravatar.com\/avatar\/e801a681bd3bbf2345131a815930b48d9f8e0a94de1346b624840dc850f67ad0?s=96&d=mm&r=g","caption":"\"Zeit der Leser\"-Redaktion"},"url":"https:\/\/blog.zeit.de\/zeit-der-leser\/author\/zeit-der-leser-redaktion\/"}]}},"jetpack_featured_media_url":"","jetpack_sharing_enabled":true,"_links":{"self":[{"href":"https:\/\/blog.zeit.de\/zeit-der-leser\/wp-json\/wp\/v2\/posts\/7414","targetHints":{"allow":["GET"]}}],"collection":[{"href":"https:\/\/blog.zeit.de\/zeit-der-leser\/wp-json\/wp\/v2\/posts"}],"about":[{"href":"https:\/\/blog.zeit.de\/zeit-der-leser\/wp-json\/wp\/v2\/types\/post"}],"author":[{"embeddable":true,"href":"https:\/\/blog.zeit.de\/zeit-der-leser\/wp-json\/wp\/v2\/users\/265"}],"replies":[{"embeddable":true,"href":"https:\/\/blog.zeit.de\/zeit-der-leser\/wp-json\/wp\/v2\/comments?post=7414"}],"version-history":[{"count":3,"href":"https:\/\/blog.zeit.de\/zeit-der-leser\/wp-json\/wp\/v2\/posts\/7414\/revisions"}],"predecessor-version":[{"id":7419,"href":"https:\/\/blog.zeit.de\/zeit-der-leser\/wp-json\/wp\/v2\/posts\/7414\/revisions\/7419"}],"wp:attachment":[{"href":"https:\/\/blog.zeit.de\/zeit-der-leser\/wp-json\/wp\/v2\/media?parent=7414"}],"wp:term":[{"taxonomy":"category","embeddable":true,"href":"https:\/\/blog.zeit.de\/zeit-der-leser\/wp-json\/wp\/v2\/categories?post=7414"},{"taxonomy":"post_tag","embeddable":true,"href":"https:\/\/blog.zeit.de\/zeit-der-leser\/wp-json\/wp\/v2\/tags?post=7414"}],"curies":[{"name":"wp","href":"https:\/\/api.w.org\/{rel}","templated":true}]}}