{"id":7458,"date":"2011-10-24T10:00:45","date_gmt":"2011-10-24T08:00:45","guid":{"rendered":"http:\/\/blog.zeit.de\/zeit-der-leser\/?p=7458"},"modified":"2011-10-20T10:08:41","modified_gmt":"2011-10-20T08:08:41","slug":"unmissverstandlich","status":"publish","type":"post","link":"https:\/\/blog.zeit.de\/zeit-der-leser\/2011\/10\/24\/unmissverstandlich\/","title":{"rendered":"Unmissverst\u00e4ndlich"},"content":{"rendered":"<p><a href=\"https:\/\/blog.zeit.de\/zeit-der-leser\/files\/2011\/10\/s88-strassenbild-1.jpg\"><img loading=\"lazy\" decoding=\"async\" class=\"aligncenter size-full wp-image-7459\" src=\"https:\/\/blog.zeit.de\/zeit-der-leser\/files\/2011\/10\/s88-strassenbild-1.jpg\" alt=\"\" width=\"540\" height=\"304\" srcset=\"https:\/\/blog.zeit.de\/zeit-der-leser\/files\/2011\/10\/s88-strassenbild-1.jpg 540w, https:\/\/blog.zeit.de\/zeit-der-leser\/files\/2011\/10\/s88-strassenbild-1-300x168.jpg 300w\" sizes=\"auto, (max-width: 540px) 100vw, 540px\" \/><\/a><\/p>\n<p>F\u00e4hrt man von Eichst\u00e4tt nach Treuchtlingen, kommt man durch das idyllische Schambachtal. K\u00fcrzlich wurde dort die j\u00e4hrliche K\u00e4rwa, die Kirchweih gefeiert. An diesem Wochenende wird das Ortsschild zur Sicherheit der sp\u00e4t heimkehrenden Festteilnehmer um eine Zusatzbeschilderung erg\u00e4nzt, die zwar in der StVO nicht beschrieben, in ihrer Aussage aber unmissverst\u00e4ndlich ist.<\/p>\n<p><em>Klaus Strathewerd, Eichst\u00e4tt, Oberbayern<\/em><\/p>\n","protected":false},"excerpt":{"rendered":"<p>F\u00e4hrt man von Eichst\u00e4tt nach Treuchtlingen, kommt man durch das idyllische Schambachtal. K\u00fcrzlich wurde dort die j\u00e4hrliche K\u00e4rwa, die Kirchweih gefeiert. An diesem Wochenende wird das Ortsschild zur Sicherheit der sp\u00e4t heimkehrenden Festteilnehmer um eine Zusatzbeschilderung erg\u00e4nzt, die zwar in der StVO nicht beschrieben, in ihrer Aussage aber unmissverst\u00e4ndlich ist. Klaus Strathewerd, Eichst\u00e4tt, Oberbayern<\/p>\n","protected":false},"author":265,"featured_media":0,"comment_status":"open","ping_status":"open","sticky":false,"template":"","format":"standard","meta":{"_jetpack_memberships_contains_paid_content":false,"footnotes":""},"categories":[1],"tags":[],"class_list":["post-7458","post","type-post","status-publish","format-standard","hentry","category-allgemein"],"yoast_head":"<!-- This site is optimized with the Yoast SEO plugin v21.0 - https:\/\/yoast.com\/wordpress\/plugins\/seo\/ -->\n<title>Unmissverst\u00e4ndlich - ZEIT der Leser<\/title>\n<meta name=\"robots\" content=\"index, follow, max-snippet:-1, max-image-preview:large, max-video-preview:-1\" \/>\n<link rel=\"canonical\" href=\"https:\/\/blog.zeit.de\/zeit-der-leser\/2011\/10\/24\/unmissverstandlich\/\" \/>\n<meta property=\"og:locale\" content=\"de_DE\" \/>\n<meta property=\"og:type\" content=\"article\" \/>\n<meta property=\"og:title\" content=\"Unmissverst\u00e4ndlich - ZEIT der Leser\" \/>\n<meta property=\"og:description\" content=\"F\u00e4hrt man von Eichst\u00e4tt nach Treuchtlingen, kommt man durch das idyllische Schambachtal. K\u00fcrzlich wurde dort die j\u00e4hrliche K\u00e4rwa, die Kirchweih gefeiert. An diesem Wochenende wird das Ortsschild zur Sicherheit der sp\u00e4t heimkehrenden Festteilnehmer um eine Zusatzbeschilderung erg\u00e4nzt, die zwar in der StVO nicht beschrieben, in ihrer Aussage aber unmissverst\u00e4ndlich ist. Klaus Strathewerd, Eichst\u00e4tt, Oberbayern\" \/>\n<meta property=\"og:url\" content=\"https:\/\/blog.zeit.de\/zeit-der-leser\/2011\/10\/24\/unmissverstandlich\/\" \/>\n<meta property=\"og:site_name\" content=\"ZEIT der Leser\" \/>\n<meta property=\"article:published_time\" content=\"2011-10-24T08:00:45+00:00\" \/>\n<meta property=\"article:modified_time\" content=\"2011-10-20T08:08:41+00:00\" \/>\n<meta property=\"og:image\" content=\"https:\/\/blog.zeit.de\/zeit-der-leser\/files\/2011\/10\/s88-strassenbild-1.jpg\" \/>\n<meta name=\"author\" content=\"&quot;Zeit der Leser&quot;-Redaktion\" \/>\n<meta name=\"twitter:card\" content=\"summary_large_image\" \/>\n<meta name=\"twitter:label1\" content=\"Geschrieben von\" \/>\n\t<meta name=\"twitter:data1\" content=\"\"Zeit der Leser\"-Redaktion\" \/>\n<script type=\"application\/ld+json\" class=\"yoast-schema-graph\">{\"@context\":\"https:\/\/schema.org\",\"@graph\":[{\"@type\":\"WebPage\",\"@id\":\"https:\/\/blog.zeit.de\/zeit-der-leser\/2011\/10\/24\/unmissverstandlich\/\",\"url\":\"https:\/\/blog.zeit.de\/zeit-der-leser\/2011\/10\/24\/unmissverstandlich\/\",\"name\":\"Unmissverst\u00e4ndlich - ZEIT der Leser\",\"isPartOf\":{\"@id\":\"https:\/\/blog.zeit.de\/zeit-der-leser\/#website\"},\"datePublished\":\"2011-10-24T08:00:45+00:00\",\"dateModified\":\"2011-10-20T08:08:41+00:00\",\"author\":{\"@id\":\"https:\/\/blog.zeit.de\/zeit-der-leser\/#\/schema\/person\/583b14e5ad6368c23af846ecbde9f20f\"},\"breadcrumb\":{\"@id\":\"https:\/\/blog.zeit.de\/zeit-der-leser\/2011\/10\/24\/unmissverstandlich\/#breadcrumb\"},\"inLanguage\":\"de\",\"potentialAction\":[{\"@type\":\"ReadAction\",\"target\":[\"https:\/\/blog.zeit.de\/zeit-der-leser\/2011\/10\/24\/unmissverstandlich\/\"]}]},{\"@type\":\"BreadcrumbList\",\"@id\":\"https:\/\/blog.zeit.de\/zeit-der-leser\/2011\/10\/24\/unmissverstandlich\/#breadcrumb\",\"itemListElement\":[{\"@type\":\"ListItem\",\"position\":1,\"name\":\"Startseite\",\"item\":\"https:\/\/blog.zeit.de\/zeit-der-leser\/\"},{\"@type\":\"ListItem\",\"position\":2,\"name\":\"Unmissverst\u00e4ndlich\"}]},{\"@type\":\"WebSite\",\"@id\":\"https:\/\/blog.zeit.de\/zeit-der-leser\/#website\",\"url\":\"https:\/\/blog.zeit.de\/zeit-der-leser\/\",\"name\":\"ZEIT der Leser\",\"description\":\"Ein Blog mit Ihren Notizen, Gedichten und Bildern f\u00fcr die gedruckte ZEIT\",\"potentialAction\":[{\"@type\":\"SearchAction\",\"target\":{\"@type\":\"EntryPoint\",\"urlTemplate\":\"https:\/\/blog.zeit.de\/zeit-der-leser\/?s={search_term_string}\"},\"query-input\":\"required name=search_term_string\"}],\"inLanguage\":\"de\"},{\"@type\":\"Person\",\"@id\":\"https:\/\/blog.zeit.de\/zeit-der-leser\/#\/schema\/person\/583b14e5ad6368c23af846ecbde9f20f\",\"name\":\"\\\"Zeit der Leser\\\"-Redaktion\",\"image\":{\"@type\":\"ImageObject\",\"inLanguage\":\"de\",\"@id\":\"https:\/\/blog.zeit.de\/zeit-der-leser\/#\/schema\/person\/image\/\",\"url\":\"https:\/\/secure.gravatar.com\/avatar\/e801a681bd3bbf2345131a815930b48d9f8e0a94de1346b624840dc850f67ad0?s=96&d=mm&r=g\",\"contentUrl\":\"https:\/\/secure.gravatar.com\/avatar\/e801a681bd3bbf2345131a815930b48d9f8e0a94de1346b624840dc850f67ad0?s=96&d=mm&r=g\",\"caption\":\"\\\"Zeit der Leser\\\"-Redaktion\"},\"url\":\"https:\/\/blog.zeit.de\/zeit-der-leser\/author\/zeit-der-leser-redaktion\/\"}]}<\/script>\n<!-- \/ Yoast SEO plugin. -->","yoast_head_json":{"title":"Unmissverst\u00e4ndlich - ZEIT der Leser","robots":{"index":"index","follow":"follow","max-snippet":"max-snippet:-1","max-image-preview":"max-image-preview:large","max-video-preview":"max-video-preview:-1"},"canonical":"https:\/\/blog.zeit.de\/zeit-der-leser\/2011\/10\/24\/unmissverstandlich\/","og_locale":"de_DE","og_type":"article","og_title":"Unmissverst\u00e4ndlich - ZEIT der Leser","og_description":"F\u00e4hrt man von Eichst\u00e4tt nach Treuchtlingen, kommt man durch das idyllische Schambachtal. K\u00fcrzlich wurde dort die j\u00e4hrliche K\u00e4rwa, die Kirchweih gefeiert. An diesem Wochenende wird das Ortsschild zur Sicherheit der sp\u00e4t heimkehrenden Festteilnehmer um eine Zusatzbeschilderung erg\u00e4nzt, die zwar in der StVO nicht beschrieben, in ihrer Aussage aber unmissverst\u00e4ndlich ist. Klaus Strathewerd, Eichst\u00e4tt, Oberbayern","og_url":"https:\/\/blog.zeit.de\/zeit-der-leser\/2011\/10\/24\/unmissverstandlich\/","og_site_name":"ZEIT der Leser","article_published_time":"2011-10-24T08:00:45+00:00","article_modified_time":"2011-10-20T08:08:41+00:00","og_image":[{"url":"https:\/\/blog.zeit.de\/zeit-der-leser\/files\/2011\/10\/s88-strassenbild-1.jpg"}],"author":"\"Zeit der Leser\"-Redaktion","twitter_card":"summary_large_image","twitter_misc":{"Geschrieben von":"\"Zeit der Leser\"-Redaktion"},"schema":{"@context":"https:\/\/schema.org","@graph":[{"@type":"WebPage","@id":"https:\/\/blog.zeit.de\/zeit-der-leser\/2011\/10\/24\/unmissverstandlich\/","url":"https:\/\/blog.zeit.de\/zeit-der-leser\/2011\/10\/24\/unmissverstandlich\/","name":"Unmissverst\u00e4ndlich - ZEIT der Leser","isPartOf":{"@id":"https:\/\/blog.zeit.de\/zeit-der-leser\/#website"},"datePublished":"2011-10-24T08:00:45+00:00","dateModified":"2011-10-20T08:08:41+00:00","author":{"@id":"https:\/\/blog.zeit.de\/zeit-der-leser\/#\/schema\/person\/583b14e5ad6368c23af846ecbde9f20f"},"breadcrumb":{"@id":"https:\/\/blog.zeit.de\/zeit-der-leser\/2011\/10\/24\/unmissverstandlich\/#breadcrumb"},"inLanguage":"de","potentialAction":[{"@type":"ReadAction","target":["https:\/\/blog.zeit.de\/zeit-der-leser\/2011\/10\/24\/unmissverstandlich\/"]}]},{"@type":"BreadcrumbList","@id":"https:\/\/blog.zeit.de\/zeit-der-leser\/2011\/10\/24\/unmissverstandlich\/#breadcrumb","itemListElement":[{"@type":"ListItem","position":1,"name":"Startseite","item":"https:\/\/blog.zeit.de\/zeit-der-leser\/"},{"@type":"ListItem","position":2,"name":"Unmissverst\u00e4ndlich"}]},{"@type":"WebSite","@id":"https:\/\/blog.zeit.de\/zeit-der-leser\/#website","url":"https:\/\/blog.zeit.de\/zeit-der-leser\/","name":"ZEIT der Leser","description":"Ein Blog mit Ihren Notizen, Gedichten und Bildern f\u00fcr die gedruckte ZEIT","potentialAction":[{"@type":"SearchAction","target":{"@type":"EntryPoint","urlTemplate":"https:\/\/blog.zeit.de\/zeit-der-leser\/?s={search_term_string}"},"query-input":"required name=search_term_string"}],"inLanguage":"de"},{"@type":"Person","@id":"https:\/\/blog.zeit.de\/zeit-der-leser\/#\/schema\/person\/583b14e5ad6368c23af846ecbde9f20f","name":"\"Zeit der Leser\"-Redaktion","image":{"@type":"ImageObject","inLanguage":"de","@id":"https:\/\/blog.zeit.de\/zeit-der-leser\/#\/schema\/person\/image\/","url":"https:\/\/secure.gravatar.com\/avatar\/e801a681bd3bbf2345131a815930b48d9f8e0a94de1346b624840dc850f67ad0?s=96&d=mm&r=g","contentUrl":"https:\/\/secure.gravatar.com\/avatar\/e801a681bd3bbf2345131a815930b48d9f8e0a94de1346b624840dc850f67ad0?s=96&d=mm&r=g","caption":"\"Zeit der Leser\"-Redaktion"},"url":"https:\/\/blog.zeit.de\/zeit-der-leser\/author\/zeit-der-leser-redaktion\/"}]}},"jetpack_featured_media_url":"","jetpack_sharing_enabled":true,"_links":{"self":[{"href":"https:\/\/blog.zeit.de\/zeit-der-leser\/wp-json\/wp\/v2\/posts\/7458","targetHints":{"allow":["GET"]}}],"collection":[{"href":"https:\/\/blog.zeit.de\/zeit-der-leser\/wp-json\/wp\/v2\/posts"}],"about":[{"href":"https:\/\/blog.zeit.de\/zeit-der-leser\/wp-json\/wp\/v2\/types\/post"}],"author":[{"embeddable":true,"href":"https:\/\/blog.zeit.de\/zeit-der-leser\/wp-json\/wp\/v2\/users\/265"}],"replies":[{"embeddable":true,"href":"https:\/\/blog.zeit.de\/zeit-der-leser\/wp-json\/wp\/v2\/comments?post=7458"}],"version-history":[{"count":2,"href":"https:\/\/blog.zeit.de\/zeit-der-leser\/wp-json\/wp\/v2\/posts\/7458\/revisions"}],"predecessor-version":[{"id":7461,"href":"https:\/\/blog.zeit.de\/zeit-der-leser\/wp-json\/wp\/v2\/posts\/7458\/revisions\/7461"}],"wp:attachment":[{"href":"https:\/\/blog.zeit.de\/zeit-der-leser\/wp-json\/wp\/v2\/media?parent=7458"}],"wp:term":[{"taxonomy":"category","embeddable":true,"href":"https:\/\/blog.zeit.de\/zeit-der-leser\/wp-json\/wp\/v2\/categories?post=7458"},{"taxonomy":"post_tag","embeddable":true,"href":"https:\/\/blog.zeit.de\/zeit-der-leser\/wp-json\/wp\/v2\/tags?post=7458"}],"curies":[{"name":"wp","href":"https:\/\/api.w.org\/{rel}","templated":true}]}}