{"id":7463,"date":"2011-10-25T10:00:03","date_gmt":"2011-10-25T08:00:03","guid":{"rendered":"http:\/\/blog.zeit.de\/zeit-der-leser\/?p=7463"},"modified":"2011-10-20T10:11:17","modified_gmt":"2011-10-20T08:11:17","slug":"paris-ohne-erdnussbutter","status":"publish","type":"post","link":"https:\/\/blog.zeit.de\/zeit-der-leser\/2011\/10\/25\/paris-ohne-erdnussbutter\/","title":{"rendered":"Paris ohne Erdnussbutter"},"content":{"rendered":"<p>Der ICE nach Frankfurt und D\u00fcsseldorf versp\u00e4tet sich wegen Bauarbeiten. Best\u00fcrzung und \u00c4rger unter den Fahrg\u00e4sten. Ein junger Mann f\u00fcrchtet, den Flieger zu seiner Liebsten in Paris nicht p\u00fcnktlich zu erreichen. Er beschlie\u00dft, seinen Koffer mit in die Flugzeugkabine zu nehmen, muss deshalb aber alles entsorgen, was ihm Probleme bei der Sicherheitskontrolle bereiten k\u00f6nnte \u2013 auch die wertvollen Bio-Erdnussbutter-Gl\u00e4ser, die sein Gastgeschenk fu\u0308r die Freundin sein sollten. Ich nehme die Gl\u00e4ser an mich, weil ich Erdnussbutter sch\u00e4tze, und\u00a0 w\u00fcnsche dem jungen Mann viel Gl\u00fcck. In D\u00fcsseldorf spricht mich der Verk\u00e4ufer einer Obdachlosen-Zeitung an, auch er ein Erdnussbutter-Liebhaber. Die Gl\u00e4ser wandern in seine\u00a0 H\u00e4nde. Ihren Inhalt will er am Abend gemeinsam mit anderen Obdachlosen verschmausen. Er verspricht, dabei des edlen Spenders zu gedenken. Hoffentlich hat der das Flugzeug noch bekommen und \u2013 auch ohne Erdnussbuttergeschenk \u2013 ein sch\u00f6nes Wochenende in Paris verbracht.<br \/>\n<em>Rosemarie Bast, Hilden<\/em><\/p>\n","protected":false},"excerpt":{"rendered":"<p>Der ICE nach Frankfurt und D\u00fcsseldorf versp\u00e4tet sich wegen Bauarbeiten. Best\u00fcrzung und \u00c4rger unter den Fahrg\u00e4sten. Ein junger Mann f\u00fcrchtet, den Flieger zu seiner Liebsten in Paris nicht p\u00fcnktlich zu erreichen. Er beschlie\u00dft, seinen Koffer mit in die Flugzeugkabine zu nehmen, muss deshalb aber alles entsorgen, was ihm Probleme bei der Sicherheitskontrolle bereiten k\u00f6nnte \u2013 [&hellip;]<\/p>\n","protected":false},"author":265,"featured_media":0,"comment_status":"open","ping_status":"open","sticky":false,"template":"","format":"standard","meta":{"_jetpack_memberships_contains_paid_content":false,"footnotes":""},"categories":[1],"tags":[],"class_list":["post-7463","post","type-post","status-publish","format-standard","hentry","category-allgemein"],"yoast_head":"<!-- This site is optimized with the Yoast SEO plugin v21.0 - https:\/\/yoast.com\/wordpress\/plugins\/seo\/ -->\n<title>Paris ohne Erdnussbutter - ZEIT der Leser<\/title>\n<meta name=\"robots\" content=\"index, follow, max-snippet:-1, max-image-preview:large, max-video-preview:-1\" \/>\n<link rel=\"canonical\" href=\"https:\/\/blog.zeit.de\/zeit-der-leser\/2011\/10\/25\/paris-ohne-erdnussbutter\/\" \/>\n<meta property=\"og:locale\" content=\"de_DE\" \/>\n<meta property=\"og:type\" content=\"article\" \/>\n<meta property=\"og:title\" content=\"Paris ohne Erdnussbutter - ZEIT der Leser\" \/>\n<meta property=\"og:description\" content=\"Der ICE nach Frankfurt und D\u00fcsseldorf versp\u00e4tet sich wegen Bauarbeiten. Best\u00fcrzung und \u00c4rger unter den Fahrg\u00e4sten. Ein junger Mann f\u00fcrchtet, den Flieger zu seiner Liebsten in Paris nicht p\u00fcnktlich zu erreichen. Er beschlie\u00dft, seinen Koffer mit in die Flugzeugkabine zu nehmen, muss deshalb aber alles entsorgen, was ihm Probleme bei der Sicherheitskontrolle bereiten k\u00f6nnte \u2013 [&hellip;]\" \/>\n<meta property=\"og:url\" content=\"https:\/\/blog.zeit.de\/zeit-der-leser\/2011\/10\/25\/paris-ohne-erdnussbutter\/\" \/>\n<meta property=\"og:site_name\" content=\"ZEIT der Leser\" \/>\n<meta property=\"article:published_time\" content=\"2011-10-25T08:00:03+00:00\" \/>\n<meta property=\"article:modified_time\" content=\"2011-10-20T08:11:17+00:00\" \/>\n<meta name=\"author\" content=\"&quot;Zeit der Leser&quot;-Redaktion\" \/>\n<meta name=\"twitter:card\" content=\"summary_large_image\" \/>\n<meta name=\"twitter:label1\" content=\"Geschrieben von\" \/>\n\t<meta name=\"twitter:data1\" content=\"\"Zeit der Leser\"-Redaktion\" \/>\n\t<meta name=\"twitter:label2\" content=\"Gesch\u00e4tzte Lesezeit\" \/>\n\t<meta name=\"twitter:data2\" content=\"1\u00a0Minute\" \/>\n<script type=\"application\/ld+json\" class=\"yoast-schema-graph\">{\"@context\":\"https:\/\/schema.org\",\"@graph\":[{\"@type\":\"WebPage\",\"@id\":\"https:\/\/blog.zeit.de\/zeit-der-leser\/2011\/10\/25\/paris-ohne-erdnussbutter\/\",\"url\":\"https:\/\/blog.zeit.de\/zeit-der-leser\/2011\/10\/25\/paris-ohne-erdnussbutter\/\",\"name\":\"Paris ohne Erdnussbutter - ZEIT der Leser\",\"isPartOf\":{\"@id\":\"https:\/\/blog.zeit.de\/zeit-der-leser\/#website\"},\"datePublished\":\"2011-10-25T08:00:03+00:00\",\"dateModified\":\"2011-10-20T08:11:17+00:00\",\"author\":{\"@id\":\"https:\/\/blog.zeit.de\/zeit-der-leser\/#\/schema\/person\/583b14e5ad6368c23af846ecbde9f20f\"},\"breadcrumb\":{\"@id\":\"https:\/\/blog.zeit.de\/zeit-der-leser\/2011\/10\/25\/paris-ohne-erdnussbutter\/#breadcrumb\"},\"inLanguage\":\"de\",\"potentialAction\":[{\"@type\":\"ReadAction\",\"target\":[\"https:\/\/blog.zeit.de\/zeit-der-leser\/2011\/10\/25\/paris-ohne-erdnussbutter\/\"]}]},{\"@type\":\"BreadcrumbList\",\"@id\":\"https:\/\/blog.zeit.de\/zeit-der-leser\/2011\/10\/25\/paris-ohne-erdnussbutter\/#breadcrumb\",\"itemListElement\":[{\"@type\":\"ListItem\",\"position\":1,\"name\":\"Startseite\",\"item\":\"https:\/\/blog.zeit.de\/zeit-der-leser\/\"},{\"@type\":\"ListItem\",\"position\":2,\"name\":\"Paris ohne Erdnussbutter\"}]},{\"@type\":\"WebSite\",\"@id\":\"https:\/\/blog.zeit.de\/zeit-der-leser\/#website\",\"url\":\"https:\/\/blog.zeit.de\/zeit-der-leser\/\",\"name\":\"ZEIT der Leser\",\"description\":\"Ein Blog mit Ihren Notizen, Gedichten und Bildern f\u00fcr die gedruckte ZEIT\",\"potentialAction\":[{\"@type\":\"SearchAction\",\"target\":{\"@type\":\"EntryPoint\",\"urlTemplate\":\"https:\/\/blog.zeit.de\/zeit-der-leser\/?s={search_term_string}\"},\"query-input\":\"required name=search_term_string\"}],\"inLanguage\":\"de\"},{\"@type\":\"Person\",\"@id\":\"https:\/\/blog.zeit.de\/zeit-der-leser\/#\/schema\/person\/583b14e5ad6368c23af846ecbde9f20f\",\"name\":\"\\\"Zeit der Leser\\\"-Redaktion\",\"image\":{\"@type\":\"ImageObject\",\"inLanguage\":\"de\",\"@id\":\"https:\/\/blog.zeit.de\/zeit-der-leser\/#\/schema\/person\/image\/\",\"url\":\"https:\/\/secure.gravatar.com\/avatar\/e801a681bd3bbf2345131a815930b48d9f8e0a94de1346b624840dc850f67ad0?s=96&d=mm&r=g\",\"contentUrl\":\"https:\/\/secure.gravatar.com\/avatar\/e801a681bd3bbf2345131a815930b48d9f8e0a94de1346b624840dc850f67ad0?s=96&d=mm&r=g\",\"caption\":\"\\\"Zeit der Leser\\\"-Redaktion\"},\"url\":\"https:\/\/blog.zeit.de\/zeit-der-leser\/author\/zeit-der-leser-redaktion\/\"}]}<\/script>\n<!-- \/ Yoast SEO plugin. -->","yoast_head_json":{"title":"Paris ohne Erdnussbutter - ZEIT der Leser","robots":{"index":"index","follow":"follow","max-snippet":"max-snippet:-1","max-image-preview":"max-image-preview:large","max-video-preview":"max-video-preview:-1"},"canonical":"https:\/\/blog.zeit.de\/zeit-der-leser\/2011\/10\/25\/paris-ohne-erdnussbutter\/","og_locale":"de_DE","og_type":"article","og_title":"Paris ohne Erdnussbutter - ZEIT der Leser","og_description":"Der ICE nach Frankfurt und D\u00fcsseldorf versp\u00e4tet sich wegen Bauarbeiten. Best\u00fcrzung und \u00c4rger unter den Fahrg\u00e4sten. Ein junger Mann f\u00fcrchtet, den Flieger zu seiner Liebsten in Paris nicht p\u00fcnktlich zu erreichen. Er beschlie\u00dft, seinen Koffer mit in die Flugzeugkabine zu nehmen, muss deshalb aber alles entsorgen, was ihm Probleme bei der Sicherheitskontrolle bereiten k\u00f6nnte \u2013 [&hellip;]","og_url":"https:\/\/blog.zeit.de\/zeit-der-leser\/2011\/10\/25\/paris-ohne-erdnussbutter\/","og_site_name":"ZEIT der Leser","article_published_time":"2011-10-25T08:00:03+00:00","article_modified_time":"2011-10-20T08:11:17+00:00","author":"\"Zeit der Leser\"-Redaktion","twitter_card":"summary_large_image","twitter_misc":{"Geschrieben von":"\"Zeit der Leser\"-Redaktion","Gesch\u00e4tzte Lesezeit":"1\u00a0Minute"},"schema":{"@context":"https:\/\/schema.org","@graph":[{"@type":"WebPage","@id":"https:\/\/blog.zeit.de\/zeit-der-leser\/2011\/10\/25\/paris-ohne-erdnussbutter\/","url":"https:\/\/blog.zeit.de\/zeit-der-leser\/2011\/10\/25\/paris-ohne-erdnussbutter\/","name":"Paris ohne Erdnussbutter - ZEIT der Leser","isPartOf":{"@id":"https:\/\/blog.zeit.de\/zeit-der-leser\/#website"},"datePublished":"2011-10-25T08:00:03+00:00","dateModified":"2011-10-20T08:11:17+00:00","author":{"@id":"https:\/\/blog.zeit.de\/zeit-der-leser\/#\/schema\/person\/583b14e5ad6368c23af846ecbde9f20f"},"breadcrumb":{"@id":"https:\/\/blog.zeit.de\/zeit-der-leser\/2011\/10\/25\/paris-ohne-erdnussbutter\/#breadcrumb"},"inLanguage":"de","potentialAction":[{"@type":"ReadAction","target":["https:\/\/blog.zeit.de\/zeit-der-leser\/2011\/10\/25\/paris-ohne-erdnussbutter\/"]}]},{"@type":"BreadcrumbList","@id":"https:\/\/blog.zeit.de\/zeit-der-leser\/2011\/10\/25\/paris-ohne-erdnussbutter\/#breadcrumb","itemListElement":[{"@type":"ListItem","position":1,"name":"Startseite","item":"https:\/\/blog.zeit.de\/zeit-der-leser\/"},{"@type":"ListItem","position":2,"name":"Paris ohne Erdnussbutter"}]},{"@type":"WebSite","@id":"https:\/\/blog.zeit.de\/zeit-der-leser\/#website","url":"https:\/\/blog.zeit.de\/zeit-der-leser\/","name":"ZEIT der Leser","description":"Ein Blog mit Ihren Notizen, Gedichten und Bildern f\u00fcr die gedruckte ZEIT","potentialAction":[{"@type":"SearchAction","target":{"@type":"EntryPoint","urlTemplate":"https:\/\/blog.zeit.de\/zeit-der-leser\/?s={search_term_string}"},"query-input":"required name=search_term_string"}],"inLanguage":"de"},{"@type":"Person","@id":"https:\/\/blog.zeit.de\/zeit-der-leser\/#\/schema\/person\/583b14e5ad6368c23af846ecbde9f20f","name":"\"Zeit der Leser\"-Redaktion","image":{"@type":"ImageObject","inLanguage":"de","@id":"https:\/\/blog.zeit.de\/zeit-der-leser\/#\/schema\/person\/image\/","url":"https:\/\/secure.gravatar.com\/avatar\/e801a681bd3bbf2345131a815930b48d9f8e0a94de1346b624840dc850f67ad0?s=96&d=mm&r=g","contentUrl":"https:\/\/secure.gravatar.com\/avatar\/e801a681bd3bbf2345131a815930b48d9f8e0a94de1346b624840dc850f67ad0?s=96&d=mm&r=g","caption":"\"Zeit der Leser\"-Redaktion"},"url":"https:\/\/blog.zeit.de\/zeit-der-leser\/author\/zeit-der-leser-redaktion\/"}]}},"jetpack_featured_media_url":"","jetpack_sharing_enabled":true,"_links":{"self":[{"href":"https:\/\/blog.zeit.de\/zeit-der-leser\/wp-json\/wp\/v2\/posts\/7463","targetHints":{"allow":["GET"]}}],"collection":[{"href":"https:\/\/blog.zeit.de\/zeit-der-leser\/wp-json\/wp\/v2\/posts"}],"about":[{"href":"https:\/\/blog.zeit.de\/zeit-der-leser\/wp-json\/wp\/v2\/types\/post"}],"author":[{"embeddable":true,"href":"https:\/\/blog.zeit.de\/zeit-der-leser\/wp-json\/wp\/v2\/users\/265"}],"replies":[{"embeddable":true,"href":"https:\/\/blog.zeit.de\/zeit-der-leser\/wp-json\/wp\/v2\/comments?post=7463"}],"version-history":[{"count":2,"href":"https:\/\/blog.zeit.de\/zeit-der-leser\/wp-json\/wp\/v2\/posts\/7463\/revisions"}],"predecessor-version":[{"id":7465,"href":"https:\/\/blog.zeit.de\/zeit-der-leser\/wp-json\/wp\/v2\/posts\/7463\/revisions\/7465"}],"wp:attachment":[{"href":"https:\/\/blog.zeit.de\/zeit-der-leser\/wp-json\/wp\/v2\/media?parent=7463"}],"wp:term":[{"taxonomy":"category","embeddable":true,"href":"https:\/\/blog.zeit.de\/zeit-der-leser\/wp-json\/wp\/v2\/categories?post=7463"},{"taxonomy":"post_tag","embeddable":true,"href":"https:\/\/blog.zeit.de\/zeit-der-leser\/wp-json\/wp\/v2\/tags?post=7463"}],"curies":[{"name":"wp","href":"https:\/\/api.w.org\/{rel}","templated":true}]}}