{"id":7485,"date":"2011-10-22T14:00:03","date_gmt":"2011-10-22T12:00:03","guid":{"rendered":"http:\/\/blog.zeit.de\/zeit-der-leser\/?p=7485"},"modified":"2011-10-21T11:07:56","modified_gmt":"2011-10-21T09:07:56","slug":"65-jahre-die-zeit-37","status":"publish","type":"post","link":"https:\/\/blog.zeit.de\/zeit-der-leser\/2011\/10\/22\/65-jahre-die-zeit-37\/","title":{"rendered":"65 Jahre DIE ZEIT"},"content":{"rendered":"<p>Wie gehen Kommunen mit sozialen Medien um? Wie kann B\u00fcrgerbeteiligung im Web 2.0 \u2013 Zeitalter aussehen? Und welchen Herausforderungen haben sich St\u00e4dte angesichts von Facebook, Twitter und Co. zu stellen? Christine Meyer, pers\u00f6nliche Mitarbeiterin des N\u00fcrnberger Oberb\u00fcrgermeisters Ulrich Maly, hatte sich dazu Einsch\u00e4tzungen von Wolfgang Blau gew\u00fcnscht. Am 12. Oktober 2011 war der Chefredakteur von ZEIT ONLINE in N\u00fcrnberg zu Gast und diskutierte mit den rund 40 Kolleginnen und Kollegen aus der Verwaltung. \u201eWir haben einen au\u00dferordentlich kompetenten Medienexperten erlebt, der \u00fcberaus reflektiert, pointiert und anschaulich die M\u00f6glichkeiten von Social Media geschildert hat, ohne die Risiken und Nebenwirkungen zu unterschlagen\u201c, so Oberb\u00fcrgermeister Ulrich Maly im Anschluss.<\/p>\n<p><figure id=\"attachment_7486\" aria-describedby=\"caption-attachment-7486\" style=\"width: 540px\" class=\"wp-caption aligncenter\"><a href=\"https:\/\/blog.zeit.de\/zeit-der-leser\/files\/2011\/10\/Blau_Wolfgang-1.jpg\"><img loading=\"lazy\" decoding=\"async\" class=\"size-full wp-image-7486\" src=\"https:\/\/blog.zeit.de\/zeit-der-leser\/files\/2011\/10\/Blau_Wolfgang-1.jpg\" alt=\"\" width=\"540\" height=\"304\" srcset=\"https:\/\/blog.zeit.de\/zeit-der-leser\/files\/2011\/10\/Blau_Wolfgang-1.jpg 540w, https:\/\/blog.zeit.de\/zeit-der-leser\/files\/2011\/10\/Blau_Wolfgang-1-300x168.jpg 300w\" sizes=\"auto, (max-width: 540px) 100vw, 540px\" \/><\/a><figcaption id=\"caption-attachment-7486\" class=\"wp-caption-text\">Wolfgang Blau zu Gast in N\u00fcrnberg<\/figcaption><\/figure><\/p>\n<p>Wolfgang Blau empfahl den Kommunen, sich bei der Nutzung von Social Media Plattformen zun\u00e4chst immer die Frage nach der jeweiligen Zielgruppe zu stellen und zus\u00e4tzlich auch die Nutzerfreundlichkeit ihrer bisherigen Web-Auftritte auf den Pr\u00fcfstand zu stellen. Konkret verwies er auf eine Reihe bew\u00e4hrter Tools, die geeignet sind, von den B\u00fcrgern R\u00fcckmeldungen \u00fcber die zur Verf\u00fcgung gestellte Infrastruktur \u2013 etwa: Zustand von Stra\u00dfen, Missst\u00e4nde auf \u00f6ffentlichen Pl\u00e4tzen \u2013 zu erhalten. Auch \u00fcber B\u00fcrgerhaushalte wurde diskutiert. Blau beschrieb Social Media Plattformen als eine Chance f\u00fcr Stadtverwaltungen und Gemeinder\u00e4te, mehr Optionen und Ideen f\u00fcr kommunale Probleml\u00f6sungen zu finden, als dies bisher m\u00f6glich war.<\/p>\n<p>&nbsp;<\/p>\n<p><figure id=\"attachment_7487\" aria-describedby=\"caption-attachment-7487\" style=\"width: 540px\" class=\"wp-caption aligncenter\"><a href=\"https:\/\/blog.zeit.de\/zeit-der-leser\/files\/2011\/10\/Blau_Wolfgang-2.jpg\"><img loading=\"lazy\" decoding=\"async\" class=\"size-full wp-image-7487\" src=\"https:\/\/blog.zeit.de\/zeit-der-leser\/files\/2011\/10\/Blau_Wolfgang-2.jpg\" alt=\"\" width=\"540\" height=\"304\" srcset=\"https:\/\/blog.zeit.de\/zeit-der-leser\/files\/2011\/10\/Blau_Wolfgang-2.jpg 540w, https:\/\/blog.zeit.de\/zeit-der-leser\/files\/2011\/10\/Blau_Wolfgang-2-300x168.jpg 300w\" sizes=\"auto, (max-width: 540px) 100vw, 540px\" \/><\/a><figcaption id=\"caption-attachment-7487\" class=\"wp-caption-text\">Als kleines Dankesch\u00f6n \u00fcberreichte Oberb\u00fcrgermeister Ulrich Maly (rechts) Wolfgang Blau einen N\u00fcrnberger Elisen-Lebkuchen, verpackt in Buchform<\/figcaption><\/figure><\/p>\n","protected":false},"excerpt":{"rendered":"<p>Wie gehen Kommunen mit sozialen Medien um? Wie kann B\u00fcrgerbeteiligung im Web 2.0 \u2013 Zeitalter aussehen? Und welchen Herausforderungen haben sich St\u00e4dte angesichts von Facebook, Twitter und Co. zu stellen? Christine Meyer, pers\u00f6nliche Mitarbeiterin des N\u00fcrnberger Oberb\u00fcrgermeisters Ulrich Maly, hatte sich dazu Einsch\u00e4tzungen von Wolfgang Blau gew\u00fcnscht. Am 12. Oktober 2011 war der Chefredakteur von [&hellip;]<\/p>\n","protected":false},"author":265,"featured_media":0,"comment_status":"open","ping_status":"open","sticky":false,"template":"","format":"standard","meta":{"_jetpack_memberships_contains_paid_content":false,"footnotes":""},"categories":[5686],"tags":[],"class_list":["post-7485","post","type-post","status-publish","format-standard","hentry","category-65-jahre-die-zeit"],"yoast_head":"<!-- This site is optimized with the Yoast SEO plugin v21.0 - https:\/\/yoast.com\/wordpress\/plugins\/seo\/ -->\n<title>65 Jahre DIE ZEIT - ZEIT der Leser<\/title>\n<meta name=\"robots\" content=\"index, follow, max-snippet:-1, max-image-preview:large, max-video-preview:-1\" \/>\n<link rel=\"canonical\" href=\"https:\/\/blog.zeit.de\/zeit-der-leser\/2011\/10\/22\/65-jahre-die-zeit-37\/\" \/>\n<meta property=\"og:locale\" content=\"de_DE\" \/>\n<meta property=\"og:type\" content=\"article\" \/>\n<meta property=\"og:title\" content=\"65 Jahre DIE ZEIT - ZEIT der Leser\" \/>\n<meta property=\"og:description\" content=\"Wie gehen Kommunen mit sozialen Medien um? Wie kann B\u00fcrgerbeteiligung im Web 2.0 \u2013 Zeitalter aussehen? Und welchen Herausforderungen haben sich St\u00e4dte angesichts von Facebook, Twitter und Co. zu stellen? Christine Meyer, pers\u00f6nliche Mitarbeiterin des N\u00fcrnberger Oberb\u00fcrgermeisters Ulrich Maly, hatte sich dazu Einsch\u00e4tzungen von Wolfgang Blau gew\u00fcnscht. Am 12. Oktober 2011 war der Chefredakteur von [&hellip;]\" \/>\n<meta property=\"og:url\" content=\"https:\/\/blog.zeit.de\/zeit-der-leser\/2011\/10\/22\/65-jahre-die-zeit-37\/\" \/>\n<meta property=\"og:site_name\" content=\"ZEIT der Leser\" \/>\n<meta property=\"article:published_time\" content=\"2011-10-22T12:00:03+00:00\" \/>\n<meta property=\"article:modified_time\" content=\"2011-10-21T09:07:56+00:00\" \/>\n<meta property=\"og:image\" content=\"https:\/\/blog.zeit.de\/zeit-der-leser\/files\/2011\/10\/Blau_Wolfgang-1.jpg\" \/>\n<meta name=\"author\" content=\"&quot;Zeit der Leser&quot;-Redaktion\" \/>\n<meta name=\"twitter:card\" content=\"summary_large_image\" \/>\n<meta name=\"twitter:label1\" content=\"Geschrieben von\" \/>\n\t<meta name=\"twitter:data1\" content=\"\"Zeit der Leser\"-Redaktion\" \/>\n\t<meta name=\"twitter:label2\" content=\"Gesch\u00e4tzte Lesezeit\" \/>\n\t<meta name=\"twitter:data2\" content=\"1\u00a0Minute\" \/>\n<script type=\"application\/ld+json\" class=\"yoast-schema-graph\">{\"@context\":\"https:\/\/schema.org\",\"@graph\":[{\"@type\":\"WebPage\",\"@id\":\"https:\/\/blog.zeit.de\/zeit-der-leser\/2011\/10\/22\/65-jahre-die-zeit-37\/\",\"url\":\"https:\/\/blog.zeit.de\/zeit-der-leser\/2011\/10\/22\/65-jahre-die-zeit-37\/\",\"name\":\"65 Jahre DIE ZEIT - ZEIT der Leser\",\"isPartOf\":{\"@id\":\"https:\/\/blog.zeit.de\/zeit-der-leser\/#website\"},\"datePublished\":\"2011-10-22T12:00:03+00:00\",\"dateModified\":\"2011-10-21T09:07:56+00:00\",\"author\":{\"@id\":\"https:\/\/blog.zeit.de\/zeit-der-leser\/#\/schema\/person\/583b14e5ad6368c23af846ecbde9f20f\"},\"breadcrumb\":{\"@id\":\"https:\/\/blog.zeit.de\/zeit-der-leser\/2011\/10\/22\/65-jahre-die-zeit-37\/#breadcrumb\"},\"inLanguage\":\"de\",\"potentialAction\":[{\"@type\":\"ReadAction\",\"target\":[\"https:\/\/blog.zeit.de\/zeit-der-leser\/2011\/10\/22\/65-jahre-die-zeit-37\/\"]}]},{\"@type\":\"BreadcrumbList\",\"@id\":\"https:\/\/blog.zeit.de\/zeit-der-leser\/2011\/10\/22\/65-jahre-die-zeit-37\/#breadcrumb\",\"itemListElement\":[{\"@type\":\"ListItem\",\"position\":1,\"name\":\"Startseite\",\"item\":\"https:\/\/blog.zeit.de\/zeit-der-leser\/\"},{\"@type\":\"ListItem\",\"position\":2,\"name\":\"65 Jahre DIE ZEIT\"}]},{\"@type\":\"WebSite\",\"@id\":\"https:\/\/blog.zeit.de\/zeit-der-leser\/#website\",\"url\":\"https:\/\/blog.zeit.de\/zeit-der-leser\/\",\"name\":\"ZEIT der Leser\",\"description\":\"Ein Blog mit Ihren Notizen, Gedichten und Bildern f\u00fcr die gedruckte ZEIT\",\"potentialAction\":[{\"@type\":\"SearchAction\",\"target\":{\"@type\":\"EntryPoint\",\"urlTemplate\":\"https:\/\/blog.zeit.de\/zeit-der-leser\/?s={search_term_string}\"},\"query-input\":\"required name=search_term_string\"}],\"inLanguage\":\"de\"},{\"@type\":\"Person\",\"@id\":\"https:\/\/blog.zeit.de\/zeit-der-leser\/#\/schema\/person\/583b14e5ad6368c23af846ecbde9f20f\",\"name\":\"\\\"Zeit der Leser\\\"-Redaktion\",\"image\":{\"@type\":\"ImageObject\",\"inLanguage\":\"de\",\"@id\":\"https:\/\/blog.zeit.de\/zeit-der-leser\/#\/schema\/person\/image\/\",\"url\":\"https:\/\/secure.gravatar.com\/avatar\/e801a681bd3bbf2345131a815930b48d9f8e0a94de1346b624840dc850f67ad0?s=96&d=mm&r=g\",\"contentUrl\":\"https:\/\/secure.gravatar.com\/avatar\/e801a681bd3bbf2345131a815930b48d9f8e0a94de1346b624840dc850f67ad0?s=96&d=mm&r=g\",\"caption\":\"\\\"Zeit der Leser\\\"-Redaktion\"},\"url\":\"https:\/\/blog.zeit.de\/zeit-der-leser\/author\/zeit-der-leser-redaktion\/\"}]}<\/script>\n<!-- \/ Yoast SEO plugin. -->","yoast_head_json":{"title":"65 Jahre DIE ZEIT - ZEIT der Leser","robots":{"index":"index","follow":"follow","max-snippet":"max-snippet:-1","max-image-preview":"max-image-preview:large","max-video-preview":"max-video-preview:-1"},"canonical":"https:\/\/blog.zeit.de\/zeit-der-leser\/2011\/10\/22\/65-jahre-die-zeit-37\/","og_locale":"de_DE","og_type":"article","og_title":"65 Jahre DIE ZEIT - ZEIT der Leser","og_description":"Wie gehen Kommunen mit sozialen Medien um? Wie kann B\u00fcrgerbeteiligung im Web 2.0 \u2013 Zeitalter aussehen? Und welchen Herausforderungen haben sich St\u00e4dte angesichts von Facebook, Twitter und Co. zu stellen? Christine Meyer, pers\u00f6nliche Mitarbeiterin des N\u00fcrnberger Oberb\u00fcrgermeisters Ulrich Maly, hatte sich dazu Einsch\u00e4tzungen von Wolfgang Blau gew\u00fcnscht. Am 12. Oktober 2011 war der Chefredakteur von [&hellip;]","og_url":"https:\/\/blog.zeit.de\/zeit-der-leser\/2011\/10\/22\/65-jahre-die-zeit-37\/","og_site_name":"ZEIT der Leser","article_published_time":"2011-10-22T12:00:03+00:00","article_modified_time":"2011-10-21T09:07:56+00:00","og_image":[{"url":"https:\/\/blog.zeit.de\/zeit-der-leser\/files\/2011\/10\/Blau_Wolfgang-1.jpg"}],"author":"\"Zeit der Leser\"-Redaktion","twitter_card":"summary_large_image","twitter_misc":{"Geschrieben von":"\"Zeit der Leser\"-Redaktion","Gesch\u00e4tzte Lesezeit":"1\u00a0Minute"},"schema":{"@context":"https:\/\/schema.org","@graph":[{"@type":"WebPage","@id":"https:\/\/blog.zeit.de\/zeit-der-leser\/2011\/10\/22\/65-jahre-die-zeit-37\/","url":"https:\/\/blog.zeit.de\/zeit-der-leser\/2011\/10\/22\/65-jahre-die-zeit-37\/","name":"65 Jahre DIE ZEIT - ZEIT der Leser","isPartOf":{"@id":"https:\/\/blog.zeit.de\/zeit-der-leser\/#website"},"datePublished":"2011-10-22T12:00:03+00:00","dateModified":"2011-10-21T09:07:56+00:00","author":{"@id":"https:\/\/blog.zeit.de\/zeit-der-leser\/#\/schema\/person\/583b14e5ad6368c23af846ecbde9f20f"},"breadcrumb":{"@id":"https:\/\/blog.zeit.de\/zeit-der-leser\/2011\/10\/22\/65-jahre-die-zeit-37\/#breadcrumb"},"inLanguage":"de","potentialAction":[{"@type":"ReadAction","target":["https:\/\/blog.zeit.de\/zeit-der-leser\/2011\/10\/22\/65-jahre-die-zeit-37\/"]}]},{"@type":"BreadcrumbList","@id":"https:\/\/blog.zeit.de\/zeit-der-leser\/2011\/10\/22\/65-jahre-die-zeit-37\/#breadcrumb","itemListElement":[{"@type":"ListItem","position":1,"name":"Startseite","item":"https:\/\/blog.zeit.de\/zeit-der-leser\/"},{"@type":"ListItem","position":2,"name":"65 Jahre DIE ZEIT"}]},{"@type":"WebSite","@id":"https:\/\/blog.zeit.de\/zeit-der-leser\/#website","url":"https:\/\/blog.zeit.de\/zeit-der-leser\/","name":"ZEIT der Leser","description":"Ein Blog mit Ihren Notizen, Gedichten und Bildern f\u00fcr die gedruckte ZEIT","potentialAction":[{"@type":"SearchAction","target":{"@type":"EntryPoint","urlTemplate":"https:\/\/blog.zeit.de\/zeit-der-leser\/?s={search_term_string}"},"query-input":"required name=search_term_string"}],"inLanguage":"de"},{"@type":"Person","@id":"https:\/\/blog.zeit.de\/zeit-der-leser\/#\/schema\/person\/583b14e5ad6368c23af846ecbde9f20f","name":"\"Zeit der Leser\"-Redaktion","image":{"@type":"ImageObject","inLanguage":"de","@id":"https:\/\/blog.zeit.de\/zeit-der-leser\/#\/schema\/person\/image\/","url":"https:\/\/secure.gravatar.com\/avatar\/e801a681bd3bbf2345131a815930b48d9f8e0a94de1346b624840dc850f67ad0?s=96&d=mm&r=g","contentUrl":"https:\/\/secure.gravatar.com\/avatar\/e801a681bd3bbf2345131a815930b48d9f8e0a94de1346b624840dc850f67ad0?s=96&d=mm&r=g","caption":"\"Zeit der Leser\"-Redaktion"},"url":"https:\/\/blog.zeit.de\/zeit-der-leser\/author\/zeit-der-leser-redaktion\/"}]}},"jetpack_featured_media_url":"","jetpack_sharing_enabled":true,"_links":{"self":[{"href":"https:\/\/blog.zeit.de\/zeit-der-leser\/wp-json\/wp\/v2\/posts\/7485","targetHints":{"allow":["GET"]}}],"collection":[{"href":"https:\/\/blog.zeit.de\/zeit-der-leser\/wp-json\/wp\/v2\/posts"}],"about":[{"href":"https:\/\/blog.zeit.de\/zeit-der-leser\/wp-json\/wp\/v2\/types\/post"}],"author":[{"embeddable":true,"href":"https:\/\/blog.zeit.de\/zeit-der-leser\/wp-json\/wp\/v2\/users\/265"}],"replies":[{"embeddable":true,"href":"https:\/\/blog.zeit.de\/zeit-der-leser\/wp-json\/wp\/v2\/comments?post=7485"}],"version-history":[{"count":3,"href":"https:\/\/blog.zeit.de\/zeit-der-leser\/wp-json\/wp\/v2\/posts\/7485\/revisions"}],"predecessor-version":[{"id":7490,"href":"https:\/\/blog.zeit.de\/zeit-der-leser\/wp-json\/wp\/v2\/posts\/7485\/revisions\/7490"}],"wp:attachment":[{"href":"https:\/\/blog.zeit.de\/zeit-der-leser\/wp-json\/wp\/v2\/media?parent=7485"}],"wp:term":[{"taxonomy":"category","embeddable":true,"href":"https:\/\/blog.zeit.de\/zeit-der-leser\/wp-json\/wp\/v2\/categories?post=7485"},{"taxonomy":"post_tag","embeddable":true,"href":"https:\/\/blog.zeit.de\/zeit-der-leser\/wp-json\/wp\/v2\/tags?post=7485"}],"curies":[{"name":"wp","href":"https:\/\/api.w.org\/{rel}","templated":true}]}}