{"id":7526,"date":"2011-10-29T10:00:25","date_gmt":"2011-10-29T08:00:25","guid":{"rendered":"http:\/\/blog.zeit.de\/zeit-der-leser\/?p=7526"},"modified":"2015-02-24T17:47:42","modified_gmt":"2015-02-24T16:47:42","slug":"mein-wort-schatz-sankt-nimmerleins-tag","status":"publish","type":"post","link":"https:\/\/blog.zeit.de\/zeit-der-leser\/2011\/10\/29\/mein-wort-schatz-sankt-nimmerleins-tag\/","title":{"rendered":"Sankt-Nimmerleins-Tag: Mein Wort-Schatz"},"content":{"rendered":"<p>Unter meinen Lieblingsworten ist es fu\u0308r mich das poetischste: Der <strong>Sankt-Nimmerleins-Tag<\/strong>. Wie man fr\u00fcher bestimmte Termine am Heiligenkalender ausrichtete (an Mari\u00e4 Lichtmess etwa wurden auf dem Land Vertr\u00e4ge mit dem Gesinde abgeschlossen oder verl\u00e4ngert, auch gab es kleine Geschenke, so f\u00fcr die Bauernmagd etwa ein Paar wollene Str\u00fcmpfe, die vermutlich entsetzlich kratzten), so gab es fu\u0308r Abmachungen oder Vorhaben, an deren Verwirklichung erhebliche Zweifel bestanden, den Ausdruck, \u00bbetwas auf den Sankt-Nimmerleins-Tag verschieben\u00ab. Eine harte, wom\u00f6glich schmerzliche Erkenntnis wurde in das sanfte Gewand eines Heiligen gekleidet, den es gar nicht gab. Die alten R\u00f6mer waren da pragmatischer: Etwas auf den Sankt- Nimmerleins-Tag zu verschieben hie\u00df bei ihnen \u00bbad kalendas graecas\u00ab, weil der griechische Kalender die \u00bbKalenden\u00ab, den ersten Tag jedes Monats, nicht kannte. Dass die armen Griechen schon ab urbem condita einen schlechten Ruf haben, w\u00e4re nur eine von verschiedenen Interpretationen, die heutige Zeitl\u00e4ufte nahelegen k\u00f6nnten. Wie dem auch sei, poetischer ist der Sankt-Nimmerleins-Tag allemal. Dass man den im Heiligenkalender vergeblich sucht, teilt er heute mit so manchem Heiligen, der vormals dort seinen Platz hatte.<\/p>\n<p><strong>Klaus Mu\u0308ller<\/strong>, Dortmund<\/p>\n","protected":false},"excerpt":{"rendered":"<p>Unter meinen Lieblingsworten ist es fu\u0308r mich das poetischste: Der Sankt-Nimmerleins-Tag. Wie man fr\u00fcher bestimmte Termine am Heiligenkalender ausrichtete (an Mari\u00e4 Lichtmess etwa wurden auf dem Land Vertr\u00e4ge mit dem Gesinde abgeschlossen oder verl\u00e4ngert, auch gab es kleine Geschenke, so f\u00fcr die Bauernmagd etwa ein Paar wollene Str\u00fcmpfe, die vermutlich entsetzlich kratzten), so gab es [&hellip;]<\/p>\n","protected":false},"author":265,"featured_media":0,"comment_status":"open","ping_status":"open","sticky":false,"template":"","format":"standard","meta":{"_jetpack_memberships_contains_paid_content":false,"footnotes":""},"categories":[5687],"tags":[],"class_list":["post-7526","post","type-post","status-publish","format-standard","hentry","category-mein-wort-schatz"],"yoast_head":"<!-- This site is optimized with the Yoast SEO plugin v21.0 - https:\/\/yoast.com\/wordpress\/plugins\/seo\/ -->\n<title>Sankt-Nimmerleins-Tag: Mein Wort-Schatz - ZEIT der Leser<\/title>\n<meta name=\"robots\" content=\"index, follow, max-snippet:-1, max-image-preview:large, max-video-preview:-1\" \/>\n<link rel=\"canonical\" href=\"https:\/\/blog.zeit.de\/zeit-der-leser\/2011\/10\/29\/mein-wort-schatz-sankt-nimmerleins-tag\/\" \/>\n<meta property=\"og:locale\" content=\"de_DE\" \/>\n<meta property=\"og:type\" content=\"article\" \/>\n<meta property=\"og:title\" content=\"Sankt-Nimmerleins-Tag: Mein Wort-Schatz - ZEIT der Leser\" \/>\n<meta property=\"og:description\" content=\"Unter meinen Lieblingsworten ist es fu\u0308r mich das poetischste: Der Sankt-Nimmerleins-Tag. Wie man fr\u00fcher bestimmte Termine am Heiligenkalender ausrichtete (an Mari\u00e4 Lichtmess etwa wurden auf dem Land Vertr\u00e4ge mit dem Gesinde abgeschlossen oder verl\u00e4ngert, auch gab es kleine Geschenke, so f\u00fcr die Bauernmagd etwa ein Paar wollene Str\u00fcmpfe, die vermutlich entsetzlich kratzten), so gab es [&hellip;]\" \/>\n<meta property=\"og:url\" content=\"https:\/\/blog.zeit.de\/zeit-der-leser\/2011\/10\/29\/mein-wort-schatz-sankt-nimmerleins-tag\/\" \/>\n<meta property=\"og:site_name\" content=\"ZEIT der Leser\" \/>\n<meta property=\"article:published_time\" content=\"2011-10-29T08:00:25+00:00\" \/>\n<meta property=\"article:modified_time\" content=\"2015-02-24T16:47:42+00:00\" \/>\n<meta name=\"author\" content=\"&quot;Zeit der Leser&quot;-Redaktion\" \/>\n<meta name=\"twitter:card\" content=\"summary_large_image\" \/>\n<meta name=\"twitter:label1\" content=\"Geschrieben von\" \/>\n\t<meta name=\"twitter:data1\" content=\"\"Zeit der Leser\"-Redaktion\" \/>\n\t<meta name=\"twitter:label2\" content=\"Gesch\u00e4tzte Lesezeit\" \/>\n\t<meta name=\"twitter:data2\" content=\"1\u00a0Minute\" \/>\n<script type=\"application\/ld+json\" class=\"yoast-schema-graph\">{\"@context\":\"https:\/\/schema.org\",\"@graph\":[{\"@type\":\"WebPage\",\"@id\":\"https:\/\/blog.zeit.de\/zeit-der-leser\/2011\/10\/29\/mein-wort-schatz-sankt-nimmerleins-tag\/\",\"url\":\"https:\/\/blog.zeit.de\/zeit-der-leser\/2011\/10\/29\/mein-wort-schatz-sankt-nimmerleins-tag\/\",\"name\":\"Sankt-Nimmerleins-Tag: Mein Wort-Schatz - ZEIT der Leser\",\"isPartOf\":{\"@id\":\"https:\/\/blog.zeit.de\/zeit-der-leser\/#website\"},\"datePublished\":\"2011-10-29T08:00:25+00:00\",\"dateModified\":\"2015-02-24T16:47:42+00:00\",\"author\":{\"@id\":\"https:\/\/blog.zeit.de\/zeit-der-leser\/#\/schema\/person\/583b14e5ad6368c23af846ecbde9f20f\"},\"breadcrumb\":{\"@id\":\"https:\/\/blog.zeit.de\/zeit-der-leser\/2011\/10\/29\/mein-wort-schatz-sankt-nimmerleins-tag\/#breadcrumb\"},\"inLanguage\":\"de\",\"potentialAction\":[{\"@type\":\"ReadAction\",\"target\":[\"https:\/\/blog.zeit.de\/zeit-der-leser\/2011\/10\/29\/mein-wort-schatz-sankt-nimmerleins-tag\/\"]}]},{\"@type\":\"BreadcrumbList\",\"@id\":\"https:\/\/blog.zeit.de\/zeit-der-leser\/2011\/10\/29\/mein-wort-schatz-sankt-nimmerleins-tag\/#breadcrumb\",\"itemListElement\":[{\"@type\":\"ListItem\",\"position\":1,\"name\":\"Startseite\",\"item\":\"https:\/\/blog.zeit.de\/zeit-der-leser\/\"},{\"@type\":\"ListItem\",\"position\":2,\"name\":\"Sankt-Nimmerleins-Tag: Mein Wort-Schatz\"}]},{\"@type\":\"WebSite\",\"@id\":\"https:\/\/blog.zeit.de\/zeit-der-leser\/#website\",\"url\":\"https:\/\/blog.zeit.de\/zeit-der-leser\/\",\"name\":\"ZEIT der Leser\",\"description\":\"Ein Blog mit Ihren Notizen, Gedichten und Bildern f\u00fcr die gedruckte ZEIT\",\"potentialAction\":[{\"@type\":\"SearchAction\",\"target\":{\"@type\":\"EntryPoint\",\"urlTemplate\":\"https:\/\/blog.zeit.de\/zeit-der-leser\/?s={search_term_string}\"},\"query-input\":\"required name=search_term_string\"}],\"inLanguage\":\"de\"},{\"@type\":\"Person\",\"@id\":\"https:\/\/blog.zeit.de\/zeit-der-leser\/#\/schema\/person\/583b14e5ad6368c23af846ecbde9f20f\",\"name\":\"\\\"Zeit der Leser\\\"-Redaktion\",\"image\":{\"@type\":\"ImageObject\",\"inLanguage\":\"de\",\"@id\":\"https:\/\/blog.zeit.de\/zeit-der-leser\/#\/schema\/person\/image\/\",\"url\":\"https:\/\/secure.gravatar.com\/avatar\/e801a681bd3bbf2345131a815930b48d9f8e0a94de1346b624840dc850f67ad0?s=96&d=mm&r=g\",\"contentUrl\":\"https:\/\/secure.gravatar.com\/avatar\/e801a681bd3bbf2345131a815930b48d9f8e0a94de1346b624840dc850f67ad0?s=96&d=mm&r=g\",\"caption\":\"\\\"Zeit der Leser\\\"-Redaktion\"},\"url\":\"https:\/\/blog.zeit.de\/zeit-der-leser\/author\/zeit-der-leser-redaktion\/\"}]}<\/script>\n<!-- \/ Yoast SEO plugin. -->","yoast_head_json":{"title":"Sankt-Nimmerleins-Tag: Mein Wort-Schatz - ZEIT der Leser","robots":{"index":"index","follow":"follow","max-snippet":"max-snippet:-1","max-image-preview":"max-image-preview:large","max-video-preview":"max-video-preview:-1"},"canonical":"https:\/\/blog.zeit.de\/zeit-der-leser\/2011\/10\/29\/mein-wort-schatz-sankt-nimmerleins-tag\/","og_locale":"de_DE","og_type":"article","og_title":"Sankt-Nimmerleins-Tag: Mein Wort-Schatz - ZEIT der Leser","og_description":"Unter meinen Lieblingsworten ist es fu\u0308r mich das poetischste: Der Sankt-Nimmerleins-Tag. Wie man fr\u00fcher bestimmte Termine am Heiligenkalender ausrichtete (an Mari\u00e4 Lichtmess etwa wurden auf dem Land Vertr\u00e4ge mit dem Gesinde abgeschlossen oder verl\u00e4ngert, auch gab es kleine Geschenke, so f\u00fcr die Bauernmagd etwa ein Paar wollene Str\u00fcmpfe, die vermutlich entsetzlich kratzten), so gab es [&hellip;]","og_url":"https:\/\/blog.zeit.de\/zeit-der-leser\/2011\/10\/29\/mein-wort-schatz-sankt-nimmerleins-tag\/","og_site_name":"ZEIT der Leser","article_published_time":"2011-10-29T08:00:25+00:00","article_modified_time":"2015-02-24T16:47:42+00:00","author":"\"Zeit der Leser\"-Redaktion","twitter_card":"summary_large_image","twitter_misc":{"Geschrieben von":"\"Zeit der Leser\"-Redaktion","Gesch\u00e4tzte Lesezeit":"1\u00a0Minute"},"schema":{"@context":"https:\/\/schema.org","@graph":[{"@type":"WebPage","@id":"https:\/\/blog.zeit.de\/zeit-der-leser\/2011\/10\/29\/mein-wort-schatz-sankt-nimmerleins-tag\/","url":"https:\/\/blog.zeit.de\/zeit-der-leser\/2011\/10\/29\/mein-wort-schatz-sankt-nimmerleins-tag\/","name":"Sankt-Nimmerleins-Tag: Mein Wort-Schatz - ZEIT der Leser","isPartOf":{"@id":"https:\/\/blog.zeit.de\/zeit-der-leser\/#website"},"datePublished":"2011-10-29T08:00:25+00:00","dateModified":"2015-02-24T16:47:42+00:00","author":{"@id":"https:\/\/blog.zeit.de\/zeit-der-leser\/#\/schema\/person\/583b14e5ad6368c23af846ecbde9f20f"},"breadcrumb":{"@id":"https:\/\/blog.zeit.de\/zeit-der-leser\/2011\/10\/29\/mein-wort-schatz-sankt-nimmerleins-tag\/#breadcrumb"},"inLanguage":"de","potentialAction":[{"@type":"ReadAction","target":["https:\/\/blog.zeit.de\/zeit-der-leser\/2011\/10\/29\/mein-wort-schatz-sankt-nimmerleins-tag\/"]}]},{"@type":"BreadcrumbList","@id":"https:\/\/blog.zeit.de\/zeit-der-leser\/2011\/10\/29\/mein-wort-schatz-sankt-nimmerleins-tag\/#breadcrumb","itemListElement":[{"@type":"ListItem","position":1,"name":"Startseite","item":"https:\/\/blog.zeit.de\/zeit-der-leser\/"},{"@type":"ListItem","position":2,"name":"Sankt-Nimmerleins-Tag: Mein Wort-Schatz"}]},{"@type":"WebSite","@id":"https:\/\/blog.zeit.de\/zeit-der-leser\/#website","url":"https:\/\/blog.zeit.de\/zeit-der-leser\/","name":"ZEIT der Leser","description":"Ein Blog mit Ihren Notizen, Gedichten und Bildern f\u00fcr die gedruckte ZEIT","potentialAction":[{"@type":"SearchAction","target":{"@type":"EntryPoint","urlTemplate":"https:\/\/blog.zeit.de\/zeit-der-leser\/?s={search_term_string}"},"query-input":"required name=search_term_string"}],"inLanguage":"de"},{"@type":"Person","@id":"https:\/\/blog.zeit.de\/zeit-der-leser\/#\/schema\/person\/583b14e5ad6368c23af846ecbde9f20f","name":"\"Zeit der Leser\"-Redaktion","image":{"@type":"ImageObject","inLanguage":"de","@id":"https:\/\/blog.zeit.de\/zeit-der-leser\/#\/schema\/person\/image\/","url":"https:\/\/secure.gravatar.com\/avatar\/e801a681bd3bbf2345131a815930b48d9f8e0a94de1346b624840dc850f67ad0?s=96&d=mm&r=g","contentUrl":"https:\/\/secure.gravatar.com\/avatar\/e801a681bd3bbf2345131a815930b48d9f8e0a94de1346b624840dc850f67ad0?s=96&d=mm&r=g","caption":"\"Zeit der Leser\"-Redaktion"},"url":"https:\/\/blog.zeit.de\/zeit-der-leser\/author\/zeit-der-leser-redaktion\/"}]}},"jetpack_featured_media_url":"","jetpack_sharing_enabled":true,"_links":{"self":[{"href":"https:\/\/blog.zeit.de\/zeit-der-leser\/wp-json\/wp\/v2\/posts\/7526","targetHints":{"allow":["GET"]}}],"collection":[{"href":"https:\/\/blog.zeit.de\/zeit-der-leser\/wp-json\/wp\/v2\/posts"}],"about":[{"href":"https:\/\/blog.zeit.de\/zeit-der-leser\/wp-json\/wp\/v2\/types\/post"}],"author":[{"embeddable":true,"href":"https:\/\/blog.zeit.de\/zeit-der-leser\/wp-json\/wp\/v2\/users\/265"}],"replies":[{"embeddable":true,"href":"https:\/\/blog.zeit.de\/zeit-der-leser\/wp-json\/wp\/v2\/comments?post=7526"}],"version-history":[{"count":6,"href":"https:\/\/blog.zeit.de\/zeit-der-leser\/wp-json\/wp\/v2\/posts\/7526\/revisions"}],"predecessor-version":[{"id":19829,"href":"https:\/\/blog.zeit.de\/zeit-der-leser\/wp-json\/wp\/v2\/posts\/7526\/revisions\/19829"}],"wp:attachment":[{"href":"https:\/\/blog.zeit.de\/zeit-der-leser\/wp-json\/wp\/v2\/media?parent=7526"}],"wp:term":[{"taxonomy":"category","embeddable":true,"href":"https:\/\/blog.zeit.de\/zeit-der-leser\/wp-json\/wp\/v2\/categories?post=7526"},{"taxonomy":"post_tag","embeddable":true,"href":"https:\/\/blog.zeit.de\/zeit-der-leser\/wp-json\/wp\/v2\/tags?post=7526"}],"curies":[{"name":"wp","href":"https:\/\/api.w.org\/{rel}","templated":true}]}}