{"id":7542,"date":"2011-11-01T10:00:53","date_gmt":"2011-11-01T09:00:53","guid":{"rendered":"http:\/\/blog.zeit.de\/zeit-der-leser\/?p=7542"},"modified":"2011-10-26T14:45:53","modified_gmt":"2011-10-26T12:45:53","slug":"wiedergefunden-die-trostung","status":"publish","type":"post","link":"https:\/\/blog.zeit.de\/zeit-der-leser\/2011\/11\/01\/wiedergefunden-die-trostung\/","title":{"rendered":"Wiedergefunden: Die Tr\u00f6stung"},"content":{"rendered":"<p><a href=\"https:\/\/blog.zeit.de\/zeit-der-leser\/files\/2011\/11\/s96-wiedergefunden.jpg\"><img loading=\"lazy\" decoding=\"async\" class=\"aligncenter size-full wp-image-7544\" src=\"https:\/\/blog.zeit.de\/zeit-der-leser\/files\/2011\/11\/s96-wiedergefunden.jpg\" alt=\"\" width=\"180\" height=\"310\" srcset=\"https:\/\/blog.zeit.de\/zeit-der-leser\/files\/2011\/11\/s96-wiedergefunden.jpg 180w, https:\/\/blog.zeit.de\/zeit-der-leser\/files\/2011\/11\/s96-wiedergefunden-174x300.jpg 174w\" sizes=\"auto, (max-width: 180px) 100vw, 180px\" \/><\/a><\/p>\n<p>Unter den nachgelassenen Briefen des Gro\u00dfvaters meiner Frau fand sich auch ein dickes Kuvert, das er 1917 an der Westfront in Frankreich an einen Bekannten geschickt, aber mit dem Vermerk wiedererhalten hatte, der Empf\u00e4nger sei \u00bbvermisst\u00ab. In dem Umschlag lag eine Reclam-Ausgabe von H\u00f6lderlins Hyperion mit einem Brief: \u00bbHiermit schicke ich Ihnen ein Buch, das ich erst k\u00fcrzlich gelesen habe. Es enth\u00e4lt Stellen von h\u00f6chster Sch\u00f6nheit und ist geeignet, uns f\u00fcr Augenblicke ganz u\u0308ber den grauen Alltag zu erheben. Mich hat es wunderbar getr\u00f6stet in Stunden, wo mir alles wieder zerbrochen schien. Man mu\u00df es immer bei sich haben, um jederzeit darin lesen zu k\u00f6nnen. \u00ab Da sage einer, Literatur sei keine Lebenshilfe!<br \/>\n<em>Peter Thrul, Marxheim<\/em><\/p>\n","protected":false},"excerpt":{"rendered":"<p>Unter den nachgelassenen Briefen des Gro\u00dfvaters meiner Frau fand sich auch ein dickes Kuvert, das er 1917 an der Westfront in Frankreich an einen Bekannten geschickt, aber mit dem Vermerk wiedererhalten hatte, der Empf\u00e4nger sei \u00bbvermisst\u00ab. In dem Umschlag lag eine Reclam-Ausgabe von H\u00f6lderlins Hyperion mit einem Brief: \u00bbHiermit schicke ich Ihnen ein Buch, das [&hellip;]<\/p>\n","protected":false},"author":265,"featured_media":0,"comment_status":"open","ping_status":"open","sticky":false,"template":"","format":"standard","meta":{"_jetpack_memberships_contains_paid_content":false,"footnotes":""},"categories":[1876],"tags":[],"class_list":["post-7542","post","type-post","status-publish","format-standard","hentry","category-wiedergefunden"],"yoast_head":"<!-- This site is optimized with the Yoast SEO plugin v21.0 - https:\/\/yoast.com\/wordpress\/plugins\/seo\/ -->\n<title>Wiedergefunden: Die Tr\u00f6stung - ZEIT der Leser<\/title>\n<meta name=\"robots\" content=\"index, follow, max-snippet:-1, max-image-preview:large, max-video-preview:-1\" \/>\n<link rel=\"canonical\" href=\"https:\/\/blog.zeit.de\/zeit-der-leser\/2011\/11\/01\/wiedergefunden-die-trostung\/\" \/>\n<meta property=\"og:locale\" content=\"de_DE\" \/>\n<meta property=\"og:type\" content=\"article\" \/>\n<meta property=\"og:title\" content=\"Wiedergefunden: Die Tr\u00f6stung - ZEIT der Leser\" \/>\n<meta property=\"og:description\" content=\"Unter den nachgelassenen Briefen des Gro\u00dfvaters meiner Frau fand sich auch ein dickes Kuvert, das er 1917 an der Westfront in Frankreich an einen Bekannten geschickt, aber mit dem Vermerk wiedererhalten hatte, der Empf\u00e4nger sei \u00bbvermisst\u00ab. In dem Umschlag lag eine Reclam-Ausgabe von H\u00f6lderlins Hyperion mit einem Brief: \u00bbHiermit schicke ich Ihnen ein Buch, das [&hellip;]\" \/>\n<meta property=\"og:url\" content=\"https:\/\/blog.zeit.de\/zeit-der-leser\/2011\/11\/01\/wiedergefunden-die-trostung\/\" \/>\n<meta property=\"og:site_name\" content=\"ZEIT der Leser\" \/>\n<meta property=\"article:published_time\" content=\"2011-11-01T09:00:53+00:00\" \/>\n<meta property=\"article:modified_time\" content=\"2011-10-26T12:45:53+00:00\" \/>\n<meta property=\"og:image\" content=\"https:\/\/blog.zeit.de\/zeit-der-leser\/files\/2011\/11\/s96-wiedergefunden.jpg\" \/>\n<meta name=\"author\" content=\"&quot;Zeit der Leser&quot;-Redaktion\" \/>\n<meta name=\"twitter:card\" content=\"summary_large_image\" \/>\n<meta name=\"twitter:label1\" content=\"Geschrieben von\" \/>\n\t<meta name=\"twitter:data1\" content=\"\"Zeit der Leser\"-Redaktion\" \/>\n\t<meta name=\"twitter:label2\" content=\"Gesch\u00e4tzte Lesezeit\" \/>\n\t<meta name=\"twitter:data2\" content=\"1\u00a0Minute\" \/>\n<script type=\"application\/ld+json\" class=\"yoast-schema-graph\">{\"@context\":\"https:\/\/schema.org\",\"@graph\":[{\"@type\":\"WebPage\",\"@id\":\"https:\/\/blog.zeit.de\/zeit-der-leser\/2011\/11\/01\/wiedergefunden-die-trostung\/\",\"url\":\"https:\/\/blog.zeit.de\/zeit-der-leser\/2011\/11\/01\/wiedergefunden-die-trostung\/\",\"name\":\"Wiedergefunden: Die Tr\u00f6stung - ZEIT der Leser\",\"isPartOf\":{\"@id\":\"https:\/\/blog.zeit.de\/zeit-der-leser\/#website\"},\"datePublished\":\"2011-11-01T09:00:53+00:00\",\"dateModified\":\"2011-10-26T12:45:53+00:00\",\"author\":{\"@id\":\"https:\/\/blog.zeit.de\/zeit-der-leser\/#\/schema\/person\/583b14e5ad6368c23af846ecbde9f20f\"},\"breadcrumb\":{\"@id\":\"https:\/\/blog.zeit.de\/zeit-der-leser\/2011\/11\/01\/wiedergefunden-die-trostung\/#breadcrumb\"},\"inLanguage\":\"de\",\"potentialAction\":[{\"@type\":\"ReadAction\",\"target\":[\"https:\/\/blog.zeit.de\/zeit-der-leser\/2011\/11\/01\/wiedergefunden-die-trostung\/\"]}]},{\"@type\":\"BreadcrumbList\",\"@id\":\"https:\/\/blog.zeit.de\/zeit-der-leser\/2011\/11\/01\/wiedergefunden-die-trostung\/#breadcrumb\",\"itemListElement\":[{\"@type\":\"ListItem\",\"position\":1,\"name\":\"Startseite\",\"item\":\"https:\/\/blog.zeit.de\/zeit-der-leser\/\"},{\"@type\":\"ListItem\",\"position\":2,\"name\":\"Wiedergefunden: Die Tr\u00f6stung\"}]},{\"@type\":\"WebSite\",\"@id\":\"https:\/\/blog.zeit.de\/zeit-der-leser\/#website\",\"url\":\"https:\/\/blog.zeit.de\/zeit-der-leser\/\",\"name\":\"ZEIT der Leser\",\"description\":\"Ein Blog mit Ihren Notizen, Gedichten und Bildern f\u00fcr die gedruckte ZEIT\",\"potentialAction\":[{\"@type\":\"SearchAction\",\"target\":{\"@type\":\"EntryPoint\",\"urlTemplate\":\"https:\/\/blog.zeit.de\/zeit-der-leser\/?s={search_term_string}\"},\"query-input\":\"required name=search_term_string\"}],\"inLanguage\":\"de\"},{\"@type\":\"Person\",\"@id\":\"https:\/\/blog.zeit.de\/zeit-der-leser\/#\/schema\/person\/583b14e5ad6368c23af846ecbde9f20f\",\"name\":\"\\\"Zeit der Leser\\\"-Redaktion\",\"image\":{\"@type\":\"ImageObject\",\"inLanguage\":\"de\",\"@id\":\"https:\/\/blog.zeit.de\/zeit-der-leser\/#\/schema\/person\/image\/\",\"url\":\"https:\/\/secure.gravatar.com\/avatar\/e801a681bd3bbf2345131a815930b48d9f8e0a94de1346b624840dc850f67ad0?s=96&d=mm&r=g\",\"contentUrl\":\"https:\/\/secure.gravatar.com\/avatar\/e801a681bd3bbf2345131a815930b48d9f8e0a94de1346b624840dc850f67ad0?s=96&d=mm&r=g\",\"caption\":\"\\\"Zeit der Leser\\\"-Redaktion\"},\"url\":\"https:\/\/blog.zeit.de\/zeit-der-leser\/author\/zeit-der-leser-redaktion\/\"}]}<\/script>\n<!-- \/ Yoast SEO plugin. -->","yoast_head_json":{"title":"Wiedergefunden: Die Tr\u00f6stung - ZEIT der Leser","robots":{"index":"index","follow":"follow","max-snippet":"max-snippet:-1","max-image-preview":"max-image-preview:large","max-video-preview":"max-video-preview:-1"},"canonical":"https:\/\/blog.zeit.de\/zeit-der-leser\/2011\/11\/01\/wiedergefunden-die-trostung\/","og_locale":"de_DE","og_type":"article","og_title":"Wiedergefunden: Die Tr\u00f6stung - ZEIT der Leser","og_description":"Unter den nachgelassenen Briefen des Gro\u00dfvaters meiner Frau fand sich auch ein dickes Kuvert, das er 1917 an der Westfront in Frankreich an einen Bekannten geschickt, aber mit dem Vermerk wiedererhalten hatte, der Empf\u00e4nger sei \u00bbvermisst\u00ab. In dem Umschlag lag eine Reclam-Ausgabe von H\u00f6lderlins Hyperion mit einem Brief: \u00bbHiermit schicke ich Ihnen ein Buch, das [&hellip;]","og_url":"https:\/\/blog.zeit.de\/zeit-der-leser\/2011\/11\/01\/wiedergefunden-die-trostung\/","og_site_name":"ZEIT der Leser","article_published_time":"2011-11-01T09:00:53+00:00","article_modified_time":"2011-10-26T12:45:53+00:00","og_image":[{"url":"https:\/\/blog.zeit.de\/zeit-der-leser\/files\/2011\/11\/s96-wiedergefunden.jpg"}],"author":"\"Zeit der Leser\"-Redaktion","twitter_card":"summary_large_image","twitter_misc":{"Geschrieben von":"\"Zeit der Leser\"-Redaktion","Gesch\u00e4tzte Lesezeit":"1\u00a0Minute"},"schema":{"@context":"https:\/\/schema.org","@graph":[{"@type":"WebPage","@id":"https:\/\/blog.zeit.de\/zeit-der-leser\/2011\/11\/01\/wiedergefunden-die-trostung\/","url":"https:\/\/blog.zeit.de\/zeit-der-leser\/2011\/11\/01\/wiedergefunden-die-trostung\/","name":"Wiedergefunden: Die Tr\u00f6stung - ZEIT der Leser","isPartOf":{"@id":"https:\/\/blog.zeit.de\/zeit-der-leser\/#website"},"datePublished":"2011-11-01T09:00:53+00:00","dateModified":"2011-10-26T12:45:53+00:00","author":{"@id":"https:\/\/blog.zeit.de\/zeit-der-leser\/#\/schema\/person\/583b14e5ad6368c23af846ecbde9f20f"},"breadcrumb":{"@id":"https:\/\/blog.zeit.de\/zeit-der-leser\/2011\/11\/01\/wiedergefunden-die-trostung\/#breadcrumb"},"inLanguage":"de","potentialAction":[{"@type":"ReadAction","target":["https:\/\/blog.zeit.de\/zeit-der-leser\/2011\/11\/01\/wiedergefunden-die-trostung\/"]}]},{"@type":"BreadcrumbList","@id":"https:\/\/blog.zeit.de\/zeit-der-leser\/2011\/11\/01\/wiedergefunden-die-trostung\/#breadcrumb","itemListElement":[{"@type":"ListItem","position":1,"name":"Startseite","item":"https:\/\/blog.zeit.de\/zeit-der-leser\/"},{"@type":"ListItem","position":2,"name":"Wiedergefunden: Die Tr\u00f6stung"}]},{"@type":"WebSite","@id":"https:\/\/blog.zeit.de\/zeit-der-leser\/#website","url":"https:\/\/blog.zeit.de\/zeit-der-leser\/","name":"ZEIT der Leser","description":"Ein Blog mit Ihren Notizen, Gedichten und Bildern f\u00fcr die gedruckte ZEIT","potentialAction":[{"@type":"SearchAction","target":{"@type":"EntryPoint","urlTemplate":"https:\/\/blog.zeit.de\/zeit-der-leser\/?s={search_term_string}"},"query-input":"required name=search_term_string"}],"inLanguage":"de"},{"@type":"Person","@id":"https:\/\/blog.zeit.de\/zeit-der-leser\/#\/schema\/person\/583b14e5ad6368c23af846ecbde9f20f","name":"\"Zeit der Leser\"-Redaktion","image":{"@type":"ImageObject","inLanguage":"de","@id":"https:\/\/blog.zeit.de\/zeit-der-leser\/#\/schema\/person\/image\/","url":"https:\/\/secure.gravatar.com\/avatar\/e801a681bd3bbf2345131a815930b48d9f8e0a94de1346b624840dc850f67ad0?s=96&d=mm&r=g","contentUrl":"https:\/\/secure.gravatar.com\/avatar\/e801a681bd3bbf2345131a815930b48d9f8e0a94de1346b624840dc850f67ad0?s=96&d=mm&r=g","caption":"\"Zeit der Leser\"-Redaktion"},"url":"https:\/\/blog.zeit.de\/zeit-der-leser\/author\/zeit-der-leser-redaktion\/"}]}},"jetpack_featured_media_url":"","jetpack_sharing_enabled":true,"_links":{"self":[{"href":"https:\/\/blog.zeit.de\/zeit-der-leser\/wp-json\/wp\/v2\/posts\/7542","targetHints":{"allow":["GET"]}}],"collection":[{"href":"https:\/\/blog.zeit.de\/zeit-der-leser\/wp-json\/wp\/v2\/posts"}],"about":[{"href":"https:\/\/blog.zeit.de\/zeit-der-leser\/wp-json\/wp\/v2\/types\/post"}],"author":[{"embeddable":true,"href":"https:\/\/blog.zeit.de\/zeit-der-leser\/wp-json\/wp\/v2\/users\/265"}],"replies":[{"embeddable":true,"href":"https:\/\/blog.zeit.de\/zeit-der-leser\/wp-json\/wp\/v2\/comments?post=7542"}],"version-history":[{"count":3,"href":"https:\/\/blog.zeit.de\/zeit-der-leser\/wp-json\/wp\/v2\/posts\/7542\/revisions"}],"predecessor-version":[{"id":7546,"href":"https:\/\/blog.zeit.de\/zeit-der-leser\/wp-json\/wp\/v2\/posts\/7542\/revisions\/7546"}],"wp:attachment":[{"href":"https:\/\/blog.zeit.de\/zeit-der-leser\/wp-json\/wp\/v2\/media?parent=7542"}],"wp:term":[{"taxonomy":"category","embeddable":true,"href":"https:\/\/blog.zeit.de\/zeit-der-leser\/wp-json\/wp\/v2\/categories?post=7542"},{"taxonomy":"post_tag","embeddable":true,"href":"https:\/\/blog.zeit.de\/zeit-der-leser\/wp-json\/wp\/v2\/tags?post=7542"}],"curies":[{"name":"wp","href":"https:\/\/api.w.org\/{rel}","templated":true}]}}