{"id":7550,"date":"2011-10-31T18:00:35","date_gmt":"2011-10-31T17:00:35","guid":{"rendered":"http:\/\/blog.zeit.de\/zeit-der-leser\/?p=7550"},"modified":"2011-10-26T14:51:13","modified_gmt":"2011-10-26T12:51:13","slug":"zeitsprung-32","status":"publish","type":"post","link":"https:\/\/blog.zeit.de\/zeit-der-leser\/2011\/10\/31\/zeitsprung-32\/","title":{"rendered":"Zeitsprung"},"content":{"rendered":"<p><figure id=\"attachment_7551\" aria-describedby=\"caption-attachment-7551\" style=\"width: 540px\" class=\"wp-caption alignnone\"><a href=\"https:\/\/blog.zeit.de\/zeit-der-leser\/files\/2011\/10\/s96-zeitsprung-1.jpg\"><img loading=\"lazy\" decoding=\"async\" class=\"size-full wp-image-7551\" src=\"https:\/\/blog.zeit.de\/zeit-der-leser\/files\/2011\/10\/s96-zeitsprung-1.jpg\" alt=\"\" width=\"540\" height=\"362\" srcset=\"https:\/\/blog.zeit.de\/zeit-der-leser\/files\/2011\/10\/s96-zeitsprung-1.jpg 540w, https:\/\/blog.zeit.de\/zeit-der-leser\/files\/2011\/10\/s96-zeitsprung-1-300x201.jpg 300w\" sizes=\"auto, (max-width: 540px) 100vw, 540px\" \/><\/a><figcaption id=\"caption-attachment-7551\" class=\"wp-caption-text\">1949<\/figcaption><\/figure><\/p>\n<p><figure id=\"attachment_7553\" aria-describedby=\"caption-attachment-7553\" style=\"width: 540px\" class=\"wp-caption alignnone\"><a href=\"https:\/\/blog.zeit.de\/zeit-der-leser\/files\/2011\/10\/s96-zeitsprung-21.jpg\"><img loading=\"lazy\" decoding=\"async\" class=\"size-full wp-image-7553\" src=\"https:\/\/blog.zeit.de\/zeit-der-leser\/files\/2011\/10\/s96-zeitsprung-21.jpg\" alt=\"\" width=\"540\" height=\"362\" srcset=\"https:\/\/blog.zeit.de\/zeit-der-leser\/files\/2011\/10\/s96-zeitsprung-21.jpg 540w, https:\/\/blog.zeit.de\/zeit-der-leser\/files\/2011\/10\/s96-zeitsprung-21-300x201.jpg 300w\" sizes=\"auto, (max-width: 540px) 100vw, 540px\" \/><\/a><figcaption id=\"caption-attachment-7553\" class=\"wp-caption-text\">2009<\/figcaption><\/figure><\/p>\n<p>Die Rubrik Zeitsprung auf Ihrer Seite ZEIT der Leser r\u00fchrt uns jedes Mal an. In der Fotoschublade meines Mannes schlummert seit Jahren eines seiner sch\u00f6nsten Familienbilder: die vier Geschwister Wolfgang, Christa, Klaus und Mechthild, wie aufgef\u00e4delt auf der Treppe des elterlichen Pfarrhauses. Das Foto stammt aus dem Jahr 1949. Die Geschwister sind seit Jahren in Schweden, Norwegen, Bremen verstreut. Aber jedes Jahr treffen sie sich mindestens einmal, dazwischen wird oft telefoniert, gemailt und geskypt. Familiengeschichten werden erz\u00e4hlt und ausgetauscht, die Erinnerung an alte Zeiten aufgefrischt. Und jedes Mal, wenn sich die Geschwister treffen, stellen sie als kleines Ritual das alte Foto nach. Ein Riesenspa\u00df, auf den sich alle vier immer enorm freuen. Eines der sch\u00f6nsten Bilder mit den inzwischen ergrauten M\u00e4dchen und Jungs stammt aus dem vorletzten Herbst.<\/p>\n<p><em>B\u00e4rbel Hartlieb, Baden-Baden<\/em><\/p>\n","protected":false},"excerpt":{"rendered":"<p>Die Rubrik Zeitsprung auf Ihrer Seite ZEIT der Leser r\u00fchrt uns jedes Mal an. In der Fotoschublade meines Mannes schlummert seit Jahren eines seiner sch\u00f6nsten Familienbilder: die vier Geschwister Wolfgang, Christa, Klaus und Mechthild, wie aufgef\u00e4delt auf der Treppe des elterlichen Pfarrhauses. Das Foto stammt aus dem Jahr 1949. Die Geschwister sind seit Jahren in [&hellip;]<\/p>\n","protected":false},"author":265,"featured_media":0,"comment_status":"open","ping_status":"open","sticky":false,"template":"","format":"standard","meta":{"_jetpack_memberships_contains_paid_content":false,"footnotes":""},"categories":[1878],"tags":[],"class_list":["post-7550","post","type-post","status-publish","format-standard","hentry","category-zeitsprung"],"yoast_head":"<!-- This site is optimized with the Yoast SEO plugin v21.0 - https:\/\/yoast.com\/wordpress\/plugins\/seo\/ -->\n<title>Zeitsprung - ZEIT der Leser<\/title>\n<meta name=\"robots\" content=\"index, follow, max-snippet:-1, max-image-preview:large, max-video-preview:-1\" \/>\n<link rel=\"canonical\" href=\"https:\/\/blog.zeit.de\/zeit-der-leser\/2011\/10\/31\/zeitsprung-32\/\" \/>\n<meta property=\"og:locale\" content=\"de_DE\" \/>\n<meta property=\"og:type\" content=\"article\" \/>\n<meta property=\"og:title\" content=\"Zeitsprung - ZEIT der Leser\" \/>\n<meta property=\"og:description\" content=\"Die Rubrik Zeitsprung auf Ihrer Seite ZEIT der Leser r\u00fchrt uns jedes Mal an. In der Fotoschublade meines Mannes schlummert seit Jahren eines seiner sch\u00f6nsten Familienbilder: die vier Geschwister Wolfgang, Christa, Klaus und Mechthild, wie aufgef\u00e4delt auf der Treppe des elterlichen Pfarrhauses. Das Foto stammt aus dem Jahr 1949. Die Geschwister sind seit Jahren in [&hellip;]\" \/>\n<meta property=\"og:url\" content=\"https:\/\/blog.zeit.de\/zeit-der-leser\/2011\/10\/31\/zeitsprung-32\/\" \/>\n<meta property=\"og:site_name\" content=\"ZEIT der Leser\" \/>\n<meta property=\"article:published_time\" content=\"2011-10-31T17:00:35+00:00\" \/>\n<meta property=\"article:modified_time\" content=\"2011-10-26T12:51:13+00:00\" \/>\n<meta property=\"og:image\" content=\"https:\/\/blog.zeit.de\/zeit-der-leser\/files\/2011\/10\/s96-zeitsprung-1.jpg\" \/>\n<meta name=\"author\" content=\"&quot;Zeit der Leser&quot;-Redaktion\" \/>\n<meta name=\"twitter:card\" content=\"summary_large_image\" \/>\n<meta name=\"twitter:label1\" content=\"Geschrieben von\" \/>\n\t<meta name=\"twitter:data1\" content=\"\"Zeit der Leser\"-Redaktion\" \/>\n\t<meta name=\"twitter:label2\" content=\"Gesch\u00e4tzte Lesezeit\" \/>\n\t<meta name=\"twitter:data2\" content=\"1\u00a0Minute\" \/>\n<script type=\"application\/ld+json\" class=\"yoast-schema-graph\">{\"@context\":\"https:\/\/schema.org\",\"@graph\":[{\"@type\":\"WebPage\",\"@id\":\"https:\/\/blog.zeit.de\/zeit-der-leser\/2011\/10\/31\/zeitsprung-32\/\",\"url\":\"https:\/\/blog.zeit.de\/zeit-der-leser\/2011\/10\/31\/zeitsprung-32\/\",\"name\":\"Zeitsprung - ZEIT der Leser\",\"isPartOf\":{\"@id\":\"https:\/\/blog.zeit.de\/zeit-der-leser\/#website\"},\"datePublished\":\"2011-10-31T17:00:35+00:00\",\"dateModified\":\"2011-10-26T12:51:13+00:00\",\"author\":{\"@id\":\"https:\/\/blog.zeit.de\/zeit-der-leser\/#\/schema\/person\/583b14e5ad6368c23af846ecbde9f20f\"},\"breadcrumb\":{\"@id\":\"https:\/\/blog.zeit.de\/zeit-der-leser\/2011\/10\/31\/zeitsprung-32\/#breadcrumb\"},\"inLanguage\":\"de\",\"potentialAction\":[{\"@type\":\"ReadAction\",\"target\":[\"https:\/\/blog.zeit.de\/zeit-der-leser\/2011\/10\/31\/zeitsprung-32\/\"]}]},{\"@type\":\"BreadcrumbList\",\"@id\":\"https:\/\/blog.zeit.de\/zeit-der-leser\/2011\/10\/31\/zeitsprung-32\/#breadcrumb\",\"itemListElement\":[{\"@type\":\"ListItem\",\"position\":1,\"name\":\"Startseite\",\"item\":\"https:\/\/blog.zeit.de\/zeit-der-leser\/\"},{\"@type\":\"ListItem\",\"position\":2,\"name\":\"Zeitsprung\"}]},{\"@type\":\"WebSite\",\"@id\":\"https:\/\/blog.zeit.de\/zeit-der-leser\/#website\",\"url\":\"https:\/\/blog.zeit.de\/zeit-der-leser\/\",\"name\":\"ZEIT der Leser\",\"description\":\"Ein Blog mit Ihren Notizen, Gedichten und Bildern f\u00fcr die gedruckte ZEIT\",\"potentialAction\":[{\"@type\":\"SearchAction\",\"target\":{\"@type\":\"EntryPoint\",\"urlTemplate\":\"https:\/\/blog.zeit.de\/zeit-der-leser\/?s={search_term_string}\"},\"query-input\":\"required name=search_term_string\"}],\"inLanguage\":\"de\"},{\"@type\":\"Person\",\"@id\":\"https:\/\/blog.zeit.de\/zeit-der-leser\/#\/schema\/person\/583b14e5ad6368c23af846ecbde9f20f\",\"name\":\"\\\"Zeit der Leser\\\"-Redaktion\",\"image\":{\"@type\":\"ImageObject\",\"inLanguage\":\"de\",\"@id\":\"https:\/\/blog.zeit.de\/zeit-der-leser\/#\/schema\/person\/image\/\",\"url\":\"https:\/\/secure.gravatar.com\/avatar\/e801a681bd3bbf2345131a815930b48d9f8e0a94de1346b624840dc850f67ad0?s=96&d=mm&r=g\",\"contentUrl\":\"https:\/\/secure.gravatar.com\/avatar\/e801a681bd3bbf2345131a815930b48d9f8e0a94de1346b624840dc850f67ad0?s=96&d=mm&r=g\",\"caption\":\"\\\"Zeit der Leser\\\"-Redaktion\"},\"url\":\"https:\/\/blog.zeit.de\/zeit-der-leser\/author\/zeit-der-leser-redaktion\/\"}]}<\/script>\n<!-- \/ Yoast SEO plugin. -->","yoast_head_json":{"title":"Zeitsprung - ZEIT der Leser","robots":{"index":"index","follow":"follow","max-snippet":"max-snippet:-1","max-image-preview":"max-image-preview:large","max-video-preview":"max-video-preview:-1"},"canonical":"https:\/\/blog.zeit.de\/zeit-der-leser\/2011\/10\/31\/zeitsprung-32\/","og_locale":"de_DE","og_type":"article","og_title":"Zeitsprung - ZEIT der Leser","og_description":"Die Rubrik Zeitsprung auf Ihrer Seite ZEIT der Leser r\u00fchrt uns jedes Mal an. In der Fotoschublade meines Mannes schlummert seit Jahren eines seiner sch\u00f6nsten Familienbilder: die vier Geschwister Wolfgang, Christa, Klaus und Mechthild, wie aufgef\u00e4delt auf der Treppe des elterlichen Pfarrhauses. Das Foto stammt aus dem Jahr 1949. Die Geschwister sind seit Jahren in [&hellip;]","og_url":"https:\/\/blog.zeit.de\/zeit-der-leser\/2011\/10\/31\/zeitsprung-32\/","og_site_name":"ZEIT der Leser","article_published_time":"2011-10-31T17:00:35+00:00","article_modified_time":"2011-10-26T12:51:13+00:00","og_image":[{"url":"https:\/\/blog.zeit.de\/zeit-der-leser\/files\/2011\/10\/s96-zeitsprung-1.jpg"}],"author":"\"Zeit der Leser\"-Redaktion","twitter_card":"summary_large_image","twitter_misc":{"Geschrieben von":"\"Zeit der Leser\"-Redaktion","Gesch\u00e4tzte Lesezeit":"1\u00a0Minute"},"schema":{"@context":"https:\/\/schema.org","@graph":[{"@type":"WebPage","@id":"https:\/\/blog.zeit.de\/zeit-der-leser\/2011\/10\/31\/zeitsprung-32\/","url":"https:\/\/blog.zeit.de\/zeit-der-leser\/2011\/10\/31\/zeitsprung-32\/","name":"Zeitsprung - ZEIT der Leser","isPartOf":{"@id":"https:\/\/blog.zeit.de\/zeit-der-leser\/#website"},"datePublished":"2011-10-31T17:00:35+00:00","dateModified":"2011-10-26T12:51:13+00:00","author":{"@id":"https:\/\/blog.zeit.de\/zeit-der-leser\/#\/schema\/person\/583b14e5ad6368c23af846ecbde9f20f"},"breadcrumb":{"@id":"https:\/\/blog.zeit.de\/zeit-der-leser\/2011\/10\/31\/zeitsprung-32\/#breadcrumb"},"inLanguage":"de","potentialAction":[{"@type":"ReadAction","target":["https:\/\/blog.zeit.de\/zeit-der-leser\/2011\/10\/31\/zeitsprung-32\/"]}]},{"@type":"BreadcrumbList","@id":"https:\/\/blog.zeit.de\/zeit-der-leser\/2011\/10\/31\/zeitsprung-32\/#breadcrumb","itemListElement":[{"@type":"ListItem","position":1,"name":"Startseite","item":"https:\/\/blog.zeit.de\/zeit-der-leser\/"},{"@type":"ListItem","position":2,"name":"Zeitsprung"}]},{"@type":"WebSite","@id":"https:\/\/blog.zeit.de\/zeit-der-leser\/#website","url":"https:\/\/blog.zeit.de\/zeit-der-leser\/","name":"ZEIT der Leser","description":"Ein Blog mit Ihren Notizen, Gedichten und Bildern f\u00fcr die gedruckte ZEIT","potentialAction":[{"@type":"SearchAction","target":{"@type":"EntryPoint","urlTemplate":"https:\/\/blog.zeit.de\/zeit-der-leser\/?s={search_term_string}"},"query-input":"required name=search_term_string"}],"inLanguage":"de"},{"@type":"Person","@id":"https:\/\/blog.zeit.de\/zeit-der-leser\/#\/schema\/person\/583b14e5ad6368c23af846ecbde9f20f","name":"\"Zeit der Leser\"-Redaktion","image":{"@type":"ImageObject","inLanguage":"de","@id":"https:\/\/blog.zeit.de\/zeit-der-leser\/#\/schema\/person\/image\/","url":"https:\/\/secure.gravatar.com\/avatar\/e801a681bd3bbf2345131a815930b48d9f8e0a94de1346b624840dc850f67ad0?s=96&d=mm&r=g","contentUrl":"https:\/\/secure.gravatar.com\/avatar\/e801a681bd3bbf2345131a815930b48d9f8e0a94de1346b624840dc850f67ad0?s=96&d=mm&r=g","caption":"\"Zeit der Leser\"-Redaktion"},"url":"https:\/\/blog.zeit.de\/zeit-der-leser\/author\/zeit-der-leser-redaktion\/"}]}},"jetpack_featured_media_url":"","jetpack_sharing_enabled":true,"_links":{"self":[{"href":"https:\/\/blog.zeit.de\/zeit-der-leser\/wp-json\/wp\/v2\/posts\/7550","targetHints":{"allow":["GET"]}}],"collection":[{"href":"https:\/\/blog.zeit.de\/zeit-der-leser\/wp-json\/wp\/v2\/posts"}],"about":[{"href":"https:\/\/blog.zeit.de\/zeit-der-leser\/wp-json\/wp\/v2\/types\/post"}],"author":[{"embeddable":true,"href":"https:\/\/blog.zeit.de\/zeit-der-leser\/wp-json\/wp\/v2\/users\/265"}],"replies":[{"embeddable":true,"href":"https:\/\/blog.zeit.de\/zeit-der-leser\/wp-json\/wp\/v2\/comments?post=7550"}],"version-history":[{"count":3,"href":"https:\/\/blog.zeit.de\/zeit-der-leser\/wp-json\/wp\/v2\/posts\/7550\/revisions"}],"predecessor-version":[{"id":7556,"href":"https:\/\/blog.zeit.de\/zeit-der-leser\/wp-json\/wp\/v2\/posts\/7550\/revisions\/7556"}],"wp:attachment":[{"href":"https:\/\/blog.zeit.de\/zeit-der-leser\/wp-json\/wp\/v2\/media?parent=7550"}],"wp:term":[{"taxonomy":"category","embeddable":true,"href":"https:\/\/blog.zeit.de\/zeit-der-leser\/wp-json\/wp\/v2\/categories?post=7550"},{"taxonomy":"post_tag","embeddable":true,"href":"https:\/\/blog.zeit.de\/zeit-der-leser\/wp-json\/wp\/v2\/tags?post=7550"}],"curies":[{"name":"wp","href":"https:\/\/api.w.org\/{rel}","templated":true}]}}