{"id":7588,"date":"2011-11-06T10:00:41","date_gmt":"2011-11-06T09:00:41","guid":{"rendered":"http:\/\/blog.zeit.de\/zeit-der-leser\/?p=7588"},"modified":"2011-11-03T13:05:34","modified_gmt":"2011-11-03T12:05:34","slug":"welterklarer","status":"publish","type":"post","link":"https:\/\/blog.zeit.de\/zeit-der-leser\/2011\/11\/06\/welterklarer\/","title":{"rendered":"Welterkl\u00e4rer"},"content":{"rendered":"<p><a href=\"https:\/\/blog.zeit.de\/zeit-der-leser\/files\/2011\/11\/s90-strassenbild.jpg\"><img loading=\"lazy\" decoding=\"async\" class=\"aligncenter size-full wp-image-7589\" src=\"https:\/\/blog.zeit.de\/zeit-der-leser\/files\/2011\/11\/s90-strassenbild.jpg\" alt=\"\" width=\"540\" height=\"530\" srcset=\"https:\/\/blog.zeit.de\/zeit-der-leser\/files\/2011\/11\/s90-strassenbild.jpg 540w, https:\/\/blog.zeit.de\/zeit-der-leser\/files\/2011\/11\/s90-strassenbild-300x294.jpg 300w\" sizes=\"auto, (max-width: 540px) 100vw, 540px\" \/><\/a><br \/>\nWer sein Fischgesch\u00e4ft eine \u00bbFisch-Oase\u00ab nennt, der sieht Lachsforellen unter Dattelpalmen oder hat nicht das innigste Verh\u00e4ltnis zur Sprache. Jedenfalls gibt es diese Fisch-Oase in Bensheim-Auerbach an der Bergstra\u00dfe. Eben buchstabiert ein Erstkl\u00e4ssler an\u00a0der Hand seiner Mutter auf der anderen Stra\u00dfenseite das merkw\u00fcrdige Wort: O-A-S-E. Dann: \u00bbMama, was ist eine O-a-s-e?\u00ab Die Mama etwas ungehalten: \u00bbDas siehst du doch! Eine Oase ist ein Gesch\u00e4ft, das Fische verkauft!\u00ab Das Kind nickt vage. Irgendwie hat es sich mehr erhofft.<\/p>\n<p><em>Gisela Wand, Bensheim-Auerbach<\/em><\/p>\n","protected":false},"excerpt":{"rendered":"<p>Wer sein Fischgesch\u00e4ft eine \u00bbFisch-Oase\u00ab nennt, der sieht Lachsforellen unter Dattelpalmen oder hat nicht das innigste Verh\u00e4ltnis zur Sprache. Jedenfalls gibt es diese Fisch-Oase in Bensheim-Auerbach an der Bergstra\u00dfe. Eben buchstabiert ein Erstkl\u00e4ssler an\u00a0der Hand seiner Mutter auf der anderen Stra\u00dfenseite das merkw\u00fcrdige Wort: O-A-S-E. Dann: \u00bbMama, was ist eine O-a-s-e?\u00ab Die Mama etwas ungehalten: [&hellip;]<\/p>\n","protected":false},"author":265,"featured_media":0,"comment_status":"open","ping_status":"open","sticky":false,"template":"","format":"standard","meta":{"_jetpack_memberships_contains_paid_content":false,"footnotes":""},"categories":[5688],"tags":[],"class_list":["post-7588","post","type-post","status-publish","format-standard","hentry","category-strasenbild"],"yoast_head":"<!-- This site is optimized with the Yoast SEO plugin v21.0 - https:\/\/yoast.com\/wordpress\/plugins\/seo\/ -->\n<title>Welterkl\u00e4rer - ZEIT der Leser<\/title>\n<meta name=\"robots\" content=\"index, follow, max-snippet:-1, max-image-preview:large, max-video-preview:-1\" \/>\n<link rel=\"canonical\" href=\"https:\/\/blog.zeit.de\/zeit-der-leser\/2011\/11\/06\/welterklarer\/\" \/>\n<meta property=\"og:locale\" content=\"de_DE\" \/>\n<meta property=\"og:type\" content=\"article\" \/>\n<meta property=\"og:title\" content=\"Welterkl\u00e4rer - ZEIT der Leser\" \/>\n<meta property=\"og:description\" content=\"Wer sein Fischgesch\u00e4ft eine \u00bbFisch-Oase\u00ab nennt, der sieht Lachsforellen unter Dattelpalmen oder hat nicht das innigste Verh\u00e4ltnis zur Sprache. Jedenfalls gibt es diese Fisch-Oase in Bensheim-Auerbach an der Bergstra\u00dfe. Eben buchstabiert ein Erstkl\u00e4ssler an\u00a0der Hand seiner Mutter auf der anderen Stra\u00dfenseite das merkw\u00fcrdige Wort: O-A-S-E. Dann: \u00bbMama, was ist eine O-a-s-e?\u00ab Die Mama etwas ungehalten: [&hellip;]\" \/>\n<meta property=\"og:url\" content=\"https:\/\/blog.zeit.de\/zeit-der-leser\/2011\/11\/06\/welterklarer\/\" \/>\n<meta property=\"og:site_name\" content=\"ZEIT der Leser\" \/>\n<meta property=\"article:published_time\" content=\"2011-11-06T09:00:41+00:00\" \/>\n<meta property=\"article:modified_time\" content=\"2011-11-03T12:05:34+00:00\" \/>\n<meta property=\"og:image\" content=\"https:\/\/blog.zeit.de\/zeit-der-leser\/files\/2011\/11\/s90-strassenbild.jpg\" \/>\n<meta name=\"author\" content=\"&quot;Zeit der Leser&quot;-Redaktion\" \/>\n<meta name=\"twitter:card\" content=\"summary_large_image\" \/>\n<meta name=\"twitter:label1\" content=\"Geschrieben von\" \/>\n\t<meta name=\"twitter:data1\" content=\"\"Zeit der Leser\"-Redaktion\" \/>\n<script type=\"application\/ld+json\" class=\"yoast-schema-graph\">{\"@context\":\"https:\/\/schema.org\",\"@graph\":[{\"@type\":\"WebPage\",\"@id\":\"https:\/\/blog.zeit.de\/zeit-der-leser\/2011\/11\/06\/welterklarer\/\",\"url\":\"https:\/\/blog.zeit.de\/zeit-der-leser\/2011\/11\/06\/welterklarer\/\",\"name\":\"Welterkl\u00e4rer - ZEIT der Leser\",\"isPartOf\":{\"@id\":\"https:\/\/blog.zeit.de\/zeit-der-leser\/#website\"},\"datePublished\":\"2011-11-06T09:00:41+00:00\",\"dateModified\":\"2011-11-03T12:05:34+00:00\",\"author\":{\"@id\":\"https:\/\/blog.zeit.de\/zeit-der-leser\/#\/schema\/person\/583b14e5ad6368c23af846ecbde9f20f\"},\"breadcrumb\":{\"@id\":\"https:\/\/blog.zeit.de\/zeit-der-leser\/2011\/11\/06\/welterklarer\/#breadcrumb\"},\"inLanguage\":\"de\",\"potentialAction\":[{\"@type\":\"ReadAction\",\"target\":[\"https:\/\/blog.zeit.de\/zeit-der-leser\/2011\/11\/06\/welterklarer\/\"]}]},{\"@type\":\"BreadcrumbList\",\"@id\":\"https:\/\/blog.zeit.de\/zeit-der-leser\/2011\/11\/06\/welterklarer\/#breadcrumb\",\"itemListElement\":[{\"@type\":\"ListItem\",\"position\":1,\"name\":\"Startseite\",\"item\":\"https:\/\/blog.zeit.de\/zeit-der-leser\/\"},{\"@type\":\"ListItem\",\"position\":2,\"name\":\"Welterkl\u00e4rer\"}]},{\"@type\":\"WebSite\",\"@id\":\"https:\/\/blog.zeit.de\/zeit-der-leser\/#website\",\"url\":\"https:\/\/blog.zeit.de\/zeit-der-leser\/\",\"name\":\"ZEIT der Leser\",\"description\":\"Ein Blog mit Ihren Notizen, Gedichten und Bildern f\u00fcr die gedruckte ZEIT\",\"potentialAction\":[{\"@type\":\"SearchAction\",\"target\":{\"@type\":\"EntryPoint\",\"urlTemplate\":\"https:\/\/blog.zeit.de\/zeit-der-leser\/?s={search_term_string}\"},\"query-input\":\"required name=search_term_string\"}],\"inLanguage\":\"de\"},{\"@type\":\"Person\",\"@id\":\"https:\/\/blog.zeit.de\/zeit-der-leser\/#\/schema\/person\/583b14e5ad6368c23af846ecbde9f20f\",\"name\":\"\\\"Zeit der Leser\\\"-Redaktion\",\"image\":{\"@type\":\"ImageObject\",\"inLanguage\":\"de\",\"@id\":\"https:\/\/blog.zeit.de\/zeit-der-leser\/#\/schema\/person\/image\/\",\"url\":\"https:\/\/secure.gravatar.com\/avatar\/e801a681bd3bbf2345131a815930b48d9f8e0a94de1346b624840dc850f67ad0?s=96&d=mm&r=g\",\"contentUrl\":\"https:\/\/secure.gravatar.com\/avatar\/e801a681bd3bbf2345131a815930b48d9f8e0a94de1346b624840dc850f67ad0?s=96&d=mm&r=g\",\"caption\":\"\\\"Zeit der Leser\\\"-Redaktion\"},\"url\":\"https:\/\/blog.zeit.de\/zeit-der-leser\/author\/zeit-der-leser-redaktion\/\"}]}<\/script>\n<!-- \/ Yoast SEO plugin. -->","yoast_head_json":{"title":"Welterkl\u00e4rer - ZEIT der Leser","robots":{"index":"index","follow":"follow","max-snippet":"max-snippet:-1","max-image-preview":"max-image-preview:large","max-video-preview":"max-video-preview:-1"},"canonical":"https:\/\/blog.zeit.de\/zeit-der-leser\/2011\/11\/06\/welterklarer\/","og_locale":"de_DE","og_type":"article","og_title":"Welterkl\u00e4rer - ZEIT der Leser","og_description":"Wer sein Fischgesch\u00e4ft eine \u00bbFisch-Oase\u00ab nennt, der sieht Lachsforellen unter Dattelpalmen oder hat nicht das innigste Verh\u00e4ltnis zur Sprache. Jedenfalls gibt es diese Fisch-Oase in Bensheim-Auerbach an der Bergstra\u00dfe. Eben buchstabiert ein Erstkl\u00e4ssler an\u00a0der Hand seiner Mutter auf der anderen Stra\u00dfenseite das merkw\u00fcrdige Wort: O-A-S-E. Dann: \u00bbMama, was ist eine O-a-s-e?\u00ab Die Mama etwas ungehalten: [&hellip;]","og_url":"https:\/\/blog.zeit.de\/zeit-der-leser\/2011\/11\/06\/welterklarer\/","og_site_name":"ZEIT der Leser","article_published_time":"2011-11-06T09:00:41+00:00","article_modified_time":"2011-11-03T12:05:34+00:00","og_image":[{"url":"https:\/\/blog.zeit.de\/zeit-der-leser\/files\/2011\/11\/s90-strassenbild.jpg"}],"author":"\"Zeit der Leser\"-Redaktion","twitter_card":"summary_large_image","twitter_misc":{"Geschrieben von":"\"Zeit der Leser\"-Redaktion"},"schema":{"@context":"https:\/\/schema.org","@graph":[{"@type":"WebPage","@id":"https:\/\/blog.zeit.de\/zeit-der-leser\/2011\/11\/06\/welterklarer\/","url":"https:\/\/blog.zeit.de\/zeit-der-leser\/2011\/11\/06\/welterklarer\/","name":"Welterkl\u00e4rer - ZEIT der Leser","isPartOf":{"@id":"https:\/\/blog.zeit.de\/zeit-der-leser\/#website"},"datePublished":"2011-11-06T09:00:41+00:00","dateModified":"2011-11-03T12:05:34+00:00","author":{"@id":"https:\/\/blog.zeit.de\/zeit-der-leser\/#\/schema\/person\/583b14e5ad6368c23af846ecbde9f20f"},"breadcrumb":{"@id":"https:\/\/blog.zeit.de\/zeit-der-leser\/2011\/11\/06\/welterklarer\/#breadcrumb"},"inLanguage":"de","potentialAction":[{"@type":"ReadAction","target":["https:\/\/blog.zeit.de\/zeit-der-leser\/2011\/11\/06\/welterklarer\/"]}]},{"@type":"BreadcrumbList","@id":"https:\/\/blog.zeit.de\/zeit-der-leser\/2011\/11\/06\/welterklarer\/#breadcrumb","itemListElement":[{"@type":"ListItem","position":1,"name":"Startseite","item":"https:\/\/blog.zeit.de\/zeit-der-leser\/"},{"@type":"ListItem","position":2,"name":"Welterkl\u00e4rer"}]},{"@type":"WebSite","@id":"https:\/\/blog.zeit.de\/zeit-der-leser\/#website","url":"https:\/\/blog.zeit.de\/zeit-der-leser\/","name":"ZEIT der Leser","description":"Ein Blog mit Ihren Notizen, Gedichten und Bildern f\u00fcr die gedruckte ZEIT","potentialAction":[{"@type":"SearchAction","target":{"@type":"EntryPoint","urlTemplate":"https:\/\/blog.zeit.de\/zeit-der-leser\/?s={search_term_string}"},"query-input":"required name=search_term_string"}],"inLanguage":"de"},{"@type":"Person","@id":"https:\/\/blog.zeit.de\/zeit-der-leser\/#\/schema\/person\/583b14e5ad6368c23af846ecbde9f20f","name":"\"Zeit der Leser\"-Redaktion","image":{"@type":"ImageObject","inLanguage":"de","@id":"https:\/\/blog.zeit.de\/zeit-der-leser\/#\/schema\/person\/image\/","url":"https:\/\/secure.gravatar.com\/avatar\/e801a681bd3bbf2345131a815930b48d9f8e0a94de1346b624840dc850f67ad0?s=96&d=mm&r=g","contentUrl":"https:\/\/secure.gravatar.com\/avatar\/e801a681bd3bbf2345131a815930b48d9f8e0a94de1346b624840dc850f67ad0?s=96&d=mm&r=g","caption":"\"Zeit der Leser\"-Redaktion"},"url":"https:\/\/blog.zeit.de\/zeit-der-leser\/author\/zeit-der-leser-redaktion\/"}]}},"jetpack_featured_media_url":"","jetpack_sharing_enabled":true,"_links":{"self":[{"href":"https:\/\/blog.zeit.de\/zeit-der-leser\/wp-json\/wp\/v2\/posts\/7588","targetHints":{"allow":["GET"]}}],"collection":[{"href":"https:\/\/blog.zeit.de\/zeit-der-leser\/wp-json\/wp\/v2\/posts"}],"about":[{"href":"https:\/\/blog.zeit.de\/zeit-der-leser\/wp-json\/wp\/v2\/types\/post"}],"author":[{"embeddable":true,"href":"https:\/\/blog.zeit.de\/zeit-der-leser\/wp-json\/wp\/v2\/users\/265"}],"replies":[{"embeddable":true,"href":"https:\/\/blog.zeit.de\/zeit-der-leser\/wp-json\/wp\/v2\/comments?post=7588"}],"version-history":[{"count":2,"href":"https:\/\/blog.zeit.de\/zeit-der-leser\/wp-json\/wp\/v2\/posts\/7588\/revisions"}],"predecessor-version":[{"id":7591,"href":"https:\/\/blog.zeit.de\/zeit-der-leser\/wp-json\/wp\/v2\/posts\/7588\/revisions\/7591"}],"wp:attachment":[{"href":"https:\/\/blog.zeit.de\/zeit-der-leser\/wp-json\/wp\/v2\/media?parent=7588"}],"wp:term":[{"taxonomy":"category","embeddable":true,"href":"https:\/\/blog.zeit.de\/zeit-der-leser\/wp-json\/wp\/v2\/categories?post=7588"},{"taxonomy":"post_tag","embeddable":true,"href":"https:\/\/blog.zeit.de\/zeit-der-leser\/wp-json\/wp\/v2\/tags?post=7588"}],"curies":[{"name":"wp","href":"https:\/\/api.w.org\/{rel}","templated":true}]}}