{"id":7608,"date":"2011-11-08T10:00:05","date_gmt":"2011-11-08T09:00:05","guid":{"rendered":"http:\/\/blog.zeit.de\/zeit-der-leser\/?p=7608"},"modified":"2015-02-27T15:26:13","modified_gmt":"2015-02-27T14:26:13","slug":"mein-wort-schatz-ueberzwerch","status":"publish","type":"post","link":"https:\/\/blog.zeit.de\/zeit-der-leser\/2011\/11\/08\/mein-wort-schatz-ueberzwerch\/","title":{"rendered":"\u00dcberzwerch: Mein Wort-Schatz"},"content":{"rendered":"<p><a href=\"http:\/\/www.duden.de\/rechtschreibung\/ueberzwerch_muerrisch_ausgelassen\" target=\"_blank\">Im Duden ist vermerkt, dass das Wort <strong>\u00fcberzwerch<\/strong> in S\u00fcddeutschland beheimatet sei<\/a> und unter anderem \u00bbquer\u00ab oder \u00bbverschroben\u00ab bedeute. Ich habe es in meiner Kindheit von beiden Eltern ab und zu geh\u00f6rt. Von der Mutter eher bei praktischen Problemen: \u00bbDas passt so nicht, wir m\u00fcssen es \u00fcberzwerch nehmen.\u00ab Der Vater verwendete das Wort gern zur Charakterisierung von Meinungen und Zeitgenossen, die, wie das Zwerchfell im K\u00f6rper, quer lagen. Ich m\u00f6chte nicht, dass der Ausdruck ganz aus dem Sprachgebrauch verschwindet, zumal er sich oft auch zur Kritik an Leserbriefen und manchen Zeitungsbeitr\u00e4gen so gut eignet.<\/p>\n<p><strong>Klara Klotter<\/strong>, Kehl<\/p>\n","protected":false},"excerpt":{"rendered":"<p>Im Duden ist vermerkt, dass das Wort \u00fcberzwerch in S\u00fcddeutschland beheimatet sei und unter anderem \u00bbquer\u00ab oder \u00bbverschroben\u00ab bedeute. Ich habe es in meiner Kindheit von beiden Eltern ab und zu geh\u00f6rt. Von der Mutter eher bei praktischen Problemen: \u00bbDas passt so nicht, wir m\u00fcssen es \u00fcberzwerch nehmen.\u00ab Der Vater verwendete das Wort gern zur [&hellip;]<\/p>\n","protected":false},"author":265,"featured_media":0,"comment_status":"open","ping_status":"open","sticky":false,"template":"","format":"standard","meta":{"_jetpack_memberships_contains_paid_content":false,"footnotes":""},"categories":[5687],"tags":[],"class_list":["post-7608","post","type-post","status-publish","format-standard","hentry","category-mein-wort-schatz"],"yoast_head":"<!-- This site is optimized with the Yoast SEO plugin v21.0 - https:\/\/yoast.com\/wordpress\/plugins\/seo\/ -->\n<title>\u00dcberzwerch: Mein Wort-Schatz - ZEIT der Leser<\/title>\n<meta name=\"robots\" content=\"index, follow, max-snippet:-1, max-image-preview:large, max-video-preview:-1\" \/>\n<link rel=\"canonical\" href=\"https:\/\/blog.zeit.de\/zeit-der-leser\/2011\/11\/08\/mein-wort-schatz-ueberzwerch\/\" \/>\n<meta property=\"og:locale\" content=\"de_DE\" \/>\n<meta property=\"og:type\" content=\"article\" \/>\n<meta property=\"og:title\" content=\"\u00dcberzwerch: Mein Wort-Schatz - ZEIT der Leser\" \/>\n<meta property=\"og:description\" content=\"Im Duden ist vermerkt, dass das Wort \u00fcberzwerch in S\u00fcddeutschland beheimatet sei und unter anderem \u00bbquer\u00ab oder \u00bbverschroben\u00ab bedeute. Ich habe es in meiner Kindheit von beiden Eltern ab und zu geh\u00f6rt. Von der Mutter eher bei praktischen Problemen: \u00bbDas passt so nicht, wir m\u00fcssen es \u00fcberzwerch nehmen.\u00ab Der Vater verwendete das Wort gern zur [&hellip;]\" \/>\n<meta property=\"og:url\" content=\"https:\/\/blog.zeit.de\/zeit-der-leser\/2011\/11\/08\/mein-wort-schatz-ueberzwerch\/\" \/>\n<meta property=\"og:site_name\" content=\"ZEIT der Leser\" \/>\n<meta property=\"article:published_time\" content=\"2011-11-08T09:00:05+00:00\" \/>\n<meta property=\"article:modified_time\" content=\"2015-02-27T14:26:13+00:00\" \/>\n<meta name=\"author\" content=\"&quot;Zeit der Leser&quot;-Redaktion\" \/>\n<meta name=\"twitter:card\" content=\"summary_large_image\" \/>\n<meta name=\"twitter:label1\" content=\"Geschrieben von\" \/>\n\t<meta name=\"twitter:data1\" content=\"\"Zeit der Leser\"-Redaktion\" \/>\n\t<meta name=\"twitter:label2\" content=\"Gesch\u00e4tzte Lesezeit\" \/>\n\t<meta name=\"twitter:data2\" content=\"1\u00a0Minute\" \/>\n<script type=\"application\/ld+json\" class=\"yoast-schema-graph\">{\"@context\":\"https:\/\/schema.org\",\"@graph\":[{\"@type\":\"WebPage\",\"@id\":\"https:\/\/blog.zeit.de\/zeit-der-leser\/2011\/11\/08\/mein-wort-schatz-ueberzwerch\/\",\"url\":\"https:\/\/blog.zeit.de\/zeit-der-leser\/2011\/11\/08\/mein-wort-schatz-ueberzwerch\/\",\"name\":\"\u00dcberzwerch: Mein Wort-Schatz - ZEIT der Leser\",\"isPartOf\":{\"@id\":\"https:\/\/blog.zeit.de\/zeit-der-leser\/#website\"},\"datePublished\":\"2011-11-08T09:00:05+00:00\",\"dateModified\":\"2015-02-27T14:26:13+00:00\",\"author\":{\"@id\":\"https:\/\/blog.zeit.de\/zeit-der-leser\/#\/schema\/person\/583b14e5ad6368c23af846ecbde9f20f\"},\"breadcrumb\":{\"@id\":\"https:\/\/blog.zeit.de\/zeit-der-leser\/2011\/11\/08\/mein-wort-schatz-ueberzwerch\/#breadcrumb\"},\"inLanguage\":\"de\",\"potentialAction\":[{\"@type\":\"ReadAction\",\"target\":[\"https:\/\/blog.zeit.de\/zeit-der-leser\/2011\/11\/08\/mein-wort-schatz-ueberzwerch\/\"]}]},{\"@type\":\"BreadcrumbList\",\"@id\":\"https:\/\/blog.zeit.de\/zeit-der-leser\/2011\/11\/08\/mein-wort-schatz-ueberzwerch\/#breadcrumb\",\"itemListElement\":[{\"@type\":\"ListItem\",\"position\":1,\"name\":\"Startseite\",\"item\":\"https:\/\/blog.zeit.de\/zeit-der-leser\/\"},{\"@type\":\"ListItem\",\"position\":2,\"name\":\"\u00dcberzwerch: Mein Wort-Schatz\"}]},{\"@type\":\"WebSite\",\"@id\":\"https:\/\/blog.zeit.de\/zeit-der-leser\/#website\",\"url\":\"https:\/\/blog.zeit.de\/zeit-der-leser\/\",\"name\":\"ZEIT der Leser\",\"description\":\"Ein Blog mit Ihren Notizen, Gedichten und Bildern f\u00fcr die gedruckte ZEIT\",\"potentialAction\":[{\"@type\":\"SearchAction\",\"target\":{\"@type\":\"EntryPoint\",\"urlTemplate\":\"https:\/\/blog.zeit.de\/zeit-der-leser\/?s={search_term_string}\"},\"query-input\":\"required name=search_term_string\"}],\"inLanguage\":\"de\"},{\"@type\":\"Person\",\"@id\":\"https:\/\/blog.zeit.de\/zeit-der-leser\/#\/schema\/person\/583b14e5ad6368c23af846ecbde9f20f\",\"name\":\"\\\"Zeit der Leser\\\"-Redaktion\",\"image\":{\"@type\":\"ImageObject\",\"inLanguage\":\"de\",\"@id\":\"https:\/\/blog.zeit.de\/zeit-der-leser\/#\/schema\/person\/image\/\",\"url\":\"https:\/\/secure.gravatar.com\/avatar\/e801a681bd3bbf2345131a815930b48d9f8e0a94de1346b624840dc850f67ad0?s=96&d=mm&r=g\",\"contentUrl\":\"https:\/\/secure.gravatar.com\/avatar\/e801a681bd3bbf2345131a815930b48d9f8e0a94de1346b624840dc850f67ad0?s=96&d=mm&r=g\",\"caption\":\"\\\"Zeit der Leser\\\"-Redaktion\"},\"url\":\"https:\/\/blog.zeit.de\/zeit-der-leser\/author\/zeit-der-leser-redaktion\/\"}]}<\/script>\n<!-- \/ Yoast SEO plugin. -->","yoast_head_json":{"title":"\u00dcberzwerch: Mein Wort-Schatz - ZEIT der Leser","robots":{"index":"index","follow":"follow","max-snippet":"max-snippet:-1","max-image-preview":"max-image-preview:large","max-video-preview":"max-video-preview:-1"},"canonical":"https:\/\/blog.zeit.de\/zeit-der-leser\/2011\/11\/08\/mein-wort-schatz-ueberzwerch\/","og_locale":"de_DE","og_type":"article","og_title":"\u00dcberzwerch: Mein Wort-Schatz - ZEIT der Leser","og_description":"Im Duden ist vermerkt, dass das Wort \u00fcberzwerch in S\u00fcddeutschland beheimatet sei und unter anderem \u00bbquer\u00ab oder \u00bbverschroben\u00ab bedeute. Ich habe es in meiner Kindheit von beiden Eltern ab und zu geh\u00f6rt. Von der Mutter eher bei praktischen Problemen: \u00bbDas passt so nicht, wir m\u00fcssen es \u00fcberzwerch nehmen.\u00ab Der Vater verwendete das Wort gern zur [&hellip;]","og_url":"https:\/\/blog.zeit.de\/zeit-der-leser\/2011\/11\/08\/mein-wort-schatz-ueberzwerch\/","og_site_name":"ZEIT der Leser","article_published_time":"2011-11-08T09:00:05+00:00","article_modified_time":"2015-02-27T14:26:13+00:00","author":"\"Zeit der Leser\"-Redaktion","twitter_card":"summary_large_image","twitter_misc":{"Geschrieben von":"\"Zeit der Leser\"-Redaktion","Gesch\u00e4tzte Lesezeit":"1\u00a0Minute"},"schema":{"@context":"https:\/\/schema.org","@graph":[{"@type":"WebPage","@id":"https:\/\/blog.zeit.de\/zeit-der-leser\/2011\/11\/08\/mein-wort-schatz-ueberzwerch\/","url":"https:\/\/blog.zeit.de\/zeit-der-leser\/2011\/11\/08\/mein-wort-schatz-ueberzwerch\/","name":"\u00dcberzwerch: Mein Wort-Schatz - ZEIT der Leser","isPartOf":{"@id":"https:\/\/blog.zeit.de\/zeit-der-leser\/#website"},"datePublished":"2011-11-08T09:00:05+00:00","dateModified":"2015-02-27T14:26:13+00:00","author":{"@id":"https:\/\/blog.zeit.de\/zeit-der-leser\/#\/schema\/person\/583b14e5ad6368c23af846ecbde9f20f"},"breadcrumb":{"@id":"https:\/\/blog.zeit.de\/zeit-der-leser\/2011\/11\/08\/mein-wort-schatz-ueberzwerch\/#breadcrumb"},"inLanguage":"de","potentialAction":[{"@type":"ReadAction","target":["https:\/\/blog.zeit.de\/zeit-der-leser\/2011\/11\/08\/mein-wort-schatz-ueberzwerch\/"]}]},{"@type":"BreadcrumbList","@id":"https:\/\/blog.zeit.de\/zeit-der-leser\/2011\/11\/08\/mein-wort-schatz-ueberzwerch\/#breadcrumb","itemListElement":[{"@type":"ListItem","position":1,"name":"Startseite","item":"https:\/\/blog.zeit.de\/zeit-der-leser\/"},{"@type":"ListItem","position":2,"name":"\u00dcberzwerch: Mein Wort-Schatz"}]},{"@type":"WebSite","@id":"https:\/\/blog.zeit.de\/zeit-der-leser\/#website","url":"https:\/\/blog.zeit.de\/zeit-der-leser\/","name":"ZEIT der Leser","description":"Ein Blog mit Ihren Notizen, Gedichten und Bildern f\u00fcr die gedruckte ZEIT","potentialAction":[{"@type":"SearchAction","target":{"@type":"EntryPoint","urlTemplate":"https:\/\/blog.zeit.de\/zeit-der-leser\/?s={search_term_string}"},"query-input":"required name=search_term_string"}],"inLanguage":"de"},{"@type":"Person","@id":"https:\/\/blog.zeit.de\/zeit-der-leser\/#\/schema\/person\/583b14e5ad6368c23af846ecbde9f20f","name":"\"Zeit der Leser\"-Redaktion","image":{"@type":"ImageObject","inLanguage":"de","@id":"https:\/\/blog.zeit.de\/zeit-der-leser\/#\/schema\/person\/image\/","url":"https:\/\/secure.gravatar.com\/avatar\/e801a681bd3bbf2345131a815930b48d9f8e0a94de1346b624840dc850f67ad0?s=96&d=mm&r=g","contentUrl":"https:\/\/secure.gravatar.com\/avatar\/e801a681bd3bbf2345131a815930b48d9f8e0a94de1346b624840dc850f67ad0?s=96&d=mm&r=g","caption":"\"Zeit der Leser\"-Redaktion"},"url":"https:\/\/blog.zeit.de\/zeit-der-leser\/author\/zeit-der-leser-redaktion\/"}]}},"jetpack_featured_media_url":"","jetpack_sharing_enabled":true,"_links":{"self":[{"href":"https:\/\/blog.zeit.de\/zeit-der-leser\/wp-json\/wp\/v2\/posts\/7608","targetHints":{"allow":["GET"]}}],"collection":[{"href":"https:\/\/blog.zeit.de\/zeit-der-leser\/wp-json\/wp\/v2\/posts"}],"about":[{"href":"https:\/\/blog.zeit.de\/zeit-der-leser\/wp-json\/wp\/v2\/types\/post"}],"author":[{"embeddable":true,"href":"https:\/\/blog.zeit.de\/zeit-der-leser\/wp-json\/wp\/v2\/users\/265"}],"replies":[{"embeddable":true,"href":"https:\/\/blog.zeit.de\/zeit-der-leser\/wp-json\/wp\/v2\/comments?post=7608"}],"version-history":[{"count":6,"href":"https:\/\/blog.zeit.de\/zeit-der-leser\/wp-json\/wp\/v2\/posts\/7608\/revisions"}],"predecessor-version":[{"id":19933,"href":"https:\/\/blog.zeit.de\/zeit-der-leser\/wp-json\/wp\/v2\/posts\/7608\/revisions\/19933"}],"wp:attachment":[{"href":"https:\/\/blog.zeit.de\/zeit-der-leser\/wp-json\/wp\/v2\/media?parent=7608"}],"wp:term":[{"taxonomy":"category","embeddable":true,"href":"https:\/\/blog.zeit.de\/zeit-der-leser\/wp-json\/wp\/v2\/categories?post=7608"},{"taxonomy":"post_tag","embeddable":true,"href":"https:\/\/blog.zeit.de\/zeit-der-leser\/wp-json\/wp\/v2\/tags?post=7608"}],"curies":[{"name":"wp","href":"https:\/\/api.w.org\/{rel}","templated":true}]}}