{"id":7619,"date":"2011-11-09T14:00:47","date_gmt":"2011-11-09T13:00:47","guid":{"rendered":"http:\/\/blog.zeit.de\/zeit-der-leser\/?p=7619"},"modified":"2015-02-24T17:44:07","modified_gmt":"2015-02-24T16:44:07","slug":"mein-wort-schatz-biesekater","status":"publish","type":"post","link":"https:\/\/blog.zeit.de\/zeit-der-leser\/2011\/11\/09\/mein-wort-schatz-biesekater\/","title":{"rendered":"Biesekater: Mein Wort-Schatz"},"content":{"rendered":"<p>7.00 Uhr in der Fr\u00fche. Ich schaue aus dem Fenster und sehe in der Ferne aufziehende Morgenr\u00f6te. Auf der gegen\u00fcberliegenden Wiese liegt eine dicke Nebelschicht: <strong>Biesekater<\/strong>. Vor meinem Haus zwei joggende \u00e4ltere Damen; und ich erinnere mich an eine l\u00e4ngst vergangene Zeit, in der Altwerden noch als normaler Lebensprozess angesehen wurde, begleitet von Ruhe und Gelassenheit. Es war sp\u00e4ter Nachmittag und auf dem gegen\u00fcberliegenden Feld zog Nebel auf. Oma und Gro\u00dftante sa\u00dfen auf einer Bank vor dem Haus und ich zwischen ihnen. Sie sprachen plattdeutsch und ich verstand kein Wort, f\u00fchlte aber: hier bin ich genau richtig; schnappte das Wort &#8222;Biesekater&#8220; auf und machte mir meine eigenen Gedanken. Tempi passati \u2013 oder doch nicht ganz. Erinnerung bleibt!<\/p>\n<p><strong>Beate Kipp<\/strong>, G\u00fctersloh<\/p>\n","protected":false},"excerpt":{"rendered":"<p>7.00 Uhr in der Fr\u00fche. Ich schaue aus dem Fenster und sehe in der Ferne aufziehende Morgenr\u00f6te. Auf der gegen\u00fcberliegenden Wiese liegt eine dicke Nebelschicht: Biesekater. Vor meinem Haus zwei joggende \u00e4ltere Damen; und ich erinnere mich an eine l\u00e4ngst vergangene Zeit, in der Altwerden noch als normaler Lebensprozess angesehen wurde, begleitet von Ruhe und [&hellip;]<\/p>\n","protected":false},"author":265,"featured_media":0,"comment_status":"open","ping_status":"open","sticky":false,"template":"","format":"standard","meta":{"_jetpack_memberships_contains_paid_content":false,"footnotes":""},"categories":[5687],"tags":[],"class_list":["post-7619","post","type-post","status-publish","format-standard","hentry","category-mein-wort-schatz"],"yoast_head":"<!-- This site is optimized with the Yoast SEO plugin v21.0 - https:\/\/yoast.com\/wordpress\/plugins\/seo\/ -->\n<title>Biesekater: Mein Wort-Schatz - ZEIT der Leser<\/title>\n<meta name=\"robots\" content=\"index, follow, max-snippet:-1, max-image-preview:large, max-video-preview:-1\" \/>\n<link rel=\"canonical\" href=\"https:\/\/blog.zeit.de\/zeit-der-leser\/2011\/11\/09\/mein-wort-schatz-biesekater\/\" \/>\n<meta property=\"og:locale\" content=\"de_DE\" \/>\n<meta property=\"og:type\" content=\"article\" \/>\n<meta property=\"og:title\" content=\"Biesekater: Mein Wort-Schatz - ZEIT der Leser\" \/>\n<meta property=\"og:description\" content=\"7.00 Uhr in der Fr\u00fche. Ich schaue aus dem Fenster und sehe in der Ferne aufziehende Morgenr\u00f6te. Auf der gegen\u00fcberliegenden Wiese liegt eine dicke Nebelschicht: Biesekater. Vor meinem Haus zwei joggende \u00e4ltere Damen; und ich erinnere mich an eine l\u00e4ngst vergangene Zeit, in der Altwerden noch als normaler Lebensprozess angesehen wurde, begleitet von Ruhe und [&hellip;]\" \/>\n<meta property=\"og:url\" content=\"https:\/\/blog.zeit.de\/zeit-der-leser\/2011\/11\/09\/mein-wort-schatz-biesekater\/\" \/>\n<meta property=\"og:site_name\" content=\"ZEIT der Leser\" \/>\n<meta property=\"article:published_time\" content=\"2011-11-09T13:00:47+00:00\" \/>\n<meta property=\"article:modified_time\" content=\"2015-02-24T16:44:07+00:00\" \/>\n<meta name=\"author\" content=\"&quot;Zeit der Leser&quot;-Redaktion\" \/>\n<meta name=\"twitter:card\" content=\"summary_large_image\" \/>\n<meta name=\"twitter:label1\" content=\"Geschrieben von\" \/>\n\t<meta name=\"twitter:data1\" content=\"\"Zeit der Leser\"-Redaktion\" \/>\n\t<meta name=\"twitter:label2\" content=\"Gesch\u00e4tzte Lesezeit\" \/>\n\t<meta name=\"twitter:data2\" content=\"1\u00a0Minute\" \/>\n<script type=\"application\/ld+json\" class=\"yoast-schema-graph\">{\"@context\":\"https:\/\/schema.org\",\"@graph\":[{\"@type\":\"WebPage\",\"@id\":\"https:\/\/blog.zeit.de\/zeit-der-leser\/2011\/11\/09\/mein-wort-schatz-biesekater\/\",\"url\":\"https:\/\/blog.zeit.de\/zeit-der-leser\/2011\/11\/09\/mein-wort-schatz-biesekater\/\",\"name\":\"Biesekater: Mein Wort-Schatz - ZEIT der Leser\",\"isPartOf\":{\"@id\":\"https:\/\/blog.zeit.de\/zeit-der-leser\/#website\"},\"datePublished\":\"2011-11-09T13:00:47+00:00\",\"dateModified\":\"2015-02-24T16:44:07+00:00\",\"author\":{\"@id\":\"https:\/\/blog.zeit.de\/zeit-der-leser\/#\/schema\/person\/583b14e5ad6368c23af846ecbde9f20f\"},\"breadcrumb\":{\"@id\":\"https:\/\/blog.zeit.de\/zeit-der-leser\/2011\/11\/09\/mein-wort-schatz-biesekater\/#breadcrumb\"},\"inLanguage\":\"de\",\"potentialAction\":[{\"@type\":\"ReadAction\",\"target\":[\"https:\/\/blog.zeit.de\/zeit-der-leser\/2011\/11\/09\/mein-wort-schatz-biesekater\/\"]}]},{\"@type\":\"BreadcrumbList\",\"@id\":\"https:\/\/blog.zeit.de\/zeit-der-leser\/2011\/11\/09\/mein-wort-schatz-biesekater\/#breadcrumb\",\"itemListElement\":[{\"@type\":\"ListItem\",\"position\":1,\"name\":\"Startseite\",\"item\":\"https:\/\/blog.zeit.de\/zeit-der-leser\/\"},{\"@type\":\"ListItem\",\"position\":2,\"name\":\"Biesekater: Mein Wort-Schatz\"}]},{\"@type\":\"WebSite\",\"@id\":\"https:\/\/blog.zeit.de\/zeit-der-leser\/#website\",\"url\":\"https:\/\/blog.zeit.de\/zeit-der-leser\/\",\"name\":\"ZEIT der Leser\",\"description\":\"Ein Blog mit Ihren Notizen, Gedichten und Bildern f\u00fcr die gedruckte ZEIT\",\"potentialAction\":[{\"@type\":\"SearchAction\",\"target\":{\"@type\":\"EntryPoint\",\"urlTemplate\":\"https:\/\/blog.zeit.de\/zeit-der-leser\/?s={search_term_string}\"},\"query-input\":\"required name=search_term_string\"}],\"inLanguage\":\"de\"},{\"@type\":\"Person\",\"@id\":\"https:\/\/blog.zeit.de\/zeit-der-leser\/#\/schema\/person\/583b14e5ad6368c23af846ecbde9f20f\",\"name\":\"\\\"Zeit der Leser\\\"-Redaktion\",\"image\":{\"@type\":\"ImageObject\",\"inLanguage\":\"de\",\"@id\":\"https:\/\/blog.zeit.de\/zeit-der-leser\/#\/schema\/person\/image\/\",\"url\":\"https:\/\/secure.gravatar.com\/avatar\/e801a681bd3bbf2345131a815930b48d9f8e0a94de1346b624840dc850f67ad0?s=96&d=mm&r=g\",\"contentUrl\":\"https:\/\/secure.gravatar.com\/avatar\/e801a681bd3bbf2345131a815930b48d9f8e0a94de1346b624840dc850f67ad0?s=96&d=mm&r=g\",\"caption\":\"\\\"Zeit der Leser\\\"-Redaktion\"},\"url\":\"https:\/\/blog.zeit.de\/zeit-der-leser\/author\/zeit-der-leser-redaktion\/\"}]}<\/script>\n<!-- \/ Yoast SEO plugin. -->","yoast_head_json":{"title":"Biesekater: Mein Wort-Schatz - ZEIT der Leser","robots":{"index":"index","follow":"follow","max-snippet":"max-snippet:-1","max-image-preview":"max-image-preview:large","max-video-preview":"max-video-preview:-1"},"canonical":"https:\/\/blog.zeit.de\/zeit-der-leser\/2011\/11\/09\/mein-wort-schatz-biesekater\/","og_locale":"de_DE","og_type":"article","og_title":"Biesekater: Mein Wort-Schatz - ZEIT der Leser","og_description":"7.00 Uhr in der Fr\u00fche. Ich schaue aus dem Fenster und sehe in der Ferne aufziehende Morgenr\u00f6te. Auf der gegen\u00fcberliegenden Wiese liegt eine dicke Nebelschicht: Biesekater. Vor meinem Haus zwei joggende \u00e4ltere Damen; und ich erinnere mich an eine l\u00e4ngst vergangene Zeit, in der Altwerden noch als normaler Lebensprozess angesehen wurde, begleitet von Ruhe und [&hellip;]","og_url":"https:\/\/blog.zeit.de\/zeit-der-leser\/2011\/11\/09\/mein-wort-schatz-biesekater\/","og_site_name":"ZEIT der Leser","article_published_time":"2011-11-09T13:00:47+00:00","article_modified_time":"2015-02-24T16:44:07+00:00","author":"\"Zeit der Leser\"-Redaktion","twitter_card":"summary_large_image","twitter_misc":{"Geschrieben von":"\"Zeit der Leser\"-Redaktion","Gesch\u00e4tzte Lesezeit":"1\u00a0Minute"},"schema":{"@context":"https:\/\/schema.org","@graph":[{"@type":"WebPage","@id":"https:\/\/blog.zeit.de\/zeit-der-leser\/2011\/11\/09\/mein-wort-schatz-biesekater\/","url":"https:\/\/blog.zeit.de\/zeit-der-leser\/2011\/11\/09\/mein-wort-schatz-biesekater\/","name":"Biesekater: Mein Wort-Schatz - ZEIT der Leser","isPartOf":{"@id":"https:\/\/blog.zeit.de\/zeit-der-leser\/#website"},"datePublished":"2011-11-09T13:00:47+00:00","dateModified":"2015-02-24T16:44:07+00:00","author":{"@id":"https:\/\/blog.zeit.de\/zeit-der-leser\/#\/schema\/person\/583b14e5ad6368c23af846ecbde9f20f"},"breadcrumb":{"@id":"https:\/\/blog.zeit.de\/zeit-der-leser\/2011\/11\/09\/mein-wort-schatz-biesekater\/#breadcrumb"},"inLanguage":"de","potentialAction":[{"@type":"ReadAction","target":["https:\/\/blog.zeit.de\/zeit-der-leser\/2011\/11\/09\/mein-wort-schatz-biesekater\/"]}]},{"@type":"BreadcrumbList","@id":"https:\/\/blog.zeit.de\/zeit-der-leser\/2011\/11\/09\/mein-wort-schatz-biesekater\/#breadcrumb","itemListElement":[{"@type":"ListItem","position":1,"name":"Startseite","item":"https:\/\/blog.zeit.de\/zeit-der-leser\/"},{"@type":"ListItem","position":2,"name":"Biesekater: Mein Wort-Schatz"}]},{"@type":"WebSite","@id":"https:\/\/blog.zeit.de\/zeit-der-leser\/#website","url":"https:\/\/blog.zeit.de\/zeit-der-leser\/","name":"ZEIT der Leser","description":"Ein Blog mit Ihren Notizen, Gedichten und Bildern f\u00fcr die gedruckte ZEIT","potentialAction":[{"@type":"SearchAction","target":{"@type":"EntryPoint","urlTemplate":"https:\/\/blog.zeit.de\/zeit-der-leser\/?s={search_term_string}"},"query-input":"required name=search_term_string"}],"inLanguage":"de"},{"@type":"Person","@id":"https:\/\/blog.zeit.de\/zeit-der-leser\/#\/schema\/person\/583b14e5ad6368c23af846ecbde9f20f","name":"\"Zeit der Leser\"-Redaktion","image":{"@type":"ImageObject","inLanguage":"de","@id":"https:\/\/blog.zeit.de\/zeit-der-leser\/#\/schema\/person\/image\/","url":"https:\/\/secure.gravatar.com\/avatar\/e801a681bd3bbf2345131a815930b48d9f8e0a94de1346b624840dc850f67ad0?s=96&d=mm&r=g","contentUrl":"https:\/\/secure.gravatar.com\/avatar\/e801a681bd3bbf2345131a815930b48d9f8e0a94de1346b624840dc850f67ad0?s=96&d=mm&r=g","caption":"\"Zeit der Leser\"-Redaktion"},"url":"https:\/\/blog.zeit.de\/zeit-der-leser\/author\/zeit-der-leser-redaktion\/"}]}},"jetpack_featured_media_url":"","jetpack_sharing_enabled":true,"_links":{"self":[{"href":"https:\/\/blog.zeit.de\/zeit-der-leser\/wp-json\/wp\/v2\/posts\/7619","targetHints":{"allow":["GET"]}}],"collection":[{"href":"https:\/\/blog.zeit.de\/zeit-der-leser\/wp-json\/wp\/v2\/posts"}],"about":[{"href":"https:\/\/blog.zeit.de\/zeit-der-leser\/wp-json\/wp\/v2\/types\/post"}],"author":[{"embeddable":true,"href":"https:\/\/blog.zeit.de\/zeit-der-leser\/wp-json\/wp\/v2\/users\/265"}],"replies":[{"embeddable":true,"href":"https:\/\/blog.zeit.de\/zeit-der-leser\/wp-json\/wp\/v2\/comments?post=7619"}],"version-history":[{"count":5,"href":"https:\/\/blog.zeit.de\/zeit-der-leser\/wp-json\/wp\/v2\/posts\/7619\/revisions"}],"predecessor-version":[{"id":19825,"href":"https:\/\/blog.zeit.de\/zeit-der-leser\/wp-json\/wp\/v2\/posts\/7619\/revisions\/19825"}],"wp:attachment":[{"href":"https:\/\/blog.zeit.de\/zeit-der-leser\/wp-json\/wp\/v2\/media?parent=7619"}],"wp:term":[{"taxonomy":"category","embeddable":true,"href":"https:\/\/blog.zeit.de\/zeit-der-leser\/wp-json\/wp\/v2\/categories?post=7619"},{"taxonomy":"post_tag","embeddable":true,"href":"https:\/\/blog.zeit.de\/zeit-der-leser\/wp-json\/wp\/v2\/tags?post=7619"}],"curies":[{"name":"wp","href":"https:\/\/api.w.org\/{rel}","templated":true}]}}