{"id":7628,"date":"2011-11-10T10:00:05","date_gmt":"2011-11-10T09:00:05","guid":{"rendered":"http:\/\/blog.zeit.de\/zeit-der-leser\/?p=7628"},"modified":"2015-02-24T17:43:36","modified_gmt":"2015-02-24T16:43:36","slug":"mein-wort-schatz-maeandern","status":"publish","type":"post","link":"https:\/\/blog.zeit.de\/zeit-der-leser\/2011\/11\/10\/mein-wort-schatz-maeandern\/","title":{"rendered":"M\u00e4andern: Mein Wort-Schatz"},"content":{"rendered":"<p><strong>M\u00e4andern<\/strong> \u2013 schon der Klang mit der seltenen Vokalkombination ist sch\u00f6n. Und inhaltlich: Mir kommen die Fl\u00fcsschen der nahen Schw\u00e4bischen Alb in den Sinn, die sich tr\u00e4ge schl\u00e4ngeln, Zeit haben, bequem sind, den l\u00e4ngeren, aber angenehmeren Weg w\u00e4hlen. Diese Ineffizienz zugunsten der Sch\u00f6nheit des Laufs gef\u00e4llt mir. M\u00e4andern steht im Gegensatz zur Geradlinigkeit, die oft in unserer Gesellschaft gefordert ist. Aber haben nicht auch m\u00e4andernde Lebensl\u00e4ufe ihre Vorteile? Man sieht vielleicht mehr vom Leben! Und die \u00bbbegradigte\u00ab Schulausbildung G 8 wird glu\u0308cklicherweise stellenweise schon renaturiert, so wie viele S\u00fcnden an Wasserl\u00e4ufen korrigiert werden. Schneller und stromlinienf\u00f6rmig scheint doch nicht immer das Nonplusultra zu sein \u2013 weder in der Natur noch in der Menschenbildung.<\/p>\n<p><strong>Markus Walz<\/strong>, Reutlingen-Rommelsbach<\/p>\n","protected":false},"excerpt":{"rendered":"<p>M\u00e4andern \u2013 schon der Klang mit der seltenen Vokalkombination ist sch\u00f6n. Und inhaltlich: Mir kommen die Fl\u00fcsschen der nahen Schw\u00e4bischen Alb in den Sinn, die sich tr\u00e4ge schl\u00e4ngeln, Zeit haben, bequem sind, den l\u00e4ngeren, aber angenehmeren Weg w\u00e4hlen. Diese Ineffizienz zugunsten der Sch\u00f6nheit des Laufs gef\u00e4llt mir. M\u00e4andern steht im Gegensatz zur Geradlinigkeit, die oft [&hellip;]<\/p>\n","protected":false},"author":265,"featured_media":0,"comment_status":"open","ping_status":"open","sticky":false,"template":"","format":"standard","meta":{"_jetpack_memberships_contains_paid_content":false,"footnotes":""},"categories":[5687],"tags":[],"class_list":["post-7628","post","type-post","status-publish","format-standard","hentry","category-mein-wort-schatz"],"yoast_head":"<!-- This site is optimized with the Yoast SEO plugin v21.0 - https:\/\/yoast.com\/wordpress\/plugins\/seo\/ -->\n<title>M\u00e4andern: Mein Wort-Schatz - ZEIT der Leser<\/title>\n<meta name=\"robots\" content=\"index, follow, max-snippet:-1, max-image-preview:large, max-video-preview:-1\" \/>\n<link rel=\"canonical\" href=\"https:\/\/blog.zeit.de\/zeit-der-leser\/2011\/11\/10\/mein-wort-schatz-maeandern\/\" \/>\n<meta property=\"og:locale\" content=\"de_DE\" \/>\n<meta property=\"og:type\" content=\"article\" \/>\n<meta property=\"og:title\" content=\"M\u00e4andern: Mein Wort-Schatz - ZEIT der Leser\" \/>\n<meta property=\"og:description\" content=\"M\u00e4andern \u2013 schon der Klang mit der seltenen Vokalkombination ist sch\u00f6n. Und inhaltlich: Mir kommen die Fl\u00fcsschen der nahen Schw\u00e4bischen Alb in den Sinn, die sich tr\u00e4ge schl\u00e4ngeln, Zeit haben, bequem sind, den l\u00e4ngeren, aber angenehmeren Weg w\u00e4hlen. Diese Ineffizienz zugunsten der Sch\u00f6nheit des Laufs gef\u00e4llt mir. M\u00e4andern steht im Gegensatz zur Geradlinigkeit, die oft [&hellip;]\" \/>\n<meta property=\"og:url\" content=\"https:\/\/blog.zeit.de\/zeit-der-leser\/2011\/11\/10\/mein-wort-schatz-maeandern\/\" \/>\n<meta property=\"og:site_name\" content=\"ZEIT der Leser\" \/>\n<meta property=\"article:published_time\" content=\"2011-11-10T09:00:05+00:00\" \/>\n<meta property=\"article:modified_time\" content=\"2015-02-24T16:43:36+00:00\" \/>\n<meta name=\"author\" content=\"&quot;Zeit der Leser&quot;-Redaktion\" \/>\n<meta name=\"twitter:card\" content=\"summary_large_image\" \/>\n<meta name=\"twitter:label1\" content=\"Geschrieben von\" \/>\n\t<meta name=\"twitter:data1\" content=\"\"Zeit der Leser\"-Redaktion\" \/>\n\t<meta name=\"twitter:label2\" content=\"Gesch\u00e4tzte Lesezeit\" \/>\n\t<meta name=\"twitter:data2\" content=\"1\u00a0Minute\" \/>\n<script type=\"application\/ld+json\" class=\"yoast-schema-graph\">{\"@context\":\"https:\/\/schema.org\",\"@graph\":[{\"@type\":\"WebPage\",\"@id\":\"https:\/\/blog.zeit.de\/zeit-der-leser\/2011\/11\/10\/mein-wort-schatz-maeandern\/\",\"url\":\"https:\/\/blog.zeit.de\/zeit-der-leser\/2011\/11\/10\/mein-wort-schatz-maeandern\/\",\"name\":\"M\u00e4andern: Mein Wort-Schatz - ZEIT der Leser\",\"isPartOf\":{\"@id\":\"https:\/\/blog.zeit.de\/zeit-der-leser\/#website\"},\"datePublished\":\"2011-11-10T09:00:05+00:00\",\"dateModified\":\"2015-02-24T16:43:36+00:00\",\"author\":{\"@id\":\"https:\/\/blog.zeit.de\/zeit-der-leser\/#\/schema\/person\/583b14e5ad6368c23af846ecbde9f20f\"},\"breadcrumb\":{\"@id\":\"https:\/\/blog.zeit.de\/zeit-der-leser\/2011\/11\/10\/mein-wort-schatz-maeandern\/#breadcrumb\"},\"inLanguage\":\"de\",\"potentialAction\":[{\"@type\":\"ReadAction\",\"target\":[\"https:\/\/blog.zeit.de\/zeit-der-leser\/2011\/11\/10\/mein-wort-schatz-maeandern\/\"]}]},{\"@type\":\"BreadcrumbList\",\"@id\":\"https:\/\/blog.zeit.de\/zeit-der-leser\/2011\/11\/10\/mein-wort-schatz-maeandern\/#breadcrumb\",\"itemListElement\":[{\"@type\":\"ListItem\",\"position\":1,\"name\":\"Startseite\",\"item\":\"https:\/\/blog.zeit.de\/zeit-der-leser\/\"},{\"@type\":\"ListItem\",\"position\":2,\"name\":\"M\u00e4andern: Mein Wort-Schatz\"}]},{\"@type\":\"WebSite\",\"@id\":\"https:\/\/blog.zeit.de\/zeit-der-leser\/#website\",\"url\":\"https:\/\/blog.zeit.de\/zeit-der-leser\/\",\"name\":\"ZEIT der Leser\",\"description\":\"Ein Blog mit Ihren Notizen, Gedichten und Bildern f\u00fcr die gedruckte ZEIT\",\"potentialAction\":[{\"@type\":\"SearchAction\",\"target\":{\"@type\":\"EntryPoint\",\"urlTemplate\":\"https:\/\/blog.zeit.de\/zeit-der-leser\/?s={search_term_string}\"},\"query-input\":\"required name=search_term_string\"}],\"inLanguage\":\"de\"},{\"@type\":\"Person\",\"@id\":\"https:\/\/blog.zeit.de\/zeit-der-leser\/#\/schema\/person\/583b14e5ad6368c23af846ecbde9f20f\",\"name\":\"\\\"Zeit der Leser\\\"-Redaktion\",\"image\":{\"@type\":\"ImageObject\",\"inLanguage\":\"de\",\"@id\":\"https:\/\/blog.zeit.de\/zeit-der-leser\/#\/schema\/person\/image\/\",\"url\":\"https:\/\/secure.gravatar.com\/avatar\/e801a681bd3bbf2345131a815930b48d9f8e0a94de1346b624840dc850f67ad0?s=96&d=mm&r=g\",\"contentUrl\":\"https:\/\/secure.gravatar.com\/avatar\/e801a681bd3bbf2345131a815930b48d9f8e0a94de1346b624840dc850f67ad0?s=96&d=mm&r=g\",\"caption\":\"\\\"Zeit der Leser\\\"-Redaktion\"},\"url\":\"https:\/\/blog.zeit.de\/zeit-der-leser\/author\/zeit-der-leser-redaktion\/\"}]}<\/script>\n<!-- \/ Yoast SEO plugin. -->","yoast_head_json":{"title":"M\u00e4andern: Mein Wort-Schatz - ZEIT der Leser","robots":{"index":"index","follow":"follow","max-snippet":"max-snippet:-1","max-image-preview":"max-image-preview:large","max-video-preview":"max-video-preview:-1"},"canonical":"https:\/\/blog.zeit.de\/zeit-der-leser\/2011\/11\/10\/mein-wort-schatz-maeandern\/","og_locale":"de_DE","og_type":"article","og_title":"M\u00e4andern: Mein Wort-Schatz - ZEIT der Leser","og_description":"M\u00e4andern \u2013 schon der Klang mit der seltenen Vokalkombination ist sch\u00f6n. Und inhaltlich: Mir kommen die Fl\u00fcsschen der nahen Schw\u00e4bischen Alb in den Sinn, die sich tr\u00e4ge schl\u00e4ngeln, Zeit haben, bequem sind, den l\u00e4ngeren, aber angenehmeren Weg w\u00e4hlen. Diese Ineffizienz zugunsten der Sch\u00f6nheit des Laufs gef\u00e4llt mir. M\u00e4andern steht im Gegensatz zur Geradlinigkeit, die oft [&hellip;]","og_url":"https:\/\/blog.zeit.de\/zeit-der-leser\/2011\/11\/10\/mein-wort-schatz-maeandern\/","og_site_name":"ZEIT der Leser","article_published_time":"2011-11-10T09:00:05+00:00","article_modified_time":"2015-02-24T16:43:36+00:00","author":"\"Zeit der Leser\"-Redaktion","twitter_card":"summary_large_image","twitter_misc":{"Geschrieben von":"\"Zeit der Leser\"-Redaktion","Gesch\u00e4tzte Lesezeit":"1\u00a0Minute"},"schema":{"@context":"https:\/\/schema.org","@graph":[{"@type":"WebPage","@id":"https:\/\/blog.zeit.de\/zeit-der-leser\/2011\/11\/10\/mein-wort-schatz-maeandern\/","url":"https:\/\/blog.zeit.de\/zeit-der-leser\/2011\/11\/10\/mein-wort-schatz-maeandern\/","name":"M\u00e4andern: Mein Wort-Schatz - ZEIT der Leser","isPartOf":{"@id":"https:\/\/blog.zeit.de\/zeit-der-leser\/#website"},"datePublished":"2011-11-10T09:00:05+00:00","dateModified":"2015-02-24T16:43:36+00:00","author":{"@id":"https:\/\/blog.zeit.de\/zeit-der-leser\/#\/schema\/person\/583b14e5ad6368c23af846ecbde9f20f"},"breadcrumb":{"@id":"https:\/\/blog.zeit.de\/zeit-der-leser\/2011\/11\/10\/mein-wort-schatz-maeandern\/#breadcrumb"},"inLanguage":"de","potentialAction":[{"@type":"ReadAction","target":["https:\/\/blog.zeit.de\/zeit-der-leser\/2011\/11\/10\/mein-wort-schatz-maeandern\/"]}]},{"@type":"BreadcrumbList","@id":"https:\/\/blog.zeit.de\/zeit-der-leser\/2011\/11\/10\/mein-wort-schatz-maeandern\/#breadcrumb","itemListElement":[{"@type":"ListItem","position":1,"name":"Startseite","item":"https:\/\/blog.zeit.de\/zeit-der-leser\/"},{"@type":"ListItem","position":2,"name":"M\u00e4andern: Mein Wort-Schatz"}]},{"@type":"WebSite","@id":"https:\/\/blog.zeit.de\/zeit-der-leser\/#website","url":"https:\/\/blog.zeit.de\/zeit-der-leser\/","name":"ZEIT der Leser","description":"Ein Blog mit Ihren Notizen, Gedichten und Bildern f\u00fcr die gedruckte ZEIT","potentialAction":[{"@type":"SearchAction","target":{"@type":"EntryPoint","urlTemplate":"https:\/\/blog.zeit.de\/zeit-der-leser\/?s={search_term_string}"},"query-input":"required name=search_term_string"}],"inLanguage":"de"},{"@type":"Person","@id":"https:\/\/blog.zeit.de\/zeit-der-leser\/#\/schema\/person\/583b14e5ad6368c23af846ecbde9f20f","name":"\"Zeit der Leser\"-Redaktion","image":{"@type":"ImageObject","inLanguage":"de","@id":"https:\/\/blog.zeit.de\/zeit-der-leser\/#\/schema\/person\/image\/","url":"https:\/\/secure.gravatar.com\/avatar\/e801a681bd3bbf2345131a815930b48d9f8e0a94de1346b624840dc850f67ad0?s=96&d=mm&r=g","contentUrl":"https:\/\/secure.gravatar.com\/avatar\/e801a681bd3bbf2345131a815930b48d9f8e0a94de1346b624840dc850f67ad0?s=96&d=mm&r=g","caption":"\"Zeit der Leser\"-Redaktion"},"url":"https:\/\/blog.zeit.de\/zeit-der-leser\/author\/zeit-der-leser-redaktion\/"}]}},"jetpack_featured_media_url":"","jetpack_sharing_enabled":true,"_links":{"self":[{"href":"https:\/\/blog.zeit.de\/zeit-der-leser\/wp-json\/wp\/v2\/posts\/7628","targetHints":{"allow":["GET"]}}],"collection":[{"href":"https:\/\/blog.zeit.de\/zeit-der-leser\/wp-json\/wp\/v2\/posts"}],"about":[{"href":"https:\/\/blog.zeit.de\/zeit-der-leser\/wp-json\/wp\/v2\/types\/post"}],"author":[{"embeddable":true,"href":"https:\/\/blog.zeit.de\/zeit-der-leser\/wp-json\/wp\/v2\/users\/265"}],"replies":[{"embeddable":true,"href":"https:\/\/blog.zeit.de\/zeit-der-leser\/wp-json\/wp\/v2\/comments?post=7628"}],"version-history":[{"count":5,"href":"https:\/\/blog.zeit.de\/zeit-der-leser\/wp-json\/wp\/v2\/posts\/7628\/revisions"}],"predecessor-version":[{"id":19823,"href":"https:\/\/blog.zeit.de\/zeit-der-leser\/wp-json\/wp\/v2\/posts\/7628\/revisions\/19823"}],"wp:attachment":[{"href":"https:\/\/blog.zeit.de\/zeit-der-leser\/wp-json\/wp\/v2\/media?parent=7628"}],"wp:term":[{"taxonomy":"category","embeddable":true,"href":"https:\/\/blog.zeit.de\/zeit-der-leser\/wp-json\/wp\/v2\/categories?post=7628"},{"taxonomy":"post_tag","embeddable":true,"href":"https:\/\/blog.zeit.de\/zeit-der-leser\/wp-json\/wp\/v2\/tags?post=7628"}],"curies":[{"name":"wp","href":"https:\/\/api.w.org\/{rel}","templated":true}]}}