{"id":7656,"date":"2011-11-12T10:00:21","date_gmt":"2011-11-12T09:00:21","guid":{"rendered":"http:\/\/blog.zeit.de\/zeit-der-leser\/?p=7656"},"modified":"2015-02-24T17:43:11","modified_gmt":"2015-02-24T16:43:11","slug":"mein-wort-schatz-frugen","status":"publish","type":"post","link":"https:\/\/blog.zeit.de\/zeit-der-leser\/2011\/11\/12\/mein-wort-schatz-frugen\/","title":{"rendered":"Frugen: Mein Wort-Schatz"},"content":{"rendered":"<p>Unsere Kinder sollen m\u00f6glichst wenig Zeit vor Fernseher oder Computer verbringen. Nach jahrelangen Diskussionen aber bekommt der \u00c4lteste doch einen Nintendo DS zu seinem neunten Geburtstag. Verdummung, Verbl\u00f6dung, mir war ganz mulmig zumute. Bis ich mich telefonisch beim Spielwarengesch\u00e4ft im Nachbarort nach einem passenden Spiel fu\u0308r dieses neue Ger\u00e4t erkundigte. Ich wurde in die Fachabteilung durchgestellt, und der Verk\u00e4ufer begr\u00fc\u00dfte mich mit den Worten: \u00bbSie <strong>frugen<\/strong> nach dem Spiel&#8230;\u00ab Mir wurde warm ums Herz. Jemand, der im PC-Spiele-Gesch\u00e4ft t\u00e4tig ist, benutzt noch diese Konjugation! Es besteht noch Hoffnung! Vielleicht mutieren meine Kinder doch nicht zu Spiele-Zombies, sondern bewahren sich den Sinn fu\u0308r Worte, Ausdruck und Sprache.<\/p>\n<p><strong>Barbara Demmer<\/strong>, R\u00f6srath<\/p>\n","protected":false},"excerpt":{"rendered":"<p>Unsere Kinder sollen m\u00f6glichst wenig Zeit vor Fernseher oder Computer verbringen. Nach jahrelangen Diskussionen aber bekommt der \u00c4lteste doch einen Nintendo DS zu seinem neunten Geburtstag. Verdummung, Verbl\u00f6dung, mir war ganz mulmig zumute. Bis ich mich telefonisch beim Spielwarengesch\u00e4ft im Nachbarort nach einem passenden Spiel fu\u0308r dieses neue Ger\u00e4t erkundigte. Ich wurde in die Fachabteilung [&hellip;]<\/p>\n","protected":false},"author":265,"featured_media":0,"comment_status":"open","ping_status":"open","sticky":false,"template":"","format":"standard","meta":{"_jetpack_memberships_contains_paid_content":false,"footnotes":""},"categories":[5687],"tags":[],"class_list":["post-7656","post","type-post","status-publish","format-standard","hentry","category-mein-wort-schatz"],"yoast_head":"<!-- This site is optimized with the Yoast SEO plugin v21.0 - https:\/\/yoast.com\/wordpress\/plugins\/seo\/ -->\n<title>Frugen: Mein Wort-Schatz - ZEIT der Leser<\/title>\n<meta name=\"robots\" content=\"index, follow, max-snippet:-1, max-image-preview:large, max-video-preview:-1\" \/>\n<link rel=\"canonical\" href=\"https:\/\/blog.zeit.de\/zeit-der-leser\/2011\/11\/12\/mein-wort-schatz-frugen\/\" \/>\n<meta property=\"og:locale\" content=\"de_DE\" \/>\n<meta property=\"og:type\" content=\"article\" \/>\n<meta property=\"og:title\" content=\"Frugen: Mein Wort-Schatz - ZEIT der Leser\" \/>\n<meta property=\"og:description\" content=\"Unsere Kinder sollen m\u00f6glichst wenig Zeit vor Fernseher oder Computer verbringen. Nach jahrelangen Diskussionen aber bekommt der \u00c4lteste doch einen Nintendo DS zu seinem neunten Geburtstag. Verdummung, Verbl\u00f6dung, mir war ganz mulmig zumute. Bis ich mich telefonisch beim Spielwarengesch\u00e4ft im Nachbarort nach einem passenden Spiel fu\u0308r dieses neue Ger\u00e4t erkundigte. Ich wurde in die Fachabteilung [&hellip;]\" \/>\n<meta property=\"og:url\" content=\"https:\/\/blog.zeit.de\/zeit-der-leser\/2011\/11\/12\/mein-wort-schatz-frugen\/\" \/>\n<meta property=\"og:site_name\" content=\"ZEIT der Leser\" \/>\n<meta property=\"article:published_time\" content=\"2011-11-12T09:00:21+00:00\" \/>\n<meta property=\"article:modified_time\" content=\"2015-02-24T16:43:11+00:00\" \/>\n<meta name=\"author\" content=\"&quot;Zeit der Leser&quot;-Redaktion\" \/>\n<meta name=\"twitter:card\" content=\"summary_large_image\" \/>\n<meta name=\"twitter:label1\" content=\"Geschrieben von\" \/>\n\t<meta name=\"twitter:data1\" content=\"\"Zeit der Leser\"-Redaktion\" \/>\n\t<meta name=\"twitter:label2\" content=\"Gesch\u00e4tzte Lesezeit\" \/>\n\t<meta name=\"twitter:data2\" content=\"1\u00a0Minute\" \/>\n<script type=\"application\/ld+json\" class=\"yoast-schema-graph\">{\"@context\":\"https:\/\/schema.org\",\"@graph\":[{\"@type\":\"WebPage\",\"@id\":\"https:\/\/blog.zeit.de\/zeit-der-leser\/2011\/11\/12\/mein-wort-schatz-frugen\/\",\"url\":\"https:\/\/blog.zeit.de\/zeit-der-leser\/2011\/11\/12\/mein-wort-schatz-frugen\/\",\"name\":\"Frugen: Mein Wort-Schatz - ZEIT der Leser\",\"isPartOf\":{\"@id\":\"https:\/\/blog.zeit.de\/zeit-der-leser\/#website\"},\"datePublished\":\"2011-11-12T09:00:21+00:00\",\"dateModified\":\"2015-02-24T16:43:11+00:00\",\"author\":{\"@id\":\"https:\/\/blog.zeit.de\/zeit-der-leser\/#\/schema\/person\/583b14e5ad6368c23af846ecbde9f20f\"},\"breadcrumb\":{\"@id\":\"https:\/\/blog.zeit.de\/zeit-der-leser\/2011\/11\/12\/mein-wort-schatz-frugen\/#breadcrumb\"},\"inLanguage\":\"de\",\"potentialAction\":[{\"@type\":\"ReadAction\",\"target\":[\"https:\/\/blog.zeit.de\/zeit-der-leser\/2011\/11\/12\/mein-wort-schatz-frugen\/\"]}]},{\"@type\":\"BreadcrumbList\",\"@id\":\"https:\/\/blog.zeit.de\/zeit-der-leser\/2011\/11\/12\/mein-wort-schatz-frugen\/#breadcrumb\",\"itemListElement\":[{\"@type\":\"ListItem\",\"position\":1,\"name\":\"Startseite\",\"item\":\"https:\/\/blog.zeit.de\/zeit-der-leser\/\"},{\"@type\":\"ListItem\",\"position\":2,\"name\":\"Frugen: Mein Wort-Schatz\"}]},{\"@type\":\"WebSite\",\"@id\":\"https:\/\/blog.zeit.de\/zeit-der-leser\/#website\",\"url\":\"https:\/\/blog.zeit.de\/zeit-der-leser\/\",\"name\":\"ZEIT der Leser\",\"description\":\"Ein Blog mit Ihren Notizen, Gedichten und Bildern f\u00fcr die gedruckte ZEIT\",\"potentialAction\":[{\"@type\":\"SearchAction\",\"target\":{\"@type\":\"EntryPoint\",\"urlTemplate\":\"https:\/\/blog.zeit.de\/zeit-der-leser\/?s={search_term_string}\"},\"query-input\":\"required name=search_term_string\"}],\"inLanguage\":\"de\"},{\"@type\":\"Person\",\"@id\":\"https:\/\/blog.zeit.de\/zeit-der-leser\/#\/schema\/person\/583b14e5ad6368c23af846ecbde9f20f\",\"name\":\"\\\"Zeit der Leser\\\"-Redaktion\",\"image\":{\"@type\":\"ImageObject\",\"inLanguage\":\"de\",\"@id\":\"https:\/\/blog.zeit.de\/zeit-der-leser\/#\/schema\/person\/image\/\",\"url\":\"https:\/\/secure.gravatar.com\/avatar\/e801a681bd3bbf2345131a815930b48d9f8e0a94de1346b624840dc850f67ad0?s=96&d=mm&r=g\",\"contentUrl\":\"https:\/\/secure.gravatar.com\/avatar\/e801a681bd3bbf2345131a815930b48d9f8e0a94de1346b624840dc850f67ad0?s=96&d=mm&r=g\",\"caption\":\"\\\"Zeit der Leser\\\"-Redaktion\"},\"url\":\"https:\/\/blog.zeit.de\/zeit-der-leser\/author\/zeit-der-leser-redaktion\/\"}]}<\/script>\n<!-- \/ Yoast SEO plugin. -->","yoast_head_json":{"title":"Frugen: Mein Wort-Schatz - ZEIT der Leser","robots":{"index":"index","follow":"follow","max-snippet":"max-snippet:-1","max-image-preview":"max-image-preview:large","max-video-preview":"max-video-preview:-1"},"canonical":"https:\/\/blog.zeit.de\/zeit-der-leser\/2011\/11\/12\/mein-wort-schatz-frugen\/","og_locale":"de_DE","og_type":"article","og_title":"Frugen: Mein Wort-Schatz - ZEIT der Leser","og_description":"Unsere Kinder sollen m\u00f6glichst wenig Zeit vor Fernseher oder Computer verbringen. Nach jahrelangen Diskussionen aber bekommt der \u00c4lteste doch einen Nintendo DS zu seinem neunten Geburtstag. Verdummung, Verbl\u00f6dung, mir war ganz mulmig zumute. Bis ich mich telefonisch beim Spielwarengesch\u00e4ft im Nachbarort nach einem passenden Spiel fu\u0308r dieses neue Ger\u00e4t erkundigte. Ich wurde in die Fachabteilung [&hellip;]","og_url":"https:\/\/blog.zeit.de\/zeit-der-leser\/2011\/11\/12\/mein-wort-schatz-frugen\/","og_site_name":"ZEIT der Leser","article_published_time":"2011-11-12T09:00:21+00:00","article_modified_time":"2015-02-24T16:43:11+00:00","author":"\"Zeit der Leser\"-Redaktion","twitter_card":"summary_large_image","twitter_misc":{"Geschrieben von":"\"Zeit der Leser\"-Redaktion","Gesch\u00e4tzte Lesezeit":"1\u00a0Minute"},"schema":{"@context":"https:\/\/schema.org","@graph":[{"@type":"WebPage","@id":"https:\/\/blog.zeit.de\/zeit-der-leser\/2011\/11\/12\/mein-wort-schatz-frugen\/","url":"https:\/\/blog.zeit.de\/zeit-der-leser\/2011\/11\/12\/mein-wort-schatz-frugen\/","name":"Frugen: Mein Wort-Schatz - ZEIT der Leser","isPartOf":{"@id":"https:\/\/blog.zeit.de\/zeit-der-leser\/#website"},"datePublished":"2011-11-12T09:00:21+00:00","dateModified":"2015-02-24T16:43:11+00:00","author":{"@id":"https:\/\/blog.zeit.de\/zeit-der-leser\/#\/schema\/person\/583b14e5ad6368c23af846ecbde9f20f"},"breadcrumb":{"@id":"https:\/\/blog.zeit.de\/zeit-der-leser\/2011\/11\/12\/mein-wort-schatz-frugen\/#breadcrumb"},"inLanguage":"de","potentialAction":[{"@type":"ReadAction","target":["https:\/\/blog.zeit.de\/zeit-der-leser\/2011\/11\/12\/mein-wort-schatz-frugen\/"]}]},{"@type":"BreadcrumbList","@id":"https:\/\/blog.zeit.de\/zeit-der-leser\/2011\/11\/12\/mein-wort-schatz-frugen\/#breadcrumb","itemListElement":[{"@type":"ListItem","position":1,"name":"Startseite","item":"https:\/\/blog.zeit.de\/zeit-der-leser\/"},{"@type":"ListItem","position":2,"name":"Frugen: Mein Wort-Schatz"}]},{"@type":"WebSite","@id":"https:\/\/blog.zeit.de\/zeit-der-leser\/#website","url":"https:\/\/blog.zeit.de\/zeit-der-leser\/","name":"ZEIT der Leser","description":"Ein Blog mit Ihren Notizen, Gedichten und Bildern f\u00fcr die gedruckte ZEIT","potentialAction":[{"@type":"SearchAction","target":{"@type":"EntryPoint","urlTemplate":"https:\/\/blog.zeit.de\/zeit-der-leser\/?s={search_term_string}"},"query-input":"required name=search_term_string"}],"inLanguage":"de"},{"@type":"Person","@id":"https:\/\/blog.zeit.de\/zeit-der-leser\/#\/schema\/person\/583b14e5ad6368c23af846ecbde9f20f","name":"\"Zeit der Leser\"-Redaktion","image":{"@type":"ImageObject","inLanguage":"de","@id":"https:\/\/blog.zeit.de\/zeit-der-leser\/#\/schema\/person\/image\/","url":"https:\/\/secure.gravatar.com\/avatar\/e801a681bd3bbf2345131a815930b48d9f8e0a94de1346b624840dc850f67ad0?s=96&d=mm&r=g","contentUrl":"https:\/\/secure.gravatar.com\/avatar\/e801a681bd3bbf2345131a815930b48d9f8e0a94de1346b624840dc850f67ad0?s=96&d=mm&r=g","caption":"\"Zeit der Leser\"-Redaktion"},"url":"https:\/\/blog.zeit.de\/zeit-der-leser\/author\/zeit-der-leser-redaktion\/"}]}},"jetpack_featured_media_url":"","jetpack_sharing_enabled":true,"_links":{"self":[{"href":"https:\/\/blog.zeit.de\/zeit-der-leser\/wp-json\/wp\/v2\/posts\/7656","targetHints":{"allow":["GET"]}}],"collection":[{"href":"https:\/\/blog.zeit.de\/zeit-der-leser\/wp-json\/wp\/v2\/posts"}],"about":[{"href":"https:\/\/blog.zeit.de\/zeit-der-leser\/wp-json\/wp\/v2\/types\/post"}],"author":[{"embeddable":true,"href":"https:\/\/blog.zeit.de\/zeit-der-leser\/wp-json\/wp\/v2\/users\/265"}],"replies":[{"embeddable":true,"href":"https:\/\/blog.zeit.de\/zeit-der-leser\/wp-json\/wp\/v2\/comments?post=7656"}],"version-history":[{"count":5,"href":"https:\/\/blog.zeit.de\/zeit-der-leser\/wp-json\/wp\/v2\/posts\/7656\/revisions"}],"predecessor-version":[{"id":19821,"href":"https:\/\/blog.zeit.de\/zeit-der-leser\/wp-json\/wp\/v2\/posts\/7656\/revisions\/19821"}],"wp:attachment":[{"href":"https:\/\/blog.zeit.de\/zeit-der-leser\/wp-json\/wp\/v2\/media?parent=7656"}],"wp:term":[{"taxonomy":"category","embeddable":true,"href":"https:\/\/blog.zeit.de\/zeit-der-leser\/wp-json\/wp\/v2\/categories?post=7656"},{"taxonomy":"post_tag","embeddable":true,"href":"https:\/\/blog.zeit.de\/zeit-der-leser\/wp-json\/wp\/v2\/tags?post=7656"}],"curies":[{"name":"wp","href":"https:\/\/api.w.org\/{rel}","templated":true}]}}